{"id":169658,"date":"2025-09-27T13:50:33","date_gmt":"2025-09-27T13:50:33","guid":{"rendered":"https:\/\/cordobainforma.info\/index.php\/2025\/09\/27\/lo-que-dejo-la-tormenta-en-cordoba-barrios-sin-luz-cortes-de-transito-y-arboles-caidos\/"},"modified":"2025-09-27T13:50:33","modified_gmt":"2025-09-27T13:50:33","slug":"lo-que-dejo-la-tormenta-en-cordoba-barrios-sin-luz-cortes-de-transito-y-arboles-caidos","status":"publish","type":"post","link":"http:\/\/cordobainforma.info\/index.php\/2025\/09\/27\/lo-que-dejo-la-tormenta-en-cordoba-barrios-sin-luz-cortes-de-transito-y-arboles-caidos\/","title":{"rendered":"Lo que dej\u00f3 la tormenta en <b>C\u00f3rdoba<\/b>: barrios sin luz, cortes de tr\u00e1nsito y \u00e1rboles ca\u00eddos"},"content":{"rendered":"<p>Nuevos v\u00ednculos financieros. Llaryora cerr\u00f3 su gira europea con &#8230; <b>Econom\u00eda<\/b> y Negocios &middot; El centinela ciego &middot; El Imperdible &middot; El ojo de Horus &middot; El&nbsp;&#8230; <\/p>\n","protected":false},"excerpt":{"rendered":"<p>Nuevos v\u00ednculos financieros. Llaryora cerr\u00f3 su gira europea con &#8230; Econom\u00eda y Negocios &middot; El centinela ciego &middot; El Imperdible &middot; El ojo de Horus &middot; El&nbsp;&#8230;<\/p>\n","protected":false},"author":1,"featured_media":0,"comment_status":"closed","ping_status":"closed","sticky":false,"template":"","format":"standard","meta":[],"categories":[23],"tags":[],"_links":{"self":[{"href":"http:\/\/cordobainforma.info\/index.php\/wp-json\/wp\/v2\/posts\/169658"}],"collection":[{"href":"http:\/\/cordobainforma.info\/index.php\/wp-json\/wp\/v2\/posts"}],"about":[{"href":"http:\/\/cordobainforma.info\/index.php\/wp-json\/wp\/v2\/types\/post"}],"author":[{"embeddable":true,"href":"http:\/\/cordobainforma.info\/index.php\/wp-json\/wp\/v2\/users\/1"}],"replies":[{"embeddable":true,"href":"http:\/\/cordobainforma.info\/index.php\/wp-json\/wp\/v2\/comments?post=169658"}],"version-history":[{"count":0,"href":"http:\/\/cordobainforma.info\/index.php\/wp-json\/wp\/v2\/posts\/169658\/revisions"}],"wp:attachment":[{"href":"http:\/\/cordobainforma.info\/index.php\/wp-json\/wp\/v2\/media?parent=169658"}],"wp:term":[{"taxonomy":"category","embeddable":true,"href":"http:\/\/cordobainforma.info\/index.php\/wp-json\/wp\/v2\/categories?post=169658"},{"taxonomy":"post_tag","embeddable":true,"href":"http:\/\/cordobainforma.info\/index.php\/wp-json\/wp\/v2\/tags?post=169658"}],"curies":[{"name":"wp","href":"https:\/\/api.w.org\/{rel}","templated":true}]}}