{"id":169619,"date":"2025-09-27T09:01:40","date_gmt":"2025-09-27T09:01:40","guid":{"rendered":"https:\/\/www.clarin.com\/deportes\/mundial-sub-20-chile-grandes-ausencias-nueva-tarjeta-verde-objetivo-argentina-placente-recuperar-liderazgo_0_ZP97JDiT3B.html"},"modified":"2025-09-27T09:01:40","modified_gmt":"2025-09-27T09:01:40","slug":"mundial-sub-20-de-chile-grandes-ausencias-la-nueva-tarjeta-verde-y-el-objetivo-de-la-argentina-de-placente-de-recuperar-el-liderazgo","status":"publish","type":"post","link":"http:\/\/cordobainforma.info\/index.php\/2025\/09\/27\/mundial-sub-20-de-chile-grandes-ausencias-la-nueva-tarjeta-verde-y-el-objetivo-de-la-argentina-de-placente-de-recuperar-el-liderazgo\/","title":{"rendered":"Mundial Sub-20 de Chile: grandes ausencias, la nueva tarjeta verde y el objetivo de la Argentina de Placente de recuperar el liderazgo"},"content":{"rendered":"<p><img src=\"http:\/\/cordobainforma.info\/wp-content\/uploads\/2025\/09\/mundial-sub-20-de-chile-grandes-ausencias-la-nueva-tarjeta-verde-y-el-objetivo-de-la-argentina-de-placente-de-recuperar-el-liderazgo.jpg\"><\/p>\n<div><img src=\"http:\/\/cordobainforma.info\/wp-content\/uploads\/2025\/09\/mundial-sub-20-de-chile-grandes-ausencias-la-nueva-tarjeta-verde-y-el-objetivo-de-la-argentina-de-placente-de-recuperar-el-liderazgo-2.jpg\" class=\"ff-og-image-inserted\"><\/div>\n<div id=\"element-body-0\" readability=\"68\">\n<p>La cultura de la inmediatez ha llegado al f\u00fatbol, qu\u00e9 duda cabe. Por esa raz\u00f3n, la <strong>Copa del Mundo Sub-20<\/strong> que se disputar\u00e1 desde hoy en Chile podr\u00eda denominarse como el Mundial de las ausencias. Ocurre que los j\u00f3venes futbolistas crecen a pasos agigantados y mucho antes de los 20 a\u00f1os ya se consagran en los grandes equipos del mundo. Para muestra alcanza con poner la lupa en <strong>Lamine Yamal<\/strong> (18) y en <strong>Franco Mastantuono<\/strong> (18), presente y futuro de <strong>Barcelona <\/strong>y <strong>Real Madrid<\/strong>. Pero, m\u00e1s all\u00e1 de que ser\u00e1 un campeonato juvenil devaluado, siempre existen perlas por descubrir. Y <strong>Argentina<\/strong>, dirigida por <strong>Diego Placente<\/strong> (campe\u00f3n en Malasia 1997), es una de las grandes candidatas a quedarse con el oro, por actualidad y tambi\u00e9n por historia.<\/p>\n<\/div>\n<div id=\"element-body-1\" readability=\"72\">\n<p>Seis veces levant\u00f3 el trofeo Argentina (Uni\u00f3n Sovi\u00e9tica 1979, Qatar 1995, Malasia 1997, Argentina 2001, Holanda 2005 y Canad\u00e1 2007) y se ubica en lo m\u00e1s alto del podio de los ganadores. Lo sigue Brasil, con 5, y luego asoman Portugal y Serbia. La presencia de futbolistas de la talla de <strong>Maher Carrizo<\/strong>, <strong>Gianluca Prestianni<\/strong>, <strong>Milton Delgado<\/strong>, <strong>\u00c1lvaro Montoro<\/strong>, <strong>Julio Soler<\/strong> e Ian Subiabre, entre otros, despierta ilusi\u00f3n. La Selecci\u00f3n debuta este domingo a las 20 contra Cuba en Valpara\u00edso y m\u00e1s tarde se medir\u00e1 contra Australia (mi\u00e9rcoles 1) y ante Italia (s\u00e1bado 4).<\/p>\n<\/div>\n<div id=\"element-body-2\" readability=\"65\">\n<p>Lo interesante y esperanzador en Argentina es el largo y buen proyecto que encabezan el entrenador Placente y el coordinador de Selecciones Juveniles de AFA, <strong>Bernardo Romeo<\/strong>. La idea que se gest\u00f3 fue sencilla y efectiva: que el t\u00e9cnico comience con la Sub-17 y vaya subiendo de categor\u00eda a la par de los futbolistas. As\u00ed, cuerpo t\u00e9cnico y jugadores se conocen de memoria. \u00bfGarantiza el \u00e9xito dicha cuesti\u00f3n? No, pero achica el margen de error. \u00abLo m\u00e1s importante son los procesos anteriores, que la mayor\u00eda venga y te brinde la solidez de un equipo que ya se conoce. Sabemos c\u00f3mo pueden jugar los chicos en determinadas competencias. Las bases de esta Selecci\u00f3n son del proceso de la Sub-17\u00bb, se\u00f1al\u00f3 Placente.<\/p>\n<\/div>\n<div id=\"element-body-3\" readability=\"20.084507042254\">\n<blockquote class=\"twitter-tweet\" readability=\"3.2394366197183\">\n<p lang=\"es\" dir=\"ltr\"><a href=\"https:\/\/twitter.com\/hashtag\/U20WC?src=hash&amp;ref_src=twsrc%5Etfw\">#U20WC<\/a> \u00a1Sonr\u00edan para la foto! \ud83d\ude04\ud83d\udcf8 <a href=\"https:\/\/t.co\/AGhkkLOpVf\">pic.twitter.com\/AGhkkLOpVf<\/a><\/p>\n<p>\u2014 \ud83c\udde6\ud83c\uddf7 Selecci\u00f3n Argentina \u2b50\u2b50\u2b50 (@Argentina) <a href=\"https:\/\/twitter.com\/Argentina\/status\/1971292787678249400?ref_src=twsrc%5Etfw\">September 25, 2025<\/a><\/p><\/blockquote><\/div>\n<div id=\"element-body-4\" readability=\"64\">\n<p>Pero claro que lo m\u00e1s destacado de Argentina ser\u00e1n las ausencias, esos jugadores que hicieron fuerza por estar, aunque no lograron que sus clubes los cedan por no tratarse de una fecha FIFA. Los casos m\u00e1s resonantes son los de <strong>Franco Mastantuono<\/strong> (Real Madrid), <strong>Claudio Echeverri <\/strong>(Bayer Leverkusen), <strong>Aaron Anselmino<\/strong> (Borussia Dortmund) y <strong>Valent\u00edn Carboni<\/strong> (Genoa). Y tampoco estar\u00e1n los lesionados A<strong>gust\u00edn Ruberto<\/strong> (River) y<strong> Juan Gim\u00e9nez<\/strong> (Rosario Central).<\/p>\n<\/div>\n<div id=\"element-body-5\" readability=\"64\">\n<p>\u00abEs una l\u00e1stima que se lo pierdan ellos. Hasta \u00faltimo momento estuvimos viendo con los clubes para ver si pod\u00edan venir un poquito m\u00e1s tarde. Algunos cedieron, otros no. La fecha tambi\u00e9n es mala porque muchos est\u00e1n a pr\u00e9stamos en equipos importantes. Es lo que toca, pero m\u00e1s all\u00e1 de lo que pase con el equipo, s\u00e9 que es una pena que no puedan jugar proque uno sabe lo que es vivir un Mundial Sub-20\u00bb, cont\u00f3 Placente antes de viajar a Chile.<\/p>\n<\/div>\n<div id=\"element-body-7\" readability=\"67\">\n<p>Los otros seleccionados tambi\u00e9n sufrir\u00e1n bajas de pesos. En Brasil, por ejemplo, faltar\u00e1n <strong>Vitor Roque<\/strong> (Palmeiras),<strong> Endrick<\/strong> (Real Madrid), <strong>Estevao <\/strong>(Chelsea), mientras que Espa\u00f1a deber\u00e1 sortear las ausencias de <strong>Lamine Yamal<\/strong>, <strong>Pau Cubars\u00ed<\/strong> (Barcelona) y <strong>Dean Huijsen<\/strong> (Real Madrid). Otros que faltar\u00e1n son los italianos <strong>Davide Bartesaghi<\/strong> y <strong>Lorenzo Torriani <\/strong>(Milan) y los franceses<strong> Leny Yoro<\/strong> (Manchester United), <strong>Warren Za\u00efre-Emery<\/strong> y <strong>D\u00e9sir\u00e9 Dou\u00e9<\/strong> (Par\u00eds Saint Germain).<\/p>\n<\/div>\n<div id=\"element-body-8\" readability=\"63\">\n<p>Una curiosidad es el aporte de los equipos argentinos para otras selecciones. En Paraguay estar\u00e1n Axel Balbuena (Lan\u00fas), Gadiel Paoli (Boca), Maximiliano Duarte (Independiente), en Chile Lautaro Mill\u00e1n (Independiente), y en Colombia Jhon Renter\u00eda (Sarmiento de Jun\u00edn).<\/p>\n<\/div>\n<div id=\"element-body-9\" readability=\"20.518433179724\">\n<blockquote class=\"twitter-tweet\" readability=\"5.0506912442396\">\n<p lang=\"es\" dir=\"ltr\">\ud83d\udccb\ud83c\udf0d Elyaz Zidane, convocado por Francia para disputar el Mundial sub-20 \ud83c\uddeb\ud83c\uddf7\ud83d\udd1d<\/p>\n<p>\u27a1\ufe0f <a href=\"https:\/\/t.co\/7o84rO6Xl4\">https:\/\/t.co\/7o84rO6Xl4<\/a><a href=\"https:\/\/twitter.com\/hashtag\/CanteraBetis?src=hash&amp;ref_src=twsrc%5Etfw\">#CanteraBetis<\/a> <a href=\"https:\/\/t.co\/pp95G9W4oD\">pic.twitter.com\/pp95G9W4oD<\/a><\/p>\n<p>\u2014 Real Betis Cantera (@RBetisCantera) <a href=\"https:\/\/twitter.com\/RBetisCantera\/status\/1968977658890305810?ref_src=twsrc%5Etfw\">September 19, 2025<\/a><\/p><\/blockquote><\/div>\n<div id=\"element-body-10\" readability=\"66\">\n<p>Y quedan tres perlitas. La primera es la presencia en Estados Unidos de Benjam\u00edn Cremaschi, compa\u00f1ero de Lionel Messi en Inter Miami. La segunda es la aparici\u00f3n en Francia de <strong>Elyaz Zidane<\/strong>, el hijo menor de Zinedine. \u00bfDe qu\u00e9 juega? Es marcador central, mide 194 cent\u00edmetros, se form\u00f3 en Real Madrid y en 2024 pas\u00f3 a Betis. Y por \u00faltimo, en Ucrania jugar\u00e1 <strong>Kristian Shevchenko<\/strong> (extremo derecho que milita en Watford de Inglaterra), sucesor del goleador Andriy.<\/p>\n<\/div>\n<div id=\"element-body-11\" readability=\"61\">\n<p>Buscar\u00e1 entonces Argentina seguir escribiendo m\u00e1s cap\u00edtulos de gloria en el libro de los mundiales Sub-20. Se repite: nadie gan\u00f3 m\u00e1s torneos que el elenco nacional. Pero existe una marca negativa por desterrar: la \u00faltima vez que alz\u00f3 el trofeo fue en el ya lejano 2007, con Hugo Tocalli como entrenador y \u00c1ngel Di Mar\u00eda y Sergio Ag\u00fcero como figuras.<\/p>\n<\/div>\n","protected":false},"excerpt":{"rendered":"<p>La cultura de la inmediatez ha llegado al f\u00fatbol, qu\u00e9 duda cabe. Por esa raz\u00f3n, la Copa del Mundo Sub-20 que se disputar\u00e1 desde hoy en Chile podr\u00eda denominarse como el Mundial de las ausencias. Ocurre que los j\u00f3venes futbolistas crecen a pasos agigantados y mucho antes de los 20 a\u00f1os ya se consagran en [&hellip;]<\/p>\n","protected":false},"author":1,"featured_media":169620,"comment_status":"closed","ping_status":"closed","sticky":false,"template":"","format":"standard","meta":[],"categories":[20],"tags":[],"_links":{"self":[{"href":"http:\/\/cordobainforma.info\/index.php\/wp-json\/wp\/v2\/posts\/169619"}],"collection":[{"href":"http:\/\/cordobainforma.info\/index.php\/wp-json\/wp\/v2\/posts"}],"about":[{"href":"http:\/\/cordobainforma.info\/index.php\/wp-json\/wp\/v2\/types\/post"}],"author":[{"embeddable":true,"href":"http:\/\/cordobainforma.info\/index.php\/wp-json\/wp\/v2\/users\/1"}],"replies":[{"embeddable":true,"href":"http:\/\/cordobainforma.info\/index.php\/wp-json\/wp\/v2\/comments?post=169619"}],"version-history":[{"count":0,"href":"http:\/\/cordobainforma.info\/index.php\/wp-json\/wp\/v2\/posts\/169619\/revisions"}],"wp:featuredmedia":[{"embeddable":true,"href":"http:\/\/cordobainforma.info\/index.php\/wp-json\/wp\/v2\/media\/169620"}],"wp:attachment":[{"href":"http:\/\/cordobainforma.info\/index.php\/wp-json\/wp\/v2\/media?parent=169619"}],"wp:term":[{"taxonomy":"category","embeddable":true,"href":"http:\/\/cordobainforma.info\/index.php\/wp-json\/wp\/v2\/categories?post=169619"},{"taxonomy":"post_tag","embeddable":true,"href":"http:\/\/cordobainforma.info\/index.php\/wp-json\/wp\/v2\/tags?post=169619"}],"curies":[{"name":"wp","href":"https:\/\/api.w.org\/{rel}","templated":true}]}}