{"id":169617,"date":"2025-09-27T09:01:41","date_gmt":"2025-09-27T09:01:41","guid":{"rendered":"https:\/\/www.clarin.com\/deportes\/nico-paz-joven-maravilla-serie-real-madrid-podria-recuperar-compita-mastantuono_0_jleOvt7gw3.html"},"modified":"2025-09-27T09:01:41","modified_gmt":"2025-09-27T09:01:41","slug":"nico-paz-el-joven-maravilla-del-como-en-la-serie-a-que-real-madrid-podria-recuperar-para-que-compita-con-mastantuono","status":"publish","type":"post","link":"http:\/\/cordobainforma.info\/index.php\/2025\/09\/27\/nico-paz-el-joven-maravilla-del-como-en-la-serie-a-que-real-madrid-podria-recuperar-para-que-compita-con-mastantuono\/","title":{"rendered":"Nico Paz, el joven maravilla del Como en la Serie A que Real Madrid podr\u00eda recuperar para que compita con Mastantuono"},"content":{"rendered":"<p><img src=\"http:\/\/cordobainforma.info\/wp-content\/uploads\/2025\/09\/nico-paz-el-joven-maravilla-del-como-en-la-serie-a-que-real-madrid-podria-recuperar-para-que-compita-con-mastantuono.jpg\"><\/p>\n<div><img src=\"http:\/\/cordobainforma.info\/wp-content\/uploads\/2025\/09\/nico-paz-el-joven-maravilla-del-como-en-la-serie-a-que-real-madrid-podria-recuperar-para-que-compita-con-mastantuono-2.jpg\" class=\"ff-og-image-inserted\"><\/div>\n<div id=\"element-body-0\" readability=\"64\">\n<p>Despu\u00e9s de veinte a\u00f1os de ausencia, el <strong>Como 1907<\/strong> volvi\u00f3 a la \u00e9lite en la temporada 2023-2024, y tras una temporada en la que logr\u00f3 estabilidad en la Serie A ahora se encuentra en la <strong>octava <\/strong>posici\u00f3n tras las primeras cuatro fechas y se ilusiona con <strong>clasificarse<\/strong> a las competiciones europeas del pr\u00f3ximo curso. El mediocampista argentino <strong>Nicol\u00e1s Paz<\/strong> es una pieza clave para <strong>Cesc F\u00e1bregas<\/strong>, el entrenador del equipo, quien incluso lleg\u00f3 a <strong>compararlo con Lionel Messi<\/strong>.<\/p>\n<\/div>\n<div id=\"element-body-1\" readability=\"63\">\n<p>Paz marc\u00f3 un total de <strong>seis goles<\/strong> y reparti\u00f3 nueve asistencias durante la temporada pasada y fue elegido mejor jugador Sub 23 de la liga italiana. Desde el arranque de la temporada 2025-2026, ya consigui\u00f3 <strong>dos anotaciones<\/strong> y tres pases de gol. Sus n\u00fameros lo colocan como un <strong>posible merecedor del t\u00edtulo <\/strong>de <strong>mejor jugador del mes<\/strong> de la Serie A, <em>que hasta el momento se define entre <\/em><strong><em>Scott McTominay<\/em><\/strong><em>, <\/em><strong><em>Luka Modric <\/em><\/strong><em>o <\/em><strong><em>Christian Pulisic<\/em><\/strong>.<\/p>\n<\/div>\n<div id=\"element-body-2\" readability=\"60\">\n<p>Este s\u00e1bado, el Como abrir\u00e1 la <strong>quinta jornada de la liga<\/strong> con un partido de local ante <strong>Cremonese<\/strong> (que se ubica en la sexta posici\u00f3n de la tabla) en el <strong>Giuseppe Sinigaglia<\/strong> y los captadores de varios <strong>clubes europeos<\/strong> estar\u00e1n muy pendientes de su actuaci\u00f3n.<\/p>\n<\/div>\n<div id=\"element-body-3\" readability=\"18.6\">\n<blockquote class=\"twitter-tweet\" readability=\"3\">\n<p lang=\"es\" dir=\"ltr\">Cada d\u00eda estamos m\u00e1s enamorados de Nico Paz \ud83d\ude0d<a href=\"https:\/\/twitter.com\/hashtag\/ComoGenoa?src=hash&amp;ref_src=twsrc%5Etfw\">#ComoGenoa<\/a> <a href=\"https:\/\/t.co\/R9xMvROI6k\">pic.twitter.com\/R9xMvROI6k<\/a><\/p>\n<p>\u2014 Lega Serie A (@SerieA_ES) <a href=\"https:\/\/twitter.com\/SerieA_ES\/status\/1967913860435939612?ref_src=twsrc%5Etfw\">September 16, 2025<\/a><\/p><\/blockquote><\/div>\n<div id=\"element-body-4\" readability=\"65\">\n<p>El fen\u00f3meno de 21 a\u00f1os naci\u00f3 en las<strong> <\/strong>Islas Canarias, <strong>Espa\u00f1a<\/strong>, el 8 de septiembre de 2004 y es hijo del ex internacional argentino <strong>Pablo Paz<\/strong>, que jug\u00f3 el Mundial de Francia 1998. Nicol\u00e1s se form\u00f3 en <strong>Real Madrid<\/strong>, pero su eclosi\u00f3n internacional se dio en agosto de 2024 con el Como. Ahora, todos quieren ver en vivo al joven que ha generado revuelo en Italia y fuera de ella y que deslumbra con sus regates y visi\u00f3n de juego.<\/p>\n<\/div>\n<div id=\"element-body-5\" readability=\"60\">\n<p>Por el momento, Nico Paz est\u00e1 cumpliendo a un alto nivel. El pasado fin de semana coloc\u00f3<strong> dos asistencias perfectas<\/strong> para Marc-Oliver Kempf (65&#8242;) y Jayden Addai (90+4&#8242;) durante la victoria del Como sobre Fiorentina que le permiti\u00f3 al equipo volver a escalar posiciones en la tabla.<\/p>\n<\/div>\n<div id=\"element-body-6\" readability=\"19.082568807339\">\n<blockquote class=\"twitter-tweet\" readability=\"4.1743119266055\">\n<p lang=\"pt\" dir=\"ltr\">Nico Paz vs. Fiorentina (A)<\/p>\n<p>2 assists. \ud83d\udc8e <a href=\"https:\/\/t.co\/8eEMEKkAnN\">pic.twitter.com\/8eEMEKkAnN<\/a><\/p>\n<p>\u2014 Drix (@drixprods) <a href=\"https:\/\/twitter.com\/drixprods\/status\/1969849349938287041?ref_src=twsrc%5Etfw\">September 21, 2025<\/a><\/p><\/blockquote><\/div>\n<div id=\"element-body-7\" readability=\"63\">\n<p>Los m\u00e1s entusiastas en Italia se han animado incluso a compararlo con <strong>Lionel Messi<\/strong>, empezando por F\u00e1bregas, quien compartiera equipo con el rosarino en Barcelona y hoy conduce al Como. \u00ab<em>Todos los equipos que se med\u00edan al Barcelona no quer\u00edan que Messi tocara el bal\u00f3n y \u00e9l marcaba a\u00fan as\u00ed tres goles (&#8230;) Nuestros rivales <\/em><strong><em>no quieren que Nico toque el bal\u00f3n<\/em><\/strong><em> y aun as\u00ed ha sido decisivo<\/em>\u00ab, se enorgulleci\u00f3 el ex mediocampista catal\u00e1n de <strong>Arsenal<\/strong>.<\/p>\n<\/div>\n<div id=\"element-body-8\" readability=\"64\">\n<p>Lionel Scaloni le puso el ojo y lo convoc\u00f3 por primera vez a la Selecci\u00f3n Argentina en la doble fecha de Eliminatorias de octubre del a\u00f1o pasado. Fue al banco ante Venezuela y debut\u00f3 en la clasificaci\u00f3n en el 6-0 ante Bolivia, donde tir\u00f3 una pared con Messi que luego defini\u00f3 para sellar su hat-trick y el marcador. En total, Paz ya disput\u00f3 cuatro partidos con la Mayor, uno de titular en el triunfo por 1-0 ante Chile, en Santiago.<\/p>\n<\/div>\n<div id=\"element-body-9\" readability=\"63\">\n<p>\u00ab<em>Todos le miran de manera diferente ahora. Es un reto nuevo para \u00e9l y tambi\u00e9n para nosotros<\/em>\u00ab, agreg\u00f3. Aunque el Como es un equipo que apuesta por la juventud y el argentino finalmente ha logrado acomodarse all\u00ed, la posibilidad de su <strong>regreso al Real Madrid <\/strong>recorri\u00f3 los portales de noticias durante los \u00faltimos d\u00edas, incluso lleg\u00f3 a ser tapa del diario AS de Espa\u00f1a.<\/p>\n<\/div>\n<div id=\"element-body-11\" readability=\"63\">\n<p>\u00c1lvaro Morata, capit\u00e1n de la Espa\u00f1a campeona de la Eurocopa 2024, se refiri\u00f3 al futuro de Nico Paz:<em> \u00abEs uno de esos jugadores que son <\/em><strong><em>diferentes al resto<\/em><\/strong><em>. Si tengo un consejo que darle, es que clasifique al Como para Europa y luego que haga lo que el coraz\u00f3n le dicte<\/em>\u00ab, coment\u00f3.<\/p>\n<\/div>\n<div id=\"element-body-12\" readability=\"64\">\n<p>Fue adquirido por seis millones de euros, y ahora est\u00e1 <strong>valorado en 35 millones <\/strong>(40,9 millones de d\u00f3lares)<em> seg\u00fan la web especializada Transfermarkt. <\/em>El regreso al Real Madrid entrar\u00eda dentro de toda l\u00f3gica, ya que Paz se form\u00f3 all\u00ed desde los 12 a los 19 a\u00f1os y la entidad merengue dispone de una cl\u00e1usula de recompra de 10 millones de euros (11,6 millones de d\u00f3lares).<\/p>\n<\/div>\n<div id=\"element-body-14\" readability=\"62\">\n<p>Lo cierto es que aunque el Como ya tiene un proyecto ambicioso para \u00e9l, podr\u00eda quedarle peque\u00f1o en comparaci\u00f3n con un eventual regreso a Madrid. En la entidad de la capital espa\u00f1ola Franco Mastantuono est\u00e1 cumpliendo con sus primeras presentaciones y ya marc\u00f3 su primer gol, el \u00faltimo mi\u00e9rcoles ante Levante. Paz podr\u00eda llegar al Real Madrid para competir con el ex River que fue adquirido por 50 millones de d\u00f3lares.<\/p>\n<\/div>\n","protected":false},"excerpt":{"rendered":"<p>Despu\u00e9s de veinte a\u00f1os de ausencia, el Como 1907 volvi\u00f3 a la \u00e9lite en la temporada 2023-2024, y tras una temporada en la que logr\u00f3 estabilidad en la Serie A ahora se encuentra en la octava posici\u00f3n tras las primeras cuatro fechas y se ilusiona con clasificarse a las competiciones europeas del pr\u00f3ximo curso. El [&hellip;]<\/p>\n","protected":false},"author":1,"featured_media":169618,"comment_status":"closed","ping_status":"closed","sticky":false,"template":"","format":"standard","meta":[],"categories":[20],"tags":[],"_links":{"self":[{"href":"http:\/\/cordobainforma.info\/index.php\/wp-json\/wp\/v2\/posts\/169617"}],"collection":[{"href":"http:\/\/cordobainforma.info\/index.php\/wp-json\/wp\/v2\/posts"}],"about":[{"href":"http:\/\/cordobainforma.info\/index.php\/wp-json\/wp\/v2\/types\/post"}],"author":[{"embeddable":true,"href":"http:\/\/cordobainforma.info\/index.php\/wp-json\/wp\/v2\/users\/1"}],"replies":[{"embeddable":true,"href":"http:\/\/cordobainforma.info\/index.php\/wp-json\/wp\/v2\/comments?post=169617"}],"version-history":[{"count":0,"href":"http:\/\/cordobainforma.info\/index.php\/wp-json\/wp\/v2\/posts\/169617\/revisions"}],"wp:featuredmedia":[{"embeddable":true,"href":"http:\/\/cordobainforma.info\/index.php\/wp-json\/wp\/v2\/media\/169618"}],"wp:attachment":[{"href":"http:\/\/cordobainforma.info\/index.php\/wp-json\/wp\/v2\/media?parent=169617"}],"wp:term":[{"taxonomy":"category","embeddable":true,"href":"http:\/\/cordobainforma.info\/index.php\/wp-json\/wp\/v2\/categories?post=169617"},{"taxonomy":"post_tag","embeddable":true,"href":"http:\/\/cordobainforma.info\/index.php\/wp-json\/wp\/v2\/tags?post=169617"}],"curies":[{"name":"wp","href":"https:\/\/api.w.org\/{rel}","templated":true}]}}