{"id":169615,"date":"2025-09-27T02:36:40","date_gmt":"2025-09-27T02:36:40","guid":{"rendered":"https:\/\/somoscordobeses.com\/2025\/09\/26\/volvio-el-cepo-el-gobierno-limito-la-compra-de-dolares\/"},"modified":"2025-09-27T02:36:40","modified_gmt":"2025-09-27T02:36:40","slug":"volvio-el-cepo-el-gobierno-limito-la-compra-de-dolares","status":"publish","type":"post","link":"http:\/\/cordobainforma.info\/index.php\/2025\/09\/27\/volvio-el-cepo-el-gobierno-limito-la-compra-de-dolares\/","title":{"rendered":"Volvi\u00f3 el cepo: el gobierno limit\u00f3 la compra de d\u00f3lares"},"content":{"rendered":"<div><img src=\"http:\/\/cordobainforma.info\/wp-content\/uploads\/2025\/09\/volvio-el-cepo-el-gobierno-limito-la-compra-de-dolares.jpg\" class=\"ff-og-image-inserted\"><\/div>\n<p>El Gobierno nacional volvi\u00f3 a imponer <strong>restricciones <\/strong>al acceso a la moneda extranjera.&nbsp;<\/p>\n<p>Desde este viernes, las personas que compren <strong>d\u00f3lar oficial<\/strong> no podr\u00e1n operar en los mercados financieros, como MEP o contado con liquidaci\u00f3n, y quienes lo hagan por esa v\u00eda tampoco podr\u00e1n acudir al mercado oficial, por al menos 90 d\u00edas.<\/p>\n<p>La decisi\u00f3n del <strong>Banco Central<\/strong> impone el cepo cambiario para individuos, que hab\u00eda sido flexibilizado en abril pasado. En aquel momento, la restricci\u00f3n se hab\u00eda levantado para personas humanas, pero se mantuvo para empresas.<\/p>\n<p><mark><strong>La nueva medida llega para frenar \u201crulos\u201d con el contado con liquidaci\u00f3n y el MEP.&nbsp;<\/strong><\/mark><\/p>\n<figure data-tadevel-template=\"web\/multimedia\" data-type=\"photo\"> <\/figure>\n<p>Durante la \u00faltima semana, ya se hab\u00edan fijado l\u00edmites similares para directivos y empleados de entidades financieras. Ahora<strong> la restricci\u00f3n alcanza a todos los compradores de divisas<\/strong>, con el objetivo de reducir la <strong>especulaci\u00f3n <\/strong>y acumular <strong>reservas<\/strong>.<\/p>\n<p>El refuerzo de d\u00f3lares en las arcas del Banco Central y del Tesoro forma parte de los compromisos asumidos con el FMI, en el marco del nuevo acuerdo con los Estados Unidos.<\/p>\n","protected":false},"excerpt":{"rendered":"<p>El Gobierno nacional volvi\u00f3 a imponer restricciones al acceso a la moneda extranjera.&nbsp; Desde este viernes, las personas que compren d\u00f3lar oficial no podr\u00e1n operar en los mercados financieros, como MEP o contado con liquidaci\u00f3n, y quienes lo hagan por esa v\u00eda tampoco podr\u00e1n acudir al mercado oficial, por al menos 90 d\u00edas. La decisi\u00f3n [&hellip;]<\/p>\n","protected":false},"author":1,"featured_media":169616,"comment_status":"closed","ping_status":"closed","sticky":false,"template":"","format":"standard","meta":[],"categories":[2],"tags":[],"_links":{"self":[{"href":"http:\/\/cordobainforma.info\/index.php\/wp-json\/wp\/v2\/posts\/169615"}],"collection":[{"href":"http:\/\/cordobainforma.info\/index.php\/wp-json\/wp\/v2\/posts"}],"about":[{"href":"http:\/\/cordobainforma.info\/index.php\/wp-json\/wp\/v2\/types\/post"}],"author":[{"embeddable":true,"href":"http:\/\/cordobainforma.info\/index.php\/wp-json\/wp\/v2\/users\/1"}],"replies":[{"embeddable":true,"href":"http:\/\/cordobainforma.info\/index.php\/wp-json\/wp\/v2\/comments?post=169615"}],"version-history":[{"count":0,"href":"http:\/\/cordobainforma.info\/index.php\/wp-json\/wp\/v2\/posts\/169615\/revisions"}],"wp:featuredmedia":[{"embeddable":true,"href":"http:\/\/cordobainforma.info\/index.php\/wp-json\/wp\/v2\/media\/169616"}],"wp:attachment":[{"href":"http:\/\/cordobainforma.info\/index.php\/wp-json\/wp\/v2\/media?parent=169615"}],"wp:term":[{"taxonomy":"category","embeddable":true,"href":"http:\/\/cordobainforma.info\/index.php\/wp-json\/wp\/v2\/categories?post=169615"},{"taxonomy":"post_tag","embeddable":true,"href":"http:\/\/cordobainforma.info\/index.php\/wp-json\/wp\/v2\/tags?post=169615"}],"curies":[{"name":"wp","href":"https:\/\/api.w.org\/{rel}","templated":true}]}}