{"id":169613,"date":"2025-09-27T02:37:20","date_gmt":"2025-09-27T02:37:20","guid":{"rendered":"https:\/\/somoscordobeses.com\/2025\/09\/26\/estas-pensando-en-contratar-un-seguro-por-dias-resolvemos-todas-tus-dudas\/"},"modified":"2025-09-27T02:37:20","modified_gmt":"2025-09-27T02:37:20","slug":"estas-pensando-en-contratar-un-seguro-por-dias-resolvemos-todas-tus-dudas","status":"publish","type":"post","link":"http:\/\/cordobainforma.info\/index.php\/2025\/09\/27\/estas-pensando-en-contratar-un-seguro-por-dias-resolvemos-todas-tus-dudas\/","title":{"rendered":"Est\u00e1s pensando en contratar un seguro por d\u00edas? Resolvemos todas tus dudas"},"content":{"rendered":"<div><img src=\"http:\/\/cordobainforma.info\/wp-content\/uploads\/2025\/09\/estas-pensando-en-contratar-un-seguro-por-dias-resolvemos-todas-tus-dudas.jpg\" class=\"ff-og-image-inserted\"><\/div>\n<p>El seguro por d\u00edas, <strong>aunque es una f\u00f3rmula cada vez m\u00e1s utilizada, todav\u00eda despierta algunas cuestiones <\/strong>para los usuarios. Por ello, en el d\u00eda de hoy traemos algunas de las dudas m\u00e1s frecuentes para los conductores espa\u00f1oles, de cara a poder contratar este tipo de seguros sin problema:<\/p>\n<h3>\u00bfCu\u00e1ntos d\u00edas se puede contratar un seguro temporal?<\/h3>\n<p>Los seguros por d\u00edas pueden contratarse <strong>desde solo 1 d\u00eda<\/strong> <strong>hasta un m\u00e1ximo de 90 d\u00edas consecutivos<\/strong>. Con el seguro por d\u00edas solo se paga por los d\u00edas que uno necesita, sin cuotas anuales <strong>ni gastos fijos<\/strong>.<\/p>\n<figure data-aida-image readability=\"1\"><picture><source media=\"(min-width:640.1px)\" type=\"image\/webp\" width=\"2000.0\" height=\"1335.0\"><source media=\"(min-width: 320.1px) and (max-width: 640px)\" type=\"image\/webp\" width=\"640.0\" height=\"427.0\"><source media=\"(max-width: 320px)\" type=\"image\/webp\" width=\"320.0\" height=\"214.0\"><source media=\"(min-width:640.1px)\" type=\"image\/jpeg\" width=\"2000.0\" height=\"1335.0\" data-aida-photoclipping><source media=\"(min-width: 320.1px) and (max-width: 640px)\" type=\"image\/jpeg\" width=\"640.0\" height=\"427.0\" data-aida-photoclipping><source media=\"(max-width: 320px)\" type=\"image\/jpeg\" width=\"320.0\" height=\"214.0\" data-aida-photoclipping><\/picture><figcaption data-aida-caption readability=\"2\">\n<p>El seguro por d\u00edas no tiene permanencia <span data-aida-captionauthor> \/ Freepik<\/span><\/p>\n<\/figcaption><\/figure>\n<h3> \u00bfQu\u00e9 tipo de veh\u00edculos pueden asegurarse por d\u00edas?<\/h3>\n<p>Una de las grandes ventajas de este seguro temporal es que <strong>no se limita a turismos convencionales<\/strong>. Esta modalidad est\u00e1 dise\u00f1ada para cubrir pr\u00e1cticamente cualquier tipo de veh\u00edculo a motor, siempre que est\u00e9 matriculado y tenga la documentaci\u00f3n en regla.&nbsp;<\/p>\n<p>As\u00ed, se puede contratar para <strong>coches, motos, furgonetas, camiones, remolques, autocaravanas, microcars, quads y veh\u00edculos con matr\u00edcula temporal<\/strong>. Tambi\u00e9n resulta \u00fatil para veh\u00edculos menos comunes como <strong>coches hist\u00f3ricos o cl\u00e1sicos<\/strong>, que solo circulan en exhibiciones.&nbsp;<\/p>\n<h3> \u00bfCu\u00e1ndo entra en vigor la p\u00f3liza?<\/h3>\n<p>En la mayor\u00eda de los casos<strong>, el seguro por d\u00edas entra en vigor de inmediato tras la contrataci\u00f3n<\/strong>. La fecha de inicio aparecer\u00e1 reflejada en la p\u00f3liza y suele ser efectiva desde el mismo d\u00eda de pago, pero <strong>conviene informarse al respecto<\/strong>.<\/p>\n<h3> \u00bfSe puede asegurar un coche del que no eres propietario?<\/h3>\n<p>Es posible asegurar <strong>un veh\u00edculo alquilado, prestado o incluso reci\u00e9n comprado <\/strong>que a\u00fan no est\u00e1 a nuestro nombre.<\/p>\n<figure data-aida-image readability=\"1.5\"><picture><source media=\"(min-width:640.1px)\" type=\"image\/webp\" width=\"1800.0\" height=\"1013.0\"><source media=\"(min-width: 320.1px) and (max-width: 640px)\" type=\"image\/webp\" width=\"640.0\" height=\"360.0\"><source media=\"(max-width: 320px)\" type=\"image\/webp\" width=\"320.0\" height=\"180.0\"><source media=\"(min-width:640.1px)\" type=\"image\/jpeg\" width=\"1800.0\" height=\"1013.0\" data-aida-photoclipping><source media=\"(min-width: 320.1px) and (max-width: 640px)\" type=\"image\/jpeg\" width=\"640.0\" height=\"360.0\" data-aida-photoclipping><source media=\"(max-width: 320px)\" type=\"image\/jpeg\" width=\"320.0\" height=\"180.0\" data-aida-photoclipping><\/picture><figcaption data-aida-caption readability=\"3\">\n<p>Es posible asegurar un veh\u00edculo alquilado, prestado o incluso reci\u00e9n comprado <span data-aida-captionauthor> \/ Freepik<\/span><\/p>\n<\/figcaption><\/figure>\n<h3> \u00bfNos pueden multar si hemos contratado el seguro por d\u00edas y no aparece en FIVA?<\/h3>\n<p><strong>No, no nos pueden multar por no aparecer en el FIVA si tenemos un seguro de coche por d\u00edas y el seguro est\u00e1 activo<\/strong>. El FIVA (Fichero Informativo de Veh\u00edculos Asegurados) puede tardar en actualizarse, pero nuestro seguro es v\u00e1lido <strong>desde el momento de su contrataci\u00f3n<\/strong>. Si nos multan, podemos recurrir la multa presentando la <strong>p\u00f3liza y la documentaci\u00f3n del seguro.<\/strong><\/p>\n<h3> \u00bfSe pueden asegurar veh\u00edculos con matr\u00edcula temporal?<\/h3>\n<p>Los seguros por d\u00edas <strong>tambi\u00e9n engloban este tipo de matr\u00edculas<\/strong>. Una situaci\u00f3n que se da, por ejemplo, durante el proceso de <strong>compra de un coche nuevo<\/strong>.<\/p>\n<h3> \u00bfExiste permanencia en este tipo de seguros?<\/h3>\n<p><strong>El seguro por d\u00edas<\/strong> <strong>no tiene permanencia<\/strong>. Finalizado el periodo contratado, el seguro se cancela autom\u00e1ticamente, <strong>sin renovaciones autom\u00e1ticas<\/strong> ni compromisos a largo plazo.<\/p>\n<h3> \u00bfHay que ir a una oficina para contratar el seguro por d\u00edas?<\/h3>\n<p><strong>No. La contrataci\u00f3n es r\u00e1pida y<\/strong> <strong>se puede hacer 100% online<\/strong>. Podemos obtener nuestra p\u00f3liza en menos de cinco minutos desde cualquier dispositivo, <strong>sin papeleos ni desplazamientos.<\/strong><\/p>\n","protected":false},"excerpt":{"rendered":"<p>El seguro por d\u00edas, aunque es una f\u00f3rmula cada vez m\u00e1s utilizada, todav\u00eda despierta algunas cuestiones para los usuarios. Por ello, en el d\u00eda de hoy traemos algunas de las dudas m\u00e1s frecuentes para los conductores espa\u00f1oles, de cara a poder contratar este tipo de seguros sin problema: \u00bfCu\u00e1ntos d\u00edas se puede contratar un seguro [&hellip;]<\/p>\n","protected":false},"author":1,"featured_media":169614,"comment_status":"closed","ping_status":"closed","sticky":false,"template":"","format":"standard","meta":[],"categories":[2],"tags":[],"_links":{"self":[{"href":"http:\/\/cordobainforma.info\/index.php\/wp-json\/wp\/v2\/posts\/169613"}],"collection":[{"href":"http:\/\/cordobainforma.info\/index.php\/wp-json\/wp\/v2\/posts"}],"about":[{"href":"http:\/\/cordobainforma.info\/index.php\/wp-json\/wp\/v2\/types\/post"}],"author":[{"embeddable":true,"href":"http:\/\/cordobainforma.info\/index.php\/wp-json\/wp\/v2\/users\/1"}],"replies":[{"embeddable":true,"href":"http:\/\/cordobainforma.info\/index.php\/wp-json\/wp\/v2\/comments?post=169613"}],"version-history":[{"count":0,"href":"http:\/\/cordobainforma.info\/index.php\/wp-json\/wp\/v2\/posts\/169613\/revisions"}],"wp:featuredmedia":[{"embeddable":true,"href":"http:\/\/cordobainforma.info\/index.php\/wp-json\/wp\/v2\/media\/169614"}],"wp:attachment":[{"href":"http:\/\/cordobainforma.info\/index.php\/wp-json\/wp\/v2\/media?parent=169613"}],"wp:term":[{"taxonomy":"category","embeddable":true,"href":"http:\/\/cordobainforma.info\/index.php\/wp-json\/wp\/v2\/categories?post=169613"},{"taxonomy":"post_tag","embeddable":true,"href":"http:\/\/cordobainforma.info\/index.php\/wp-json\/wp\/v2\/tags?post=169613"}],"curies":[{"name":"wp","href":"https:\/\/api.w.org\/{rel}","templated":true}]}}