{"id":168995,"date":"2025-09-21T11:08:29","date_gmt":"2025-09-21T11:08:29","guid":{"rendered":"https:\/\/www.mujerhoy.com\/vivir\/bienestar\/sonia-diaz-rois-experta-gestion-ira-discusion-expresar-sentimientos-reaccionar-sin-filtro-20250921124735-nt.html"},"modified":"2025-09-21T11:08:29","modified_gmt":"2025-09-21T11:08:29","slug":"sonia-diaz-rois-experta-en-gestion-de-la-ira-expresar-lo-que-sientes-no-es-lo-mismo-que-reaccionar-sin-filtro","status":"publish","type":"post","link":"http:\/\/cordobainforma.info\/index.php\/2025\/09\/21\/sonia-diaz-rois-experta-en-gestion-de-la-ira-expresar-lo-que-sientes-no-es-lo-mismo-que-reaccionar-sin-filtro\/","title":{"rendered":"Sonia D\u00edaz Rois, experta en gesti\u00f3n de la ira: \u00abExpresar lo que sientes no es lo mismo que reaccionar sin filtro\u00bb"},"content":{"rendered":"<div class=\"media_block\"><\/div>\n<p><!-- AUTHOR --><\/p>\n<div class=\"voc-author-timesocial \">\n<!-- AUTHOR --><\/p>\n<div class=\"voc-author-timesocial__signature \">\n<!-- IMAGE AUTHOR -->\n<picture class=\"voc-image-signature\">\n<img class=\"voc-image-signature__img\" src=\"http:\/\/cordobainforma.info\/wp-content\/uploads\/2025\/09\/sonia-diaz-rois-experta-en-gestion-de-la-ira-expresar-lo-que-sientes-no-es-lo-mismo-que-reaccionar-sin-filtro.jpg\" alt=\"Sara Flamenco\">\n<\/picture>\n<!-- INFO AUTHOR --> <\/div><\/div>\n<p><!-- COMPONENTS --><\/p>\n<p class=\"voc-paragraph\">Cu\u00e1ntas veces, tras terminar <a href=\"https:\/\/www.mujerhoy.com\/vivir\/psicologia\/como-evitar-pelea-frases-funcionan-cortar-discusion-acabar-enfrentamiento-20230613082823-nt.html\" data-voc-vtm-id=\"in-text-traffic\" title=\"una discusi\u00f3n especialmente intensa\" data-mrf-link=\"www.mujerhoy.com\">una discusi\u00f3n especialmente intensa<\/a>, no tienes ni idea de lo que has dicho. O pero a\u00fan, s\u00ed tienes idea, pero sabes a ciencia cierta que <strong>lo que has dicho no es lo que quer\u00edas decir<\/strong>. Eso es algo muy com\u00fan, y es que cuando te enfadas, la ira te lleva a reaccionar sin pensar, para tratar de mostrar una fuerza que, en realidad, no sientes.<\/p>\n<p class=\"voc-paragraph\"><strong>Sonia D\u00edaz Rois, mentora y coach<\/strong> especializada en <a href=\"https:\/\/www.mujerhoy.com\/vivir\/psicologia\/como-gestionar-ira-mejorar-relaciones-segun-psicologos-20240113102036-nt.html\" data-voc-vtm-id=\"in-text-traffic\" title=\"gesti\u00f3n del enfado\" data-mrf-link=\"www.mujerhoy.com\">gesti\u00f3n del enfado<\/a> y autora de Y si me enfado, \u00bfqu\u00e9?, asegura que esto es normal, y lo achaca a que no sabemos diferenciar entre responder con claridad y reaccionar sin filtro. \u00abA menudo creemos que estamos expresando lo que sentimos con claridad, cuando en realidad estamos <strong>reaccionando sin filtro<\/strong>\u00ab, afirma D\u00edaz Rois. Y esta confusi\u00f3n es una de las principales causas de conflicto en las relaciones y de malestar emocional en la vida cotidiana.<\/p>\n<div class=\"v-c-cmp v-c-cmp--t1 \">\n<div class=\"v-cmp-rld v-cmp-rld--2 \">\n<div class=\"v-cnt-m v-cnt-m--m\">\n<div class=\"v-cnt-m__c\">\n<div class=\"v-cnt-m__w v-cnt-m__w--1\">\n<p class=\"v-cnt-m__t\">\nTAMBI\u00c9N TE INTERESA\n<\/p>\n<\/div>\n<\/div>\n<\/div>\n<div class=\"v-g v-g--2-c v-g--bdr-min-xs\">\n<div class=\"v-g__c \">\n<article class=\"v-a v-a--cmp-rld v-a--cmp-rld-2 v-a--p-l\">\n<div class=\"v-a-img-c\">\n<figure class=\"v-a-fig\">\n<a href=\"https:\/\/www.mujerhoy.com\/vivir\/psicologia\/frases-discusion-pelea-psicologa-maria-esclapez-20250605084608-nt.html#vtm_modulosEngag=mod-rel:vivir:noticia:1:cmp:2-not\" class=\"v-a-link\" title=\"Las frases que jam\u00e1s deber\u00edas decir en una discusi\u00f3n si no quieres que acabe en pelea, seg\u00fan la psic\u00f3loga Mar\u00eda Esclapez\"><br \/>\n<img loading=\"lazy\" class=\"v-a-img\" src=\"http:\/\/cordobainforma.info\/wp-content\/uploads\/2025\/09\/sonia-diaz-rois-experta-en-gestion-de-la-ira-expresar-lo-que-sientes-no-es-lo-mismo-que-reaccionar-sin-filtro-1.jpg\" alt=\"Las frases que jam\u00e1s deber\u00edas decir en una discusi\u00f3n si no quieres que acabe en pelea, seg\u00fan la psic\u00f3loga Mar\u00eda Esclapez\"><br \/>\n<\/a><br \/>\n<\/figure>\n<\/div>\n<\/article>\n<\/div>\n<div class=\"v-g__c \">\n<article class=\"v-a v-a--cmp-rld v-a--cmp-rld-2 v-a--p-l\">\n<div class=\"v-a-img-c\">\n<figure class=\"v-a-fig\">\n<a href=\"https:\/\/www.mujerhoy.com\/vivir\/psicologia\/maria-esclapez-psicologa-silenciarte-relacion-funcione-te-anula-como-persona-20250723124125-nt.html#vtm_modulosEngag=mod-rel:vivir:noticia:2:cmp:2-not\" class=\"v-a-link\" title=\"Mar\u00eda Esclapez, psic\u00f3loga: \u00abS\u00ed tienes que silenciarte para que una relaci\u00f3n funcione, quiz\u00e1 no deber\u00edas estar ah\u00ed\u00bb\"><br \/>\n<img loading=\"lazy\" class=\"v-a-img\" src=\"http:\/\/cordobainforma.info\/wp-content\/uploads\/2025\/09\/sonia-diaz-rois-experta-en-gestion-de-la-ira-expresar-lo-que-sientes-no-es-lo-mismo-que-reaccionar-sin-filtro-2.jpg\" alt=\"Mar\u00eda Esclapez, psic\u00f3loga: \u00abS\u00ed tienes que silenciarte para que una relaci\u00f3n funcione, quiz\u00e1 no deber\u00edas estar ah\u00ed\u00bb\"><br \/>\n<\/a><br \/>\n<\/figure>\n<\/div>\n<\/article>\n<\/div>\n<\/div>\n<\/div>\n<\/div>\n<p><h3 class=\"v-cmp-suh\">\nLa diferencia entre responder con claridad y reaccionar sin filtro<br \/>\n<\/h3>\n<\/p>\n<p class=\"voc-paragraph\">Responder con claridad significa que sabes qu\u00e9 est\u00e1s sintiendo y por qu\u00e9 y eres capaz de comunic\u00e1rselo al otro de manera asertiva. Para ello, tienes que <strong>tomarte un tiempo antes de hablar o actuar<\/strong> para pensar en lo que sientes. Y tienes que hacerlo con intenci\u00f3n: \u00abtu objetivo es compartir lo que sientes, no soltarlo sin filtro solo para descargar\u00bb, asegura la experta. <\/p>\n<p class=\"voc-paragraph\">En cambio, <a href=\"https:\/\/www.mujerhoy.com\/vivir\/psicologia\/frases-psicologa-beatriz-galvan-no-gritar-discusion-dejarte-llevar-rabia-20230908101539-nt.html\" data-voc-vtm-id=\"in-text-traffic\" title=\"cuando reaccionas sin filtro\" data-mrf-link=\"www.mujerhoy.com\">cuando reaccionas sin filtro<\/a> lo haces de manera autom\u00e1tica. Sale por tu boca sin pausa, cargado de impulso, rabia o urgencia. \u00abTu objetivo, aunque no te des cuenta, es defenderte o aliviarte un poco, pero no expresarte realmente desde lo que necesitas\u00bb, comenta D\u00edaz Rois. Despu\u00e9s de esta explosi\u00f3n <strong>suelen venir la culpa, el arrepentimiento <\/strong>o esa sensaci\u00f3n inc\u00f3moda que te hace sentir que no dijiste lo que realmente quer\u00edas decir.<\/p>\n<p class=\"voc-paragraph\">\u00abCuando respondemos sin filtro <strong>no arreglamos nada<\/strong>. Es m\u00e1s, solemos empeorar la situaci\u00f3n, y los temas importantes se quedan sin resolver. Eso no solo genera m\u00e1s conflictos, sino tambi\u00e9n frustraci\u00f3n, culpa y la sensaci\u00f3n de no poder controlar el propio car\u00e1cter\u00ab, advierte la experta. Por tanto, \u00bfde qu\u00e9 te ha servido esta explosi\u00f3n con la que pensabas que ibas a aliviar tu malestar? De nada.<\/p>\n<p><h3 class=\"v-cmp-suh\">\nC\u00f3mo conseguir comunicar lo que sientes con calma<br \/>\n<\/h3>\n<\/p>\n<p class=\"voc-paragraph\">En una discusi\u00f3n, <strong>las emociones pueden tomar el control <\/strong>y hacer que digamos cosas sin pensar. Desde el punto de vista psicol\u00f3gico, la ira activa nuestro sistema de alerta, lo que puede bloquear la parte racional del cerebro. Pararse a pensar en lo que sentimos antes de hablar permite calmar esa reacci\u00f3n impulsiva. Tomarse unos segundos para identificar la emoci\u00f3n nos da una oportunidad de responder con m\u00e1s conciencia y menos agresividad.<\/p>\n<p class=\"voc-paragraph\">Reconocer lo que uno siente, ya sea<strong> tristeza, frustraci\u00f3n o decepci\u00f3n<\/strong>, ayuda a que nuestras palabras reflejen nuestra realidad emocional en vez de atacar al otro. Al detenernos un momento, nos damos la posibilidad de entender qu\u00e9 queremos comunicar realmente. Muchas veces, detr\u00e1s de un grito o una acusaci\u00f3n, hay una necesidad no expresada. Pensar antes de hablar transforma la conversaci\u00f3n en una oportunidad de conexi\u00f3n, no de confrontaci\u00f3n.<\/p>\n<p class=\"voc-paragraph\"><strong>Dejarse llevar por la ira <\/strong>suele traer un alivio moment\u00e1neo, pero despu\u00e9s llega la culpa. Las palabras dichas en caliente pueden herir profundamente, incluso si no eran nuestra verdadera intenci\u00f3n. Esa culpa no solo afecta a la relaci\u00f3n con la otra persona, sino tambi\u00e9n a nuestra autoestima. Saber frenar antes de hablar ayuda a evitar arrepentimientos y mantiene nuestra integridad emocional intacta, fortaleciendo tambi\u00e9n el respeto propio y mutuo.<\/p>\n<p class=\"voc-paragraph\">Practicar este tipo de pausa <strong>requiere entrenamiento emocional<\/strong>, pero es posible. Respirar profundamente, contar hasta diez o simplemente decir \u00abnecesito un momento para pensar\u00bb puede marcar la diferencia. Con el tiempo, aprender a gestionar nuestras reacciones nos permite discutir sin perder el control. Es una forma de cuidar de nuestras relaciones y de nuestra salud mental, construyendo v\u00ednculos m\u00e1s sanos y duraderos.<\/p>\n<div class=\"v-c-cmp v-c-cmp--t1 \">\n<div class=\"v-cmp-rld v-cmp-rld--2 \">\n<div class=\"v-cnt-m v-cnt-m--m\">\n<div class=\"v-cnt-m__c\">\n<div class=\"v-cnt-m__w v-cnt-m__w--1\">\n<p class=\"v-cnt-m__t\">\nTAMBI\u00c9N TE INTERESA\n<\/p>\n<\/div>\n<\/div>\n<\/div>\n<div class=\"v-g v-g--2-c v-g--bdr-min-xs\">\n<div class=\"v-g__c \">\n<article class=\"v-a v-a--cmp-rld v-a--cmp-rld-2 v-a--p-l\">\n<div class=\"v-a-img-c\">\n<figure class=\"v-a-fig\">\n<a href=\"https:\/\/www.mujerhoy.com\/vivir\/psicologia\/mario-alonso-puig-experto-desarrollo-personal-gestion-emociones-aislamiento-soledad-relaciones-sociales-felicidad-20250717094803-nt.html#vtm_modulosEngag=mod-rel:vivir:noticia:1:cmp:2-not\" class=\"v-a-link\" title=\"Mario Alonso Puig, experto en desarrollo personal, sobre la gesti\u00f3n de las emociones: \u00abUn dolor compartido pesa menos\u00bb\"><br \/>\n<img loading=\"lazy\" class=\"v-a-img\" src=\"http:\/\/cordobainforma.info\/wp-content\/uploads\/2025\/09\/sonia-diaz-rois-experta-en-gestion-de-la-ira-expresar-lo-que-sientes-no-es-lo-mismo-que-reaccionar-sin-filtro-3.jpg\" alt=\"Mario Alonso Puig, experto en desarrollo personal, sobre la gesti\u00f3n de las emociones: \u00abUn dolor compartido pesa menos\u00bb\"><br \/>\n<\/a><br \/>\n<\/figure>\n<\/div>\n<\/article>\n<\/div>\n<div class=\"v-g__c \">\n<article class=\"v-a v-a--cmp-rld v-a--cmp-rld-2 v-a--p-l\">\n<div class=\"v-a-img-c\">\n<figure class=\"v-a-fig\">\n<a href=\"https:\/\/www.mujerhoy.com\/vivir\/psicologia\/luis-miguel-real-psicologo-sabes-estar-contigo-mismo-soledad-felicidad-20250708200256-nt.html#vtm_modulosEngag=mod-rel:vivir:noticia:2:cmp:2-not\" class=\"v-a-link\" title=\"Luis Miguel Real, psic\u00f3logo: \u00abSi no sabes estar contigo mismo, solo y en silencio, tienes un problema\u00bb\"><br \/>\n<img loading=\"lazy\" class=\"v-a-img\" src=\"http:\/\/cordobainforma.info\/wp-content\/uploads\/2025\/09\/sonia-diaz-rois-experta-en-gestion-de-la-ira-expresar-lo-que-sientes-no-es-lo-mismo-que-reaccionar-sin-filtro-4.jpg\" alt=\"Luis Miguel Real, psic\u00f3logo: \u00abSi no sabes estar contigo mismo, solo y en silencio, tienes un problema\u00bb\"><br \/>\n<\/a><br \/>\n<\/figure>\n<\/div>\n<\/article>\n<\/div>\n<\/div>\n<\/div>\n<\/div>\n","protected":false},"excerpt":{"rendered":"<p>Cu\u00e1ntas veces, tras terminar una discusi\u00f3n especialmente intensa, no tienes ni idea de lo que has dicho. O pero a\u00fan, s\u00ed tienes idea, pero sabes a ciencia cierta que lo que has dicho no es lo que quer\u00edas decir. Eso es algo muy com\u00fan, y es que cuando te enfadas, la ira te lleva a [&hellip;]<\/p>\n","protected":false},"author":1,"featured_media":168996,"comment_status":"open","ping_status":"closed","sticky":false,"template":"","format":"standard","meta":[],"categories":[18],"tags":[],"_links":{"self":[{"href":"http:\/\/cordobainforma.info\/index.php\/wp-json\/wp\/v2\/posts\/168995"}],"collection":[{"href":"http:\/\/cordobainforma.info\/index.php\/wp-json\/wp\/v2\/posts"}],"about":[{"href":"http:\/\/cordobainforma.info\/index.php\/wp-json\/wp\/v2\/types\/post"}],"author":[{"embeddable":true,"href":"http:\/\/cordobainforma.info\/index.php\/wp-json\/wp\/v2\/users\/1"}],"replies":[{"embeddable":true,"href":"http:\/\/cordobainforma.info\/index.php\/wp-json\/wp\/v2\/comments?post=168995"}],"version-history":[{"count":0,"href":"http:\/\/cordobainforma.info\/index.php\/wp-json\/wp\/v2\/posts\/168995\/revisions"}],"wp:featuredmedia":[{"embeddable":true,"href":"http:\/\/cordobainforma.info\/index.php\/wp-json\/wp\/v2\/media\/168996"}],"wp:attachment":[{"href":"http:\/\/cordobainforma.info\/index.php\/wp-json\/wp\/v2\/media?parent=168995"}],"wp:term":[{"taxonomy":"category","embeddable":true,"href":"http:\/\/cordobainforma.info\/index.php\/wp-json\/wp\/v2\/categories?post=168995"},{"taxonomy":"post_tag","embeddable":true,"href":"http:\/\/cordobainforma.info\/index.php\/wp-json\/wp\/v2\/tags?post=168995"}],"curies":[{"name":"wp","href":"https:\/\/api.w.org\/{rel}","templated":true}]}}