{"id":168991,"date":"2025-09-21T14:02:44","date_gmt":"2025-09-21T14:02:44","guid":{"rendered":"https:\/\/www.mujerhoy.com\/moda\/no-te-pierdas\/vuelven-jerseis-punto-fino-estampado-rayas-mango-zara-20250921230833-nt.html"},"modified":"2025-09-21T14:02:44","modified_gmt":"2025-09-21T14:02:44","slug":"vuelven-los-jerseis-de-punto-fino-con-estampado-de-rayas","status":"publish","type":"post","link":"http:\/\/cordobainforma.info\/index.php\/2025\/09\/21\/vuelven-los-jerseis-de-punto-fino-con-estampado-de-rayas\/","title":{"rendered":"Vuelven los jers\u00e9is de punto fino con estampado de rayas"},"content":{"rendered":"<div class=\"media_block\"><\/div>\n<p><!-- AUTHOR --><\/p>\n<div class=\"voc-author-timesocial \">\n<!-- AUTHOR --><\/p>\n<div class=\"voc-author-timesocial__signature \">\n<!-- IMAGE AUTHOR -->\n<picture class=\"voc-image-signature\">\n<img class=\"voc-image-signature__img\" src=\"http:\/\/cordobainforma.info\/wp-content\/uploads\/2025\/09\/vuelven-los-jerseis-de-punto-fino-con-estampado-de-rayas.jpg\" alt=\"Carla Dom\u00ednguez\">\n<\/picture>\n<!-- INFO AUTHOR --> <\/div><\/div>\n<p><!-- COMPONENTS --><\/p>\n<p class=\"voc-paragraph\">Una vez bajen las temperaturas toca despedirse de las prendas de lino y darle la bienvenida a otras tan gustosas como el punto. Pero antes de llenar nuestro <a href=\"https:\/\/www.mujerhoy.com\/moda\/no-te-pierdas\/chalecos-punto-prenda-tendencia-primavera-verano-mujeres-mayores-50-anos-zara-hym-20250429152542-nt.html\" data-voc-vtm-id=\"in-text-traffic\" title=\"armario de prendas de punto\" data-mrf-link=\"www.mujerhoy.com\">armario de prendas de punto<\/a> grueso, hay que optar por dise\u00f1os m\u00e1s ligeros y de <strong>punto finito<\/strong>.<\/p>\n<p class=\"voc-paragraph\">Los <a href=\"https:\/\/www.mujerhoy.com\/moda\/no-te-pierdas\/conjuntos-punto-looks-invierno-famosas-mayores-50-anos-corte-ingles-hym-20241227092131-nt.html\" data-voc-vtm-id=\"in-text-traffic\" title=\"jers\u00e9is de punto finito\" data-mrf-link=\"www.mujerhoy.com\">jers\u00e9is de punto finito<\/a> son unos de nuestros favoritos. Son perfectos para la temporada de entretiempo y combinan con todo. Si a esto le sumas un estampado de rayas, entonces tiene la mezcla perfecta. Te ense\u00f1amos algunas de <strong>las novedades de jers\u00e9is con prints de rayas<\/strong> que te animar\u00e1s a lucir esta temporada.<\/p>\n<div class=\"v-c-cmp v-c-cmp--t1 \">\n<div class=\"v-cmp-rld v-cmp-rld--2 \">\n<div class=\"v-cnt-m v-cnt-m--m\">\n<div class=\"v-cnt-m__c\">\n<div class=\"v-cnt-m__w v-cnt-m__w--1\">\n<p class=\"v-cnt-m__t\">\nTAMBI\u00c9N TE INTERESA\n<\/p>\n<\/div>\n<\/div>\n<\/div>\n<div class=\"v-g v-g--2-c v-g--bdr-min-xs\">\n<div class=\"v-g__c \">\n<article class=\"v-a v-a--cmp-rld v-a--cmp-rld-2 v-a--p-l\">\n<div class=\"v-a-img-c\">\n<figure class=\"v-a-fig\">\n<a href=\"https:\/\/www.mujerhoy.com\/moda\/no-te-pierdas\/nuevo-mango-otono-basicos-tendencia-camisas-zapatos-20250910032044-nt.html#vtm_modulosEngag=mod-rel:moda:noticia:1:cmp:2-not\" class=\"v-a-link\" title=\"Las compras de Mango de la semana: vestidos de encaje, camisas de rayas y bolsos de entretiempo elegantes\"><br \/>\n<img loading=\"lazy\" class=\"v-a-img\" src=\"http:\/\/cordobainforma.info\/wp-content\/uploads\/2025\/09\/vuelven-los-jerseis-de-punto-fino-con-estampado-de-rayas-1.jpg\" alt=\"Las compras de Mango de la semana: vestidos de encaje, camisas de rayas y bolsos de entretiempo elegantes\"><br \/>\n<\/a><br \/>\n<\/figure>\n<\/div>\n<\/article>\n<\/div>\n<div class=\"v-g__c \">\n<article class=\"v-a v-a--cmp-rld v-a--cmp-rld-2 v-a--p-l\">\n<div class=\"v-a-img-c\">\n<figure class=\"v-a-fig\">\n<a href=\"https:\/\/www.mujerhoy.com\/moda\/no-te-pierdas\/nuevo-sfera-basicos-tendencia-vestido-otono-20250909234414-nt.html#vtm_modulosEngag=mod-rel:moda:noticia:2:cmp:2-not\" class=\"v-a-link\" title=\"Las novedades de Sfera de la semana: vestidos boho, pantalones de cuadros y botines metalizados\"><br \/>\n<img loading=\"lazy\" class=\"v-a-img\" src=\"http:\/\/cordobainforma.info\/wp-content\/uploads\/2025\/09\/vuelven-los-jerseis-de-punto-fino-con-estampado-de-rayas-2.jpg\" alt=\"Las novedades de Sfera de la semana: vestidos boho, pantalones de cuadros y botines metalizados\"><br \/>\n<\/a><br \/>\n<\/figure>\n<\/div>\n<\/article>\n<\/div>\n<\/div>\n<\/div>\n<\/div>\n<p class=\"voc-paragraph\"><strong>El cl\u00e1sico estampado de rayas no falla<\/strong>. Es un print que da igual que pasen los a\u00f1os que siempre funciona. Aunque es cierto que dependiendo de la estaci\u00f3n triunfa m\u00e1s una combinaci\u00f3n u otra. Es decir, durante la temporada de verano solemos lucir <strong>m\u00e1s prints de rayas en azul y blanco<\/strong>, mientras que en invierno optamos por tonalidades m\u00e1s oscuras como marrones, negros o grises.<\/p>\n<p class=\"voc-paragraph\">Da igual la mezcla de colores que elijas que est\u00e1 claro que el estampado de rayas se lleva. Este a\u00f1o ver\u00e1s muchos <strong>jers\u00e9is finitos con estampado de rayas<\/strong> en color marr\u00f3n chocolate, azules, pero tambi\u00e9n otros dise\u00f1os originales que te encantar\u00e1n. Estos son nuestros favorit\u00edsimos.<\/p>\n<p><h3 class=\"v-cmp-suh\">\nLos mejores jers\u00e9is de rayas con punto ligero de la temporada<br \/>\n<\/h3>\n<\/p>\n<div class=\"v-c-cmp \">\n<div class=\"v-cmp-m v-cmp-m--t1\">\n<article class=\"v-a v-a--cmp-m v-c-cmp--m-p\">\n<div class=\"v-a-img-c v-a-img-c--fw-xs\">\n<div class=\"v-a-fig\">\n<div class=\"v-a-link\">\n<img loading=\"lazy\" src=\"http:\/\/cordobainforma.info\/wp-content\/uploads\/2025\/09\/vuelven-los-jerseis-de-punto-fino-con-estampado-de-rayas-3.jpg\" class=\"v-a-img\" width=\"650\" height=\"975\" alt=\"Jersey fino con estampado de rayas de Mango.\" data-voc-vtm-id=\"in-text-traffic\">\n<\/div><figcaption class=\"v-fc\">\n<span class=\"v-fc__t\"><br \/>\nJersey fino con estampado de rayas de Mango.<br \/>\n<\/span><br \/>\n<span class=\"v-fc__p\"><br \/>\nMANGO<br \/>\n<\/span><br \/>\n<\/figcaption><\/div>\n<\/div>\n<\/article>\n<\/div>\n<\/div>\n<p><h3 class=\"v-cmp-suh\">\nJersey fino con estampado de rayas de Mango (22,99 euros)<br \/>\n<\/h3>\n<\/p>\n<p class=\"voc-paragraph\">Este jersey de punto finito se ha convertido en la sensaci\u00f3n de Mango. Es un modelo sencillo, pero con una combinaci\u00f3n de colores que ha llamado la atenci\u00f3n. Mezcla el marr\u00f3n chocolate con toques en azul y blanco. Un modelo elegante y original<\/p>\n<div class=\"v-c-cmp \">\n<div class=\"v-cmp-m v-cmp-m--t1\">\n<article class=\"v-a v-a--cmp-m v-c-cmp--m-p\">\n<div class=\"v-a-img-c v-a-img-c--fw-xs\">\n<div class=\"v-a-fig\">\n<div class=\"v-a-link\">\n<img loading=\"lazy\" src=\"http:\/\/cordobainforma.info\/wp-content\/uploads\/2025\/09\/vuelven-los-jerseis-de-punto-fino-con-estampado-de-rayas-4.jpg\" class=\"v-a-img\" width=\"650\" height=\"975\" alt=\"Jersey con estampado de rayas en azul de Zara.\" data-voc-vtm-id=\"in-text-traffic\">\n<\/div><figcaption class=\"v-fc\">\n<span class=\"v-fc__t\"><br \/>\nJersey con estampado de rayas en azul de Zara.<br \/>\n<\/span><br \/>\n<span class=\"v-fc__p\"><br \/>\nzara<br \/>\n<\/span><br \/>\n<\/figcaption><\/div>\n<\/div>\n<\/article>\n<\/div>\n<\/div>\n<p><h3 class=\"v-cmp-suh\">\nJersey con estampado de rayas de Zara (45,95 euros)<br \/>\n<\/h3>\n<\/p>\n<p class=\"voc-paragraph\">Es el cl\u00e1sico estampado de rayas en azul y blanco. Sin embargo, es una piezq perfecta para combinar con todo. Puedes lucir este jersey finito con vaqueros, faldas o incluso bermudas y botas altas. Es un dise\u00f1o de manga larga, cuello redondo y tejido gustoso.<\/p>\n<div class=\"v-c-cmp \">\n<div class=\"v-cmp-m v-cmp-m--t1\">\n<article class=\"v-a v-a--cmp-m v-c-cmp--m-p\">\n<div class=\"v-a-img-c v-a-img-c--fw-xs\">\n<div class=\"v-a-fig\">\n<div class=\"v-a-link\">\n<img loading=\"lazy\" src=\"http:\/\/cordobainforma.info\/wp-content\/uploads\/2025\/09\/vuelven-los-jerseis-de-punto-fino-con-estampado-de-rayas-5.jpg\" class=\"v-a-img\" width=\"650\" height=\"975\" alt=\"Jersey con estampado de rayas de Mango.\" data-voc-vtm-id=\"in-text-traffic\">\n<\/div><figcaption class=\"v-fc\">\n<span class=\"v-fc__t\"><br \/>\nJersey con estampado de rayas de Mango.<br \/>\n<\/span><br \/>\n<span class=\"v-fc__p\"><br \/>\nMango<br \/>\n<\/span><br \/>\n<\/figcaption><\/div>\n<\/div>\n<\/article>\n<\/div>\n<\/div>\n<p><h3 class=\"v-cmp-suh\">\nJersey con estampado de rayas de Mango (25,99 euros)<br \/>\n<\/h3>\n<\/p>\n<p class=\"voc-paragraph\">Se trata de un dise\u00f1o sencillo con uno de los colores protagonistas del oto\u00f1o: el marr\u00f3n chocolate. Es un jersey con fondo blanco y rayas horizontales. Es un modelo b\u00e1sico que combina con todo tipo de vaqueros y que tiene un precio de 25,99 euros.<\/p>\n<div class=\"v-c-cmp \">\n<div class=\"v-cmp-m v-cmp-m--t1\">\n<article class=\"v-a v-a--cmp-m v-c-cmp--m-p\">\n<div class=\"v-a-img-c v-a-img-c--fw-xs\">\n<div class=\"v-a-fig\">\n<div class=\"v-a-link\">\n<img loading=\"lazy\" src=\"http:\/\/cordobainforma.info\/wp-content\/uploads\/2025\/09\/vuelven-los-jerseis-de-punto-fino-con-estampado-de-rayas-6.jpg\" class=\"v-a-img\" width=\"650\" height=\"975\" alt=\"Jersey con estampado de rayas en burdeos de H&amp;M\" data-voc-vtm-id=\"in-text-traffic\">\n<\/div><figcaption class=\"v-fc\">\n<span class=\"v-fc__t\"><br \/>\nJersey con estampado de rayas en burdeos de H&amp;M<br \/>\n<\/span><br \/>\n<span class=\"v-fc__p\"><br \/>\nH&amp;M<br \/>\n<\/span><br \/>\n<\/figcaption><\/div>\n<\/div>\n<\/article>\n<\/div>\n<\/div>\n<p><h3 class=\"v-cmp-suh\">\nJersey con estampado de rayas en burdeos de H&amp;M (15,95 euros)<br \/>\n<\/h3>\n<\/p>\n<p class=\"voc-paragraph\">Si prefieres un modelo algo m\u00e1s ce\u00f1ido, te proponemos este jersey de la firma sueca H&amp;M. Es un jersey de punto finito con estampado de rayas a contraste en color blanco y negro. Un modelo cropped perfecto para lucir con vaqueros de tiro alto.<\/p>\n<div class=\"v-c-cmp \">\n<div class=\"v-cmp-m v-cmp-m--t1\">\n<article class=\"v-a v-a--cmp-m v-c-cmp--m-p\">\n<div class=\"v-a-img-c v-a-img-c--fw-xs\">\n<div class=\"v-a-fig\">\n<div class=\"v-a-link\">\n<img loading=\"lazy\" src=\"http:\/\/cordobainforma.info\/wp-content\/uploads\/2025\/09\/vuelven-los-jerseis-de-punto-fino-con-estampado-de-rayas-7.jpg\" class=\"v-a-img\" width=\"650\" height=\"975\" alt=\"Jersey con botones dorado y cuello redondo de Anine Bing.\" data-voc-vtm-id=\"in-text-traffic\">\n<\/div><figcaption class=\"v-fc\">\n<span class=\"v-fc__t\"><br \/>\nJersey con botones dorado y cuello redondo de Anine Bing.<br \/>\n<\/span><br \/>\n<span class=\"v-fc__p\"><br \/>\nAnine Bing<br \/>\n<\/span><br \/>\n<\/figcaption><\/div>\n<\/div>\n<\/article>\n<\/div>\n<\/div>\n<p><h3 class=\"v-cmp-suh\">\nJersey con botones dorados y cuello redondo de Anine Bing<br \/>\n<\/h3>\n<\/p>\n<p class=\"voc-paragraph\">Por \u00faltimo, un dise\u00f1o diferente y estilo polo con cuello redondo, es este dise\u00f1o de Anine Bing. Se trata de un modelo con estampado de rayas en blanco y negro. Un modelo elegante con cuello redondo y botones en dorado en la parte central.<\/p>\n<div class=\"v-c-cmp v-c-cmp--t1 \">\n<div class=\"v-cmp-rld v-cmp-rld--2 \">\n<div class=\"v-cnt-m v-cnt-m--m\">\n<div class=\"v-cnt-m__c\">\n<div class=\"v-cnt-m__w v-cnt-m__w--1\">\n<p class=\"v-cnt-m__t\">\nTAMBI\u00c9N TE INTERESA\n<\/p>\n<\/div>\n<\/div>\n<\/div>\n<div class=\"v-g v-g--2-c v-g--bdr-min-xs\">\n<div class=\"v-g__c \">\n<article class=\"v-a v-a--cmp-rld v-a--cmp-rld-2 v-a--p-l\">\n<div class=\"v-a-img-c\">\n<figure class=\"v-a-fig\">\n<a href=\"https:\/\/www.mujerhoy.com\/moda\/no-te-pierdas\/primark-gabardina-barata-bolsos-nuevos-basicos-50-anos-20250906065453-nt.html#vtm_modulosEngag=mod-rel:moda:noticia:1:cmp:2-not\" class=\"v-a-link\" title=\"Lo nuevo de Primark de la semana: la gabardina m\u00e1s asequible, vestidos y chaquetas de entretiempo\"><br \/>\n<img loading=\"lazy\" class=\"v-a-img\" src=\"http:\/\/cordobainforma.info\/wp-content\/uploads\/2025\/09\/vuelven-los-jerseis-de-punto-fino-con-estampado-de-rayas-8.jpg\" alt=\"Lo nuevo de Primark de la semana: la gabardina m\u00e1s asequible, vestidos y chaquetas de entretiempo\"><br \/>\n<\/a><br \/>\n<\/figure>\n<\/div>\n<\/article>\n<\/div>\n<div class=\"v-g__c \">\n<article class=\"v-a v-a--cmp-rld v-a--cmp-rld-2 v-a--p-l\">\n<div class=\"v-a-img-c\">\n<figure class=\"v-a-fig\">\n<a href=\"https:\/\/www.mujerhoy.com\/moda\/no-te-pierdas\/parfois-vestido-midi-camisa-blanca-nuevo-basicos-rejuvencedor-20250905065326-nt.html#vtm_modulosEngag=mod-rel:moda:noticia:2:cmp:2-not\" class=\"v-a-link\" title=\"Las novedades de Parfois de la semana: chaquetas con estampado de leopardo, bolsos trenzados y camisas b\u00e1sicas\"><br \/>\n<img loading=\"lazy\" class=\"v-a-img\" src=\"http:\/\/cordobainforma.info\/wp-content\/uploads\/2025\/09\/vuelven-los-jerseis-de-punto-fino-con-estampado-de-rayas-9.jpg\" alt=\"Las novedades de Parfois de la semana: chaquetas con estampado de leopardo, bolsos trenzados y camisas b\u00e1sicas\"><br \/>\n<\/a><br \/>\n<\/figure>\n<\/div>\n<\/article>\n<\/div>\n<\/div>\n<\/div>\n<\/div>\n","protected":false},"excerpt":{"rendered":"<p>Una vez bajen las temperaturas toca despedirse de las prendas de lino y darle la bienvenida a otras tan gustosas como el punto. Pero antes de llenar nuestro armario de prendas de punto grueso, hay que optar por dise\u00f1os m\u00e1s ligeros y de punto finito. Los jers\u00e9is de punto finito son unos de nuestros favoritos. [&hellip;]<\/p>\n","protected":false},"author":1,"featured_media":168992,"comment_status":"closed","ping_status":"closed","sticky":false,"template":"","format":"standard","meta":[],"categories":[24],"tags":[],"_links":{"self":[{"href":"http:\/\/cordobainforma.info\/index.php\/wp-json\/wp\/v2\/posts\/168991"}],"collection":[{"href":"http:\/\/cordobainforma.info\/index.php\/wp-json\/wp\/v2\/posts"}],"about":[{"href":"http:\/\/cordobainforma.info\/index.php\/wp-json\/wp\/v2\/types\/post"}],"author":[{"embeddable":true,"href":"http:\/\/cordobainforma.info\/index.php\/wp-json\/wp\/v2\/users\/1"}],"replies":[{"embeddable":true,"href":"http:\/\/cordobainforma.info\/index.php\/wp-json\/wp\/v2\/comments?post=168991"}],"version-history":[{"count":0,"href":"http:\/\/cordobainforma.info\/index.php\/wp-json\/wp\/v2\/posts\/168991\/revisions"}],"wp:featuredmedia":[{"embeddable":true,"href":"http:\/\/cordobainforma.info\/index.php\/wp-json\/wp\/v2\/media\/168992"}],"wp:attachment":[{"href":"http:\/\/cordobainforma.info\/index.php\/wp-json\/wp\/v2\/media?parent=168991"}],"wp:term":[{"taxonomy":"category","embeddable":true,"href":"http:\/\/cordobainforma.info\/index.php\/wp-json\/wp\/v2\/categories?post=168991"},{"taxonomy":"post_tag","embeddable":true,"href":"http:\/\/cordobainforma.info\/index.php\/wp-json\/wp\/v2\/tags?post=168991"}],"curies":[{"name":"wp","href":"https:\/\/api.w.org\/{rel}","templated":true}]}}