{"id":168974,"date":"2025-09-19T19:58:45","date_gmt":"2025-09-19T19:58:45","guid":{"rendered":"https:\/\/cordoba.gob.ar\/?p=81402"},"modified":"2025-09-19T19:58:45","modified_gmt":"2025-09-19T19:58:45","slug":"operativo-de-control-y-prevencion-para-los-festejos-de-la-primavera","status":"publish","type":"post","link":"http:\/\/cordobainforma.info\/index.php\/2025\/09\/19\/operativo-de-control-y-prevencion-para-los-festejos-de-la-primavera\/","title":{"rendered":"Operativo de control y prevenci\u00f3n para los festejos de la primavera"},"content":{"rendered":"<div><img src=\"http:\/\/cordobainforma.info\/wp-content\/uploads\/2025\/09\/operativo-de-control-y-prevencion-para-los-festejos-de-la-primavera.jpg\" class=\"ff-og-image-inserted\"><\/div>\n<p align=\"justify\">El Ente Municipal de Fiscalizaci\u00f3n y Control de la Municipalidad de C\u00f3rdoba, llevar\u00e1 adelante durante este fin de semana un operativo especial en el marco de la campa\u00f1a \u201cPrimavera Segura\u201d.<\/p>\n<p align=\"justify\">En articulaci\u00f3n con distintas \u00e1reas municipales y provinciales, accionar\u00e1 para garantizar que las celebraciones por el D\u00eda de la Primavera se desarrollen en espacios habilitados, cumpliendo con las ordenanzas vigentes y priorizando la seguridad de vecinos y vecinas.<\/p>\n<p align=\"justify\">M\u00e1s de 150 agentes se desplegar\u00e1n por la ciudad, reforzando los controles y trabajando de manera coordinada para que los festejos se realicen de manera ordenada y segura.<\/p>\n<p align=\"justify\">El operativo combina acciones de fiscalizaci\u00f3n (verificaci\u00f3n de habilitaciones, medidas de seguridad y condiciones de los eventos) con tareas de prevenci\u00f3n y concientizaci\u00f3n, asesorando a organizadores y recordando a la comunidad la importancia de participar \u00fanicamente en actividades autorizadas.<\/p>\n<p align=\"justify\">De esta manera, la Municipalidad busca desalentar la realizaci\u00f3n de fiestas clandestinas, reducir riesgos, evitar el consumo de alcohol en la v\u00eda p\u00fablica y consolidar una cultura de respeto a las normas, en el marco del C\u00f3digo de Convivencia.<\/p>\n<p>Los equipos del Ente, junto a inspectores de la Secretar\u00eda de Gobierno y la Guardia Urbana, supervisar\u00e1n en distintos puntos estrat\u00e9gicos de la ciudad una variada agenda de propuestas habilitadas. Entre ellas se destacan \u201cLa Primavera se vive cerca tuyo\u201d, el programa \u201cPrimavera en el Suqu\u00eda\u201d, y la celebraci\u00f3n del d\u00e9cimo aniversario de Quality 90.5, adem\u00e1s de recitales, ferias gastron\u00f3micas, espect\u00e1culos musicales y encuentros recreativos en espacios p\u00fablicos y privados.<\/p>\n<p>Las tareas se extienden desde el mediod\u00eda hasta la madrugada, con foco en los eventos de mayor concurrencia. Adem\u00e1s de los controles, se impulsan campa\u00f1as de prevenci\u00f3n del consumo excesivo de alcohol y de respeto a las normas de tr\u00e1nsito, con el mensaje claro: \u201csi manej\u00e1s, no tomes\u201d.<\/p>\n","protected":false},"excerpt":{"rendered":"<p>El Ente Municipal de Fiscalizaci\u00f3n y Control de la Municipalidad de C\u00f3rdoba, llevar\u00e1 adelante durante este fin de semana un operativo especial en el marco de la campa\u00f1a \u201cPrimavera Segura\u201d. En articulaci\u00f3n con distintas \u00e1reas municipales y provinciales, accionar\u00e1 para garantizar que las celebraciones por el D\u00eda de la Primavera se desarrollen en espacios habilitados, [&hellip;]<\/p>\n","protected":false},"author":1,"featured_media":168975,"comment_status":"closed","ping_status":"closed","sticky":false,"template":"","format":"standard","meta":[],"categories":[2],"tags":[],"_links":{"self":[{"href":"http:\/\/cordobainforma.info\/index.php\/wp-json\/wp\/v2\/posts\/168974"}],"collection":[{"href":"http:\/\/cordobainforma.info\/index.php\/wp-json\/wp\/v2\/posts"}],"about":[{"href":"http:\/\/cordobainforma.info\/index.php\/wp-json\/wp\/v2\/types\/post"}],"author":[{"embeddable":true,"href":"http:\/\/cordobainforma.info\/index.php\/wp-json\/wp\/v2\/users\/1"}],"replies":[{"embeddable":true,"href":"http:\/\/cordobainforma.info\/index.php\/wp-json\/wp\/v2\/comments?post=168974"}],"version-history":[{"count":0,"href":"http:\/\/cordobainforma.info\/index.php\/wp-json\/wp\/v2\/posts\/168974\/revisions"}],"wp:featuredmedia":[{"embeddable":true,"href":"http:\/\/cordobainforma.info\/index.php\/wp-json\/wp\/v2\/media\/168975"}],"wp:attachment":[{"href":"http:\/\/cordobainforma.info\/index.php\/wp-json\/wp\/v2\/media?parent=168974"}],"wp:term":[{"taxonomy":"category","embeddable":true,"href":"http:\/\/cordobainforma.info\/index.php\/wp-json\/wp\/v2\/categories?post=168974"},{"taxonomy":"post_tag","embeddable":true,"href":"http:\/\/cordobainforma.info\/index.php\/wp-json\/wp\/v2\/tags?post=168974"}],"curies":[{"name":"wp","href":"https:\/\/api.w.org\/{rel}","templated":true}]}}