{"id":168972,"date":"2025-09-19T21:38:02","date_gmt":"2025-09-19T21:38:02","guid":{"rendered":"https:\/\/cordoba.gob.ar\/?p=81410"},"modified":"2025-09-19T21:38:02","modified_gmt":"2025-09-19T21:38:02","slug":"villa-avalos-mirador-de-las-sierras-y-general-savio-son-los-barrios-en-donde-estara-presente-operativo-dni","status":"publish","type":"post","link":"http:\/\/cordobainforma.info\/index.php\/2025\/09\/19\/villa-avalos-mirador-de-las-sierras-y-general-savio-son-los-barrios-en-donde-estara-presente-operativo-dni\/","title":{"rendered":"Villa \u00c1valos, Mirador de las Sierras y General Savio son los barrios en donde estar\u00e1 presente Operativo DNI"},"content":{"rendered":"<div><img src=\"http:\/\/cordobainforma.info\/wp-content\/uploads\/2025\/09\/villa-avalos-mirador-de-las-sierras-y-general-savio-son-los-barrios-en-donde-estara-presente-operativo-dni.jpg\" class=\"ff-og-image-inserted\"><\/div>\n<hr>\n<p data-prosemirror-content-type=\"node\" data-prosemirror-node-name=\"paragraph\" data-prosemirror-node-block=\"true\">La Municipalidad de C\u00f3rdoba contin\u00faa descentralizando servicios para que vecinos y vecinas tengan la posibilidad de realizar diversos tr\u00e1mites cerca de sus hogares. La pr\u00f3xima semana, Operativo DNI se har\u00e1 presente en diversos barrios de la ciudad de acuerdo al siguiente cronograma:<\/p>\n<ul class=\"ak-ul\" data-prosemirror-content-type=\"node\" data-prosemirror-node-name=\"bulletList\" data-prosemirror-node-block=\"true\" readability=\"1.5\">\n<li data-prosemirror-content-type=\"node\" data-prosemirror-node-name=\"listItem\" data-prosemirror-node-block=\"true\" readability=\"0\">\n<p data-prosemirror-content-type=\"node\" data-prosemirror-node-name=\"paragraph\" data-prosemirror-node-block=\"true\"><strong data-prosemirror-content-type=\"mark\" data-prosemirror-mark-name=\"strong\">Lunes 22<\/strong>: Merendero y comedor Felices Los Ni\u00f1os (Calle P\u00fablica 1), barrio Villa Avalos<\/p>\n<\/li>\n<li data-prosemirror-content-type=\"node\" data-prosemirror-node-name=\"listItem\" data-prosemirror-node-block=\"true\" readability=\"0\">\n<p data-prosemirror-content-type=\"node\" data-prosemirror-node-name=\"paragraph\" data-prosemirror-node-block=\"true\"><strong data-prosemirror-content-type=\"mark\" data-prosemirror-mark-name=\"strong\">Mi\u00e9rcoles 24<\/strong>: Cooperativa el Amanecer (Av. Santa Ana 6097), barrio Mirador de las Sierras<\/p>\n<\/li>\n<li data-prosemirror-content-type=\"node\" data-prosemirror-node-name=\"listItem\" data-prosemirror-node-block=\"true\" readability=\"0\">\n<p data-prosemirror-content-type=\"node\" data-prosemirror-node-name=\"paragraph\" data-prosemirror-node-block=\"true\"><strong data-prosemirror-content-type=\"mark\" data-prosemirror-mark-name=\"strong\">Viernes 26<\/strong>: Centro Vecinal General Savio (Marco del Pont 2890), barrio General Savio.<\/p>\n<\/li>\n<\/ul>\n<p data-prosemirror-content-type=\"node\" data-prosemirror-node-name=\"paragraph\" data-prosemirror-node-block=\"true\">En los sitios mencionados se podr\u00e1 realizar la actualizaci\u00f3n del DNI, solicitar nuevo ejemplar, realizar cambio de domicilio, tramitar actas de nacimiento, matrimonio o defunci\u00f3n, iniciar tr\u00e1mites como cambio de g\u00e9nero, rectificaciones, inscripci\u00f3n fuera de t\u00e9rmino y realizar consultas.<\/p>\n<p data-prosemirror-content-type=\"node\" data-prosemirror-node-name=\"paragraph\" data-prosemirror-node-block=\"true\">Tambi\u00e9n se entrega la tarjeta SUBE. Para adquirirla, es necesario concurrir con DNI en mano. No se precisan requisitos adicionales y todos los vecinos pueden hacer el tr\u00e1mite. La SUBE se retira con saldo negativo de $1500, equivalente al valor de la tarjeta. Cabe destacar que no se podr\u00e1 realizar el tr\u00e1mite m\u00e1s<\/p>\n<p data-prosemirror-content-type=\"node\" data-prosemirror-node-name=\"paragraph\" data-prosemirror-node-block=\"true\">Mujeres embarazadas recibir\u00e1n informaci\u00f3n sobre el programa provincial \u201cProtecci\u00f3n de la Embarazada y su Beb\u00e9\u201d. Este programa, busca acompa\u00f1ar a las personas gestantes sin obra social y a sus beb\u00e9s, fortaleciendo su salud, facilitando el acceso a los controles de embarazo y en la primera infancia.<\/p>\n<p data-prosemirror-content-type=\"node\" data-prosemirror-node-name=\"paragraph\" data-prosemirror-node-block=\"true\">Adem\u00e1s, habr\u00e1 un Punto Vecinos en donde se podr\u00e1n realizar gestiones a trav\u00e9s de CiDi\/VeDi.<\/p>\n","protected":false},"excerpt":{"rendered":"<p>La Municipalidad de C\u00f3rdoba contin\u00faa descentralizando servicios para que vecinos y vecinas tengan la posibilidad de realizar diversos tr\u00e1mites cerca de sus hogares. La pr\u00f3xima semana, Operativo DNI se har\u00e1 presente en diversos barrios de la ciudad de acuerdo al siguiente cronograma: Lunes 22: Merendero y comedor Felices Los Ni\u00f1os (Calle P\u00fablica 1), barrio Villa [&hellip;]<\/p>\n","protected":false},"author":1,"featured_media":168973,"comment_status":"closed","ping_status":"closed","sticky":false,"template":"","format":"standard","meta":[],"categories":[2],"tags":[],"_links":{"self":[{"href":"http:\/\/cordobainforma.info\/index.php\/wp-json\/wp\/v2\/posts\/168972"}],"collection":[{"href":"http:\/\/cordobainforma.info\/index.php\/wp-json\/wp\/v2\/posts"}],"about":[{"href":"http:\/\/cordobainforma.info\/index.php\/wp-json\/wp\/v2\/types\/post"}],"author":[{"embeddable":true,"href":"http:\/\/cordobainforma.info\/index.php\/wp-json\/wp\/v2\/users\/1"}],"replies":[{"embeddable":true,"href":"http:\/\/cordobainforma.info\/index.php\/wp-json\/wp\/v2\/comments?post=168972"}],"version-history":[{"count":0,"href":"http:\/\/cordobainforma.info\/index.php\/wp-json\/wp\/v2\/posts\/168972\/revisions"}],"wp:featuredmedia":[{"embeddable":true,"href":"http:\/\/cordobainforma.info\/index.php\/wp-json\/wp\/v2\/media\/168973"}],"wp:attachment":[{"href":"http:\/\/cordobainforma.info\/index.php\/wp-json\/wp\/v2\/media?parent=168972"}],"wp:term":[{"taxonomy":"category","embeddable":true,"href":"http:\/\/cordobainforma.info\/index.php\/wp-json\/wp\/v2\/categories?post=168972"},{"taxonomy":"post_tag","embeddable":true,"href":"http:\/\/cordobainforma.info\/index.php\/wp-json\/wp\/v2\/tags?post=168972"}],"curies":[{"name":"wp","href":"https:\/\/api.w.org\/{rel}","templated":true}]}}