{"id":168919,"date":"2025-09-21T03:08:19","date_gmt":"2025-09-21T03:08:19","guid":{"rendered":"https:\/\/www.clarin.com\/deportes\/marcelo-gallardo-peor-conclusion-derrota-atletico-tucuman-river-nadie-hace-meritos-jugar-revancha-palmeiras_0_lpxQN0RzFR.html"},"modified":"2025-09-21T03:08:19","modified_gmt":"2025-09-21T03:08:19","slug":"marcelo-gallardo-y-la-peor-conclusion-de-la-derrota-con-atletico-tucuman-en-river-nadie-hace-meritos-para-jugar-la-revancha-contra-palmeiras","status":"publish","type":"post","link":"http:\/\/cordobainforma.info\/index.php\/2025\/09\/21\/marcelo-gallardo-y-la-peor-conclusion-de-la-derrota-con-atletico-tucuman-en-river-nadie-hace-meritos-para-jugar-la-revancha-contra-palmeiras\/","title":{"rendered":"Marcelo Gallardo y la peor conclusi\u00f3n de la derrota con Atl\u00e9tico Tucum\u00e1n: en River nadie hace m\u00e9ritos para jugar la revancha contra Palmeiras"},"content":{"rendered":"<p><img src=\"http:\/\/cordobainforma.info\/wp-content\/uploads\/2025\/09\/marcelo-gallardo-y-la-peor-conclusion-de-la-derrota-con-atletico-tucuman-en-river-nadie-hace-meritos-para-jugar-la-revancha-contra-palmeiras.jpg\"><\/p>\n<div><img src=\"http:\/\/cordobainforma.info\/wp-content\/uploads\/2025\/09\/marcelo-gallardo-y-la-peor-conclusion-de-la-derrota-con-atletico-tucuman-en-river-nadie-hace-meritos-para-jugar-la-revancha-contra-palmeiras-2.jpg\" class=\"ff-og-image-inserted\"><\/div>\n<div id=\"element-body-0\" readability=\"61\">\n<p>El <strong>River <\/strong>alternativo no funcion\u00f3 en Tucum\u00e1n y <strong>Marcelo Gallardo<\/strong> no encontr\u00f3 en el Jos\u00e9 Fierro las respuestas que busc\u00f3 pensando en el duelo contra <strong>Palmeiras <\/strong>en Brasil. Se supone que entre <strong>Facundo Colidio<\/strong> y <strong>Miguel Borja <\/strong>saldr\u00e1 el reemplazante del lesionado<strong> Sebasti\u00e1n Driussi<\/strong> y ninguno acumul\u00f3 m\u00e9ritos como para estar en San Pablo. Es verdad que Colidio al menos puso m\u00e1s ganas que el Colibr\u00ed, que tuvo una noche para el olvido. La falta de energ\u00eda del colombiano ya debe molestar al Mu\u00f1eco. <\/p>\n<\/div>\n<div id=\"element-body-1\" readability=\"62\">\n<p>Tampoco <strong>Juan Fernando Quintero<\/strong> tuvo un gran rendimiento. El zurdo se mostr\u00f3 participativo (toc\u00f3 61 veces el bal\u00f3n, acert\u00f3 47 de 51 pases) en los minutos que estuvo en cancha, pero jug\u00f3 demasiado retrasado. Encima, ejecut\u00f3 mal casi todas las pelotas paradas.<\/p>\n<\/div>\n<div id=\"element-body-2\" readability=\"63\">\n<p>Por su parte, el paraguayo <strong>Mat\u00edas Galarza Fonda<\/strong> tuvo un juego espantoso, m\u00e1s all\u00e1 de que cont\u00f3 con las dos m\u00e1s claras de la visita. El volante perdi\u00f3 de manera ins\u00f3lita una pelota en la mitad de la cancha y de esa jugada lleg\u00f3 el penal de <strong>Sebasti\u00e1n Boselli<\/strong>. A la siguiente, Gallardo lo sac\u00f3. Un dato alarma por lo negativo: Galarza toc\u00f3 34 veces la pelota y totaliz\u00f3 15 p\u00e9rdidas.<\/p>\n<\/div>\n<div id=\"element-body-3\" readability=\"59\">\n<p>El que s\u00ed tiene luz verde es <strong>Giuliano Galoppo<\/strong>, que no estuvo en la ida por suspensi\u00f3n. El ex Banfield fue uno de los pocos rescatables en la calurosa jornada tucumana.<\/p>\n<\/div>\n<div id=\"element-body-4\" readability=\"64\">\n<p>Otro que tiene chances de estar es el zaguero <strong>Lautaro Rivero<\/strong>, de aceptable duelo. \u201cSab\u00edamos lo que nos iba a pasar en los primeros minutos y entramos desconcentrados. Son cosas para aprender. Vinimos con muchos chicos, pero no es excusa. Tenemos que estar preparados\u201d, dijo Rivero. Y avis\u00f3: \u00abTermin\u00e9 con una peque\u00f1a sobrecarga por la acumulaci\u00f3n de partidos, pero no es nada grave\u00bb.<\/p>\n<\/div>\n<div id=\"element-body-5\" readability=\"62\">\n<p>\u00abEra un partido inc\u00f3modo, aunque tambi\u00e9n nos serv\u00eda para evaluar alternativas de cara al mi\u00e9rcoles. Pero no estuvimos bien, ni colectiva ni individualmente. Otra vez sufrimos un gol temprano. Se hace dif\u00edcil sacar buenas conclusiones en la noche de hoy\u00bb, solt\u00f3 Gallardo.<\/p>\n<\/div>\n<div id=\"element-body-6\" readability=\"62\">\n<p><strong>La conferencia de Gallardo en Tucum\u00e1n estuvo repleta de preguntas sobre Palmeiras<\/strong>. Y el Mu\u00f1eco dej\u00f3 interesantes respuestas. \u00abUn buen partido nuestro nos va a dar posibilidades en la serie. No s\u00e9 si tenemos que hacer un juego perfecto. Hay solo un gol de diferencia. Tenemos que pensar que es posible. Vamos a jugar con la determinaci\u00f3n que tiene que ser. Sabemos que va a ser duro, pero no imposible. El mensaje es puertas para adentro: tenemos que tener una buena preparaci\u00f3n mental. No nos queda otra que ir a ganar a Brasil\u00bb, se\u00f1al\u00f3 el DT.<\/p>\n<\/div>\n<div id=\"element-body-7\" readability=\"61\">\n<p>Y cerr\u00f3: \u00abEl partido contra Palmeiras no deja de ser un desaf\u00edo hermoso, es una gran oportunidad. No debe ser algo que nos pese o que nos genere una cuesti\u00f3n de bloqueo. La cara que tenemos que tener es la del segundo tiempo en nuestra cancha. Vamos a tener que ser m\u00e1s determinantes en lo que generemos. Tambi\u00e9n tomaremos recaudos porque ellos son peligrosos\u00bb. <\/p>\n<\/div>\n","protected":false},"excerpt":{"rendered":"<p>El River alternativo no funcion\u00f3 en Tucum\u00e1n y Marcelo Gallardo no encontr\u00f3 en el Jos\u00e9 Fierro las respuestas que busc\u00f3 pensando en el duelo contra Palmeiras en Brasil. Se supone que entre Facundo Colidio y Miguel Borja saldr\u00e1 el reemplazante del lesionado Sebasti\u00e1n Driussi y ninguno acumul\u00f3 m\u00e9ritos como para estar en San Pablo. Es [&hellip;]<\/p>\n","protected":false},"author":1,"featured_media":168920,"comment_status":"closed","ping_status":"closed","sticky":false,"template":"","format":"standard","meta":[],"categories":[20],"tags":[],"_links":{"self":[{"href":"http:\/\/cordobainforma.info\/index.php\/wp-json\/wp\/v2\/posts\/168919"}],"collection":[{"href":"http:\/\/cordobainforma.info\/index.php\/wp-json\/wp\/v2\/posts"}],"about":[{"href":"http:\/\/cordobainforma.info\/index.php\/wp-json\/wp\/v2\/types\/post"}],"author":[{"embeddable":true,"href":"http:\/\/cordobainforma.info\/index.php\/wp-json\/wp\/v2\/users\/1"}],"replies":[{"embeddable":true,"href":"http:\/\/cordobainforma.info\/index.php\/wp-json\/wp\/v2\/comments?post=168919"}],"version-history":[{"count":0,"href":"http:\/\/cordobainforma.info\/index.php\/wp-json\/wp\/v2\/posts\/168919\/revisions"}],"wp:featuredmedia":[{"embeddable":true,"href":"http:\/\/cordobainforma.info\/index.php\/wp-json\/wp\/v2\/media\/168920"}],"wp:attachment":[{"href":"http:\/\/cordobainforma.info\/index.php\/wp-json\/wp\/v2\/media?parent=168919"}],"wp:term":[{"taxonomy":"category","embeddable":true,"href":"http:\/\/cordobainforma.info\/index.php\/wp-json\/wp\/v2\/categories?post=168919"},{"taxonomy":"post_tag","embeddable":true,"href":"http:\/\/cordobainforma.info\/index.php\/wp-json\/wp\/v2\/tags?post=168919"}],"curies":[{"name":"wp","href":"https:\/\/api.w.org\/{rel}","templated":true}]}}