{"id":168917,"date":"2025-09-20T16:37:13","date_gmt":"2025-09-20T16:37:13","guid":{"rendered":"https:\/\/somoscordobeses.com\/2025\/09\/20\/continua-vigente-la-alerta-meteorologica-en-cordoba-para-la-tarde-de-este-sabado\/"},"modified":"2025-09-20T16:37:13","modified_gmt":"2025-09-20T16:37:13","slug":"continua-vigente-la-alerta-meteorologica-en-cordoba-para-la-tarde-de-este-sabado","status":"publish","type":"post","link":"http:\/\/cordobainforma.info\/index.php\/2025\/09\/20\/continua-vigente-la-alerta-meteorologica-en-cordoba-para-la-tarde-de-este-sabado\/","title":{"rendered":"Contin\u00faa vigente la alerta meteorol\u00f3gica en C\u00f3rdoba para la tarde de este s\u00e1bado"},"content":{"rendered":"<div><img src=\"http:\/\/cordobainforma.info\/wp-content\/uploads\/2025\/09\/continua-vigente-la-alerta-meteorologica-en-cordoba-para-la-tarde-de-este-sabado.jpg\" class=\"ff-og-image-inserted\"><\/div>\n<p>La Secretar\u00eda de Gesti\u00f3n de Riesgo de la Provincia emiti\u00f3 este s\u00e1bado al mediod\u00eda un nuevo comunicado, en el que destaca que contin\u00faa vigente la alerta naranja emitida por el Servicio Meteorol\u00f3gico Nacional (SMN) para lo que resta del d\u00eda.<\/p>\n<p>El aviso abarca el sur, centro y este de la provincia, donde se prev\u00e9n tormentas que podr\u00edan alcanzar gran intensidad, con ca\u00edda de granizo y actividad el\u00e9ctrica.<\/p>\n<figure data-tadevel-template=\"web\/multimedia\" data-type=\"video\"><figcaption>\n<p>X de Municipalidad de C\u00f3rdoba<\/p>\n<\/figcaption><\/figure>\n<p>Seg\u00fan lo previsto, las primeras manifestaciones se registrar\u00edan entre las 16:00 y las 17:00 horas en el sur provincial, extendi\u00e9ndose luego a otras regiones.<\/p>\n<figure data-html data-tadevel-template=\"web\/multimedia\" data-type=\"rich\" data-url=\"https:\/\/www.cba24n.com.ar\/cordoba\/cordoba-recibira-la-primavera-con-tormentas-aisladas-y-descenso-de-la-temperatura_a68ce9865c4b710942ead3c5a\"><figcaption>\n<p>C\u00f3rdoba recibir\u00e1 la primavera con tormentas aisladas y descenso de la temperatura<\/p>\n<\/figcaption><\/figure>\n<p>En este sentido, Roberto Schreiner, vocero de la Secretar\u00eda de Gesti\u00f3n de Riesgo Clim\u00e1tico, recomend\u00f3: \u201cSe solicita a la poblaci\u00f3n circular con extrema precauci\u00f3n en rutas y caminos, y a quienes disfrutan de actividades al aire libre con motivo del D\u00eda de la Primavera que se resguarden ante tormentas el\u00e9ctricas, evitando permanecer en descampados o acercarse a escenarios o torres de sonido\u201d.<\/p>\n<p>Cabe destacar que se espera que las condiciones comiencen a mejorar a partir de ma\u00f1ana, domingo.<\/p>\n","protected":false},"excerpt":{"rendered":"<p>La Secretar\u00eda de Gesti\u00f3n de Riesgo de la Provincia emiti\u00f3 este s\u00e1bado al mediod\u00eda un nuevo comunicado, en el que destaca que contin\u00faa vigente la alerta naranja emitida por el Servicio Meteorol\u00f3gico Nacional (SMN) para lo que resta del d\u00eda. El aviso abarca el sur, centro y este de la provincia, donde se prev\u00e9n tormentas [&hellip;]<\/p>\n","protected":false},"author":1,"featured_media":168918,"comment_status":"closed","ping_status":"closed","sticky":false,"template":"","format":"standard","meta":[],"categories":[2],"tags":[],"_links":{"self":[{"href":"http:\/\/cordobainforma.info\/index.php\/wp-json\/wp\/v2\/posts\/168917"}],"collection":[{"href":"http:\/\/cordobainforma.info\/index.php\/wp-json\/wp\/v2\/posts"}],"about":[{"href":"http:\/\/cordobainforma.info\/index.php\/wp-json\/wp\/v2\/types\/post"}],"author":[{"embeddable":true,"href":"http:\/\/cordobainforma.info\/index.php\/wp-json\/wp\/v2\/users\/1"}],"replies":[{"embeddable":true,"href":"http:\/\/cordobainforma.info\/index.php\/wp-json\/wp\/v2\/comments?post=168917"}],"version-history":[{"count":0,"href":"http:\/\/cordobainforma.info\/index.php\/wp-json\/wp\/v2\/posts\/168917\/revisions"}],"wp:featuredmedia":[{"embeddable":true,"href":"http:\/\/cordobainforma.info\/index.php\/wp-json\/wp\/v2\/media\/168918"}],"wp:attachment":[{"href":"http:\/\/cordobainforma.info\/index.php\/wp-json\/wp\/v2\/media?parent=168917"}],"wp:term":[{"taxonomy":"category","embeddable":true,"href":"http:\/\/cordobainforma.info\/index.php\/wp-json\/wp\/v2\/categories?post=168917"},{"taxonomy":"post_tag","embeddable":true,"href":"http:\/\/cordobainforma.info\/index.php\/wp-json\/wp\/v2\/tags?post=168917"}],"curies":[{"name":"wp","href":"https:\/\/api.w.org\/{rel}","templated":true}]}}