{"id":168915,"date":"2025-09-20T16:37:42","date_gmt":"2025-09-20T16:37:42","guid":{"rendered":"https:\/\/somoscordobeses.com\/2025\/09\/20\/los-cordobeses-carmen-martin-y-victor-manuel-fernandez-se-imponen-en-la-subida-a-la-reina\/"},"modified":"2025-09-20T16:37:42","modified_gmt":"2025-09-20T16:37:42","slug":"los-cordobeses-carmen-martin-y-victor-manuel-fernandez-se-imponen-en-la-subida-a-la-reina","status":"publish","type":"post","link":"http:\/\/cordobainforma.info\/index.php\/2025\/09\/20\/los-cordobeses-carmen-martin-y-victor-manuel-fernandez-se-imponen-en-la-subida-a-la-reina\/","title":{"rendered":"Los cordobeses Carmen Mart\u00edn y V\u00edctor Manuel Fern\u00e1ndez se imponen en la Subida a la Reina"},"content":{"rendered":"<div><img src=\"http:\/\/cordobainforma.info\/wp-content\/uploads\/2025\/09\/los-cordobeses-carmen-martin-y-victor-manuel-fernandez-se-imponen-en-la-subida-a-la-reina.jpg\" class=\"ff-og-image-inserted\"><\/div>\n<p>La cuadrag\u00e9sima edici\u00f3n de la <strong>Subida a la Reina<\/strong>, disputada este s\u00e1bado en <strong>M\u00e1laga<\/strong>, reuni\u00f3 a cerca de 200 corredores en una cita marcada por la humedad y la gran igualdad. La carrera, de <strong>15 kil\u00f3metros de ascenso con un desnivel acumulado de 900 metros y una pendiente media del 5,6%<\/strong>, se resolvi\u00f3 en los \u00faltimos metros tras una salida neutralizada por las calles de M\u00e1laga y el posterior inicio oficial en Fuenteolletas.<\/p>\n<h2>Dominio cordob\u00e9s<\/h2>\n<p>En el transcurso de la prueba, el grupo principal tuvo que neutralizar un corte inicial de dos corredores que llegaron a disponer de m\u00e1s de un minuto de ventaja. Finalmente, el cordob\u00e9s<strong> V\u00edctor Fern\u00e1ndez <\/strong>se impuso en la meta con un crono de 37\u201950\u201d, 28 segundos m\u00e1s que en su victoria del a\u00f1o pasado. Apenas un segundo por detr\u00e1s lleg\u00f3 el malague\u00f1o de Co\u00edn <strong>Pablo Guerrero,<\/strong> exprofesional del Burgos BH, mientras que el joven<strong> Jos\u00e9 Antonio Trujillo<\/strong> asegur\u00f3 la tercera posici\u00f3n con un registro de 37\u201953\u201d.<\/p>\n<figure data-aida-image readability=\"1\"><picture><source media=\"(min-width:640.1px)\" type=\"image\/webp\" width=\"2000.0\" height=\"1333.0\"><source media=\"(min-width: 320.1px) and (max-width: 640px)\" type=\"image\/webp\" width=\"640.0\" height=\"427.0\"><source media=\"(max-width: 320px)\" type=\"image\/webp\" width=\"320.0\" height=\"213.0\"><source media=\"(min-width:640.1px)\" type=\"image\/jpeg\" width=\"2000.0\" height=\"1333.0\" data-aida-photoclipping><source media=\"(min-width: 320.1px) and (max-width: 640px)\" type=\"image\/jpeg\" width=\"640.0\" height=\"427.0\" data-aida-photoclipping><source media=\"(max-width: 320px)\" type=\"image\/jpeg\" width=\"320.0\" height=\"213.0\" data-aida-photoclipping><\/picture><figcaption data-aida-caption readability=\"2\">\n<p>Podio de la prueba en categor\u00eda femenina. <span data-aida-captionauthor> \/ C\u00d3RDOBA<\/span><\/p>\n<\/figcaption><\/figure>\n<p>En categor\u00eda femenina, la vencedora fue la aguilarense <strong>Carmen Mart\u00edn<\/strong> (Team Trujillo) con un tiempo de 49\u201944\u201d, tambi\u00e9n lejos del r\u00e9cord vigente de la internacional malague\u00f1a <strong>Natalia Fischer. <\/strong>Mart\u00edn aventaj\u00f3 en m\u00e1s de tres minutos a la veterana Paqui Jim\u00e9nez, segunda clasificada, y al podio se subi\u00f3 en tercer lugar la junior Mar\u00eda Alisa Sushch.<\/p>\n<p><strong>La Subida a la Reina es ya un cl\u00e1sico del calendario ciclista nacional,<\/strong> con un palmar\u00e9s en el que figuran nombres de la talla de Alberto Contador, Alejandro Valverde, Igor Astarloa y el propio \u201cQuillo\u201d M\u00e1rquez, que mantiene el r\u00e9cord con un tiempo de 36\u201905\u201d. Un a\u00f1o m\u00e1s, la prueba se celebr\u00f3 en el incomparable marco natural del Parque Natural de los Montes de M\u00e1laga, un enclave id\u00f3neo para la pr\u00e1ctica del ciclismo y habitual punto de encuentro para aficionados y amantes del deporte.<\/p>\n<p data-close=\"closedContent\">Suscr\u00edbete para seguir leyendo<\/p>\n","protected":false},"excerpt":{"rendered":"<p>La cuadrag\u00e9sima edici\u00f3n de la Subida a la Reina, disputada este s\u00e1bado en M\u00e1laga, reuni\u00f3 a cerca de 200 corredores en una cita marcada por la humedad y la gran igualdad. La carrera, de 15 kil\u00f3metros de ascenso con un desnivel acumulado de 900 metros y una pendiente media del 5,6%, se resolvi\u00f3 en los [&hellip;]<\/p>\n","protected":false},"author":1,"featured_media":168916,"comment_status":"closed","ping_status":"closed","sticky":false,"template":"","format":"standard","meta":[],"categories":[2],"tags":[],"_links":{"self":[{"href":"http:\/\/cordobainforma.info\/index.php\/wp-json\/wp\/v2\/posts\/168915"}],"collection":[{"href":"http:\/\/cordobainforma.info\/index.php\/wp-json\/wp\/v2\/posts"}],"about":[{"href":"http:\/\/cordobainforma.info\/index.php\/wp-json\/wp\/v2\/types\/post"}],"author":[{"embeddable":true,"href":"http:\/\/cordobainforma.info\/index.php\/wp-json\/wp\/v2\/users\/1"}],"replies":[{"embeddable":true,"href":"http:\/\/cordobainforma.info\/index.php\/wp-json\/wp\/v2\/comments?post=168915"}],"version-history":[{"count":0,"href":"http:\/\/cordobainforma.info\/index.php\/wp-json\/wp\/v2\/posts\/168915\/revisions"}],"wp:featuredmedia":[{"embeddable":true,"href":"http:\/\/cordobainforma.info\/index.php\/wp-json\/wp\/v2\/media\/168916"}],"wp:attachment":[{"href":"http:\/\/cordobainforma.info\/index.php\/wp-json\/wp\/v2\/media?parent=168915"}],"wp:term":[{"taxonomy":"category","embeddable":true,"href":"http:\/\/cordobainforma.info\/index.php\/wp-json\/wp\/v2\/categories?post=168915"},{"taxonomy":"post_tag","embeddable":true,"href":"http:\/\/cordobainforma.info\/index.php\/wp-json\/wp\/v2\/tags?post=168915"}],"curies":[{"name":"wp","href":"https:\/\/api.w.org\/{rel}","templated":true}]}}