{"id":168880,"date":"2025-09-20T15:05:21","date_gmt":"2025-09-20T15:05:21","guid":{"rendered":"http:\/\/cordobainforma.info\/index.php\/2025\/09\/20\/trump-podriamos-terminar-con-un-pais-cerrado-por-un-periodo-de-tiempo\/"},"modified":"2025-09-20T15:05:21","modified_gmt":"2025-09-20T15:05:21","slug":"trump-podriamos-terminar-con-un-pais-cerrado-por-un-periodo-de-tiempo","status":"publish","type":"post","link":"http:\/\/cordobainforma.info\/index.php\/2025\/09\/20\/trump-podriamos-terminar-con-un-pais-cerrado-por-un-periodo-de-tiempo\/","title":{"rendered":"Trump: \u00abPodr\u00edamos terminar con un pa\u00eds cerrado por un per\u00edodo de tiempo\u00bb"},"content":{"rendered":"<p><img src=\"http:\/\/cordobainforma.info\/wp-content\/uploads\/2025\/09\/trump-podriamos-terminar-con-un-pais-cerrado-por-un-periodo-de-tiempo.jpg\"><\/p>\n<p data-start=\"94\" data-end=\"251\">El presidente de EE.UU., Donald Trump, no descart\u00f3 la posibilidad de un cierre del Gobierno ante la falta de acuerdo sobre la financiaci\u00f3n en el Congreso.<\/p>\n<p data-start=\"253\" data-end=\"396\">\u00abSeguiremos hablando con los dem\u00f3cratas, pero creo que <strong>muy bien podr\u00edamos terminar con un pa\u00eds cerrado por un per\u00edodo de tiempo<\/strong>\u00ab, <a href=\"https:\/\/thehill.com\/homenews\/administration\/5513157-trump-predicts-government-shutdown\/\" target=\"_blank\" rel=\"noopener noreferrer\">dijo<\/a> Trump este viernes.&nbsp;<\/p>\n<div class=\"ReadMore-root Section-root Section-is1to3-xs_is1to1\" data-widgets=\"ReadMore\">\n<div class=\"Section-container Section-isRow-isTop-isWrap\">\n<article class=\"Card-root Card-is1to1 Card-default \">\n<div class=\"Card-imageWrap\">\n<div class=\"Card-picture\"> <picture class=\"Picture-root Picture-default\"><!--[if IE 9]><video style=\"display: none;\"><![endif]--><source media=\"(-webkit-min-device-pixel-ratio: 2) and (min-resolution: 120dpi)\" srcset=\"http:\/\/cordobainforma.info\/wp-content\/uploads\/2025\/09\/trump-podriamos-terminar-con-un-pais-cerrado-por-un-periodo-de-tiempo-2.jpg 850w, http:\/\/cordobainforma.info\/wp-content\/uploads\/2025\/09\/trump-podriamos-terminar-con-un-pais-cerrado-por-un-periodo-de-tiempo-3.jpg 1960w\"><source srcset=\"http:\/\/cordobainforma.info\/wp-content\/uploads\/2025\/09\/trump-podriamos-terminar-con-un-pais-cerrado-por-un-periodo-de-tiempo-2.jpg, https:\/\/actualidad.rt.com\/actualidad\/460, http:\/\/cordobainforma.info\/wp-content\/uploads\/2025\/09\/trump-podriamos-terminar-con-un-pais-cerrado-por-un-periodo-de-tiempo-3.jpg 980w\"><!--[if IE 9]><\/video><![endif]--><img data-sizes=\"auto\" src=\"http:\/\/cordobainforma.info\/wp-content\/uploads\/2025\/09\/trump-podriamos-terminar-con-un-pais-cerrado-por-un-periodo-de-tiempo-2.jpg\" class=\"Picture-root Picture-default lazyload\" alt=\"Trump: &quot;No quiero ganar dinero con la guerra en Ucrania, pero lo ganamos porque compran nuestras armas&quot;\"><\/picture><!-- noscript pattern --><noscript><img src=\"http:\/\/cordobainforma.info\/wp-content\/uploads\/2025\/09\/trump-podriamos-terminar-con-un-pais-cerrado-por-un-periodo-de-tiempo-3.jpg\" alt=\"Trump: &quot;No quiero ganar dinero con la guerra en Ucrania, pero lo ganamos porque compran nuestras armas&quot;\"><\/noscript> <\/div><\/div>\n<\/article><\/div><\/div>\n<p>Al mismo tiempo, asegur\u00f3 que los sectores clave no quedar\u00edan sin financiaci\u00f3n. \u00ab<strong>Y nos ocuparemos del Ej\u00e9rcito. Nos ocuparemos del seguro social<\/strong>. Nos ocuparemos de las cosas de las que tenemos que ocuparnos\u00bb, se\u00f1al\u00f3, agregando que \u00abmuchas de las cosas por las que luchan los dem\u00f3cratas no podr\u00e1n ser pagadas\u00bb.<\/p>\n<p data-start=\"737\" data-end=\"773\"><strong data-start=\"737\" data-end=\"771\">Amenaza de cierre del Gobierno<\/strong><\/p>\n<p>Sus declaraciones se producen en medio del estancamiento del proyecto de ley de financiaci\u00f3n del Gobierno hasta noviembre, que pas\u00f3 por la C\u00e1mara de Representantes, pero se bloque\u00f3 en el Senado, <strong>obteniendo 48 votos en lugar de los 60 necesarios<\/strong>.<\/p>\n<p data-start=\"1023\" data-end=\"1241\">El cierre del Gobierno <a href=\"https:\/\/www.brookings.edu\/articles\/surprisingly-democrats-not-republicans-will-be-calling-for-a-shutdown-this-year\/\" target=\"_blank\" rel=\"noopener noreferrer\">amenaza<\/a> a miles de empleados p\u00fablicos. Muchos funcionarios federales que no tienen obligaciones esenciales no se presentan a trabajar y, como resultado, sus actividades habituales se suspenden.<\/p>\n","protected":false},"excerpt":{"rendered":"<p>El presidente de EE.UU., Donald Trump, no descart\u00f3 la posibilidad de un cierre del Gobierno ante la falta de acuerdo sobre la financiaci\u00f3n en el Congreso. \u00abSeguiremos hablando con los dem\u00f3cratas, pero creo que muy bien podr\u00edamos terminar con un pa\u00eds cerrado por un per\u00edodo de tiempo\u00ab, dijo Trump este viernes.&nbsp; Al mismo tiempo, asegur\u00f3 [&hellip;]<\/p>\n","protected":false},"author":1,"featured_media":168881,"comment_status":"closed","ping_status":"closed","sticky":false,"template":"","format":"standard","meta":[],"categories":[22],"tags":[],"_links":{"self":[{"href":"http:\/\/cordobainforma.info\/index.php\/wp-json\/wp\/v2\/posts\/168880"}],"collection":[{"href":"http:\/\/cordobainforma.info\/index.php\/wp-json\/wp\/v2\/posts"}],"about":[{"href":"http:\/\/cordobainforma.info\/index.php\/wp-json\/wp\/v2\/types\/post"}],"author":[{"embeddable":true,"href":"http:\/\/cordobainforma.info\/index.php\/wp-json\/wp\/v2\/users\/1"}],"replies":[{"embeddable":true,"href":"http:\/\/cordobainforma.info\/index.php\/wp-json\/wp\/v2\/comments?post=168880"}],"version-history":[{"count":0,"href":"http:\/\/cordobainforma.info\/index.php\/wp-json\/wp\/v2\/posts\/168880\/revisions"}],"wp:featuredmedia":[{"embeddable":true,"href":"http:\/\/cordobainforma.info\/index.php\/wp-json\/wp\/v2\/media\/168881"}],"wp:attachment":[{"href":"http:\/\/cordobainforma.info\/index.php\/wp-json\/wp\/v2\/media?parent=168880"}],"wp:term":[{"taxonomy":"category","embeddable":true,"href":"http:\/\/cordobainforma.info\/index.php\/wp-json\/wp\/v2\/categories?post=168880"},{"taxonomy":"post_tag","embeddable":true,"href":"http:\/\/cordobainforma.info\/index.php\/wp-json\/wp\/v2\/tags?post=168880"}],"curies":[{"name":"wp","href":"https:\/\/api.w.org\/{rel}","templated":true}]}}