{"id":168872,"date":"2025-09-20T14:35:23","date_gmt":"2025-09-20T14:35:23","guid":{"rendered":"https:\/\/www.mujerhoy.com\/moda\/tendencias\/cardigans-ajustados-tendencia-otono-20250920161454-nt.html"},"modified":"2025-09-20T14:35:23","modified_gmt":"2025-09-20T14:35:23","slug":"es-tendencia-cardigans-ajustados-que-favorecen-a-elegantes-clasicas-y-modernas","status":"publish","type":"post","link":"http:\/\/cordobainforma.info\/index.php\/2025\/09\/20\/es-tendencia-cardigans-ajustados-que-favorecen-a-elegantes-clasicas-y-modernas\/","title":{"rendered":"Es tendencia: c\u00e1rdigans ajustados que favorecen a elegantes, cl\u00e1sicas y modernas"},"content":{"rendered":"<div class=\"media_block\"><\/div>\n<p><!-- AUTHOR --><\/p>\n<div class=\"voc-author-timesocial \">\n<!-- AUTHOR --><\/p>\n<div class=\"voc-author-timesocial__signature \">\n<!-- IMAGE AUTHOR -->\n<picture class=\"voc-image-signature\">\n<img class=\"voc-image-signature__img\" src=\"http:\/\/cordobainforma.info\/wp-content\/uploads\/2025\/09\/es-tendencia-cardigans-ajustados-que-favorecen-a-elegantes-clasicas-y-modernas.jpg\" alt=\"Lauren Izquierdo\">\n<\/picture>\n<!-- INFO AUTHOR --> <\/div><\/div>\n<p><!-- COMPONENTS --><\/p>\n<p class=\"voc-paragraph\"><strong>Ya no son cursis<\/strong>, pero tampoco los mismos que conoces. Desde hace varias temporadas, los <a href=\"https:\/\/www.mujerhoy.com\/moda\/tendencias\/cardigans-para-llevar-con-camisa-20250426123741-nt.html\" title=\"www.mujerhoy.com\" data-voc-vtm-id=\"in-text-traffic\" data-mrf-link=\"www.mujerhoy.com\">c\u00e1rdigans<\/a> siempre vuelven durante el entretiempo, pero este oto\u00f1o regresan en una versi\u00f3n mucho m\u00e1s favorecedora. <strong>Se llevan ajustados<\/strong>, con cortes que realzan la silueta y que, en muchos casos, marcan la cintura. <\/p>\n<p class=\"voc-paragraph\">A diferencia de los <strong>modelos oversize<\/strong> que dominaron temporadas anteriores, esta propuesta aporta un aire m\u00e1s pulido y femenino, perfecto para quienes buscan un equilibrio entre comodidad y elegancia. Lo mejor es que los c\u00e1rdigans ajustados son de lo m\u00e1s vers\u00e1tiles. Las m\u00e1s cl\u00e1sicas los encontrar\u00e1n en los tonos neutros como el gris, el beige o el negro una <strong>opci\u00f3n infalible<\/strong>, mientras que quienes prefieren un aire m\u00e1s moderno podr\u00e1n apostar por colores intensos o botones llamativos. Sea como fuere, el efecto ser\u00e1 el mismo: un look sencillo, pero elegante, y perfecto para el d\u00eda a d\u00eda.<\/p>\n<div class=\"v-c-cmp v-c-cmp--t1 \">\n<div class=\"v-cmp-rld v-cmp-rld--2 \">\n<div class=\"v-cnt-m v-cnt-m--m\">\n<div class=\"v-cnt-m__c\">\n<div class=\"v-cnt-m__w v-cnt-m__w--1\">\n<p class=\"v-cnt-m__t\">\nTAMBI\u00c9N TE INTERESA\n<\/p>\n<\/div>\n<\/div>\n<\/div>\n<div class=\"v-g v-g--2-c v-g--bdr-min-xs\">\n<div class=\"v-g__c \">\n<article class=\"v-a v-a--cmp-rld v-a--cmp-rld-2 v-a--p-l\">\n<div class=\"v-a-img-c\">\n<figure class=\"v-a-fig\">\n<a href=\"https:\/\/www.mujerhoy.com\/moda\/no-te-pierdas\/cardigans-para-enamorar-en-septiembre-20240823131247-nt.html#vtm_modulosEngag=mod-rel:moda:noticia:1:cmp:2-not\" class=\"v-a-link\" title=\"Los c\u00e1rdigans han vuelto: seis modelos que sientan bien\"><br \/>\n<img loading=\"lazy\" class=\"v-a-img\" src=\"http:\/\/cordobainforma.info\/wp-content\/uploads\/2025\/09\/es-tendencia-cardigans-ajustados-que-favorecen-a-elegantes-clasicas-y-modernas-1.jpg\" alt=\"Los c\u00e1rdigans han vuelto: seis modelos que sientan bien\"><br \/>\n<\/a><br \/>\n<\/figure>\n<\/div>\n<\/article>\n<\/div>\n<div class=\"v-g__c \">\n<article class=\"v-a v-a--cmp-rld v-a--cmp-rld-2 v-a--p-l\">\n<div class=\"v-a-img-c\">\n<figure class=\"v-a-fig\">\n<a href=\"https:\/\/www.mujerhoy.com\/moda\/no-te-pierdas\/cardigans-gruesos-bonitos-tendencia-20241027094406-nt.html#vtm_modulosEngag=mod-rel:moda:noticia:2:cmp:2-not\" class=\"v-a-link\" title=\"\u00danete al club: los c\u00e1rdigans gruesos m\u00e1s bonitos de la temporada\"><br \/>\n<img loading=\"lazy\" class=\"v-a-img\" src=\"http:\/\/cordobainforma.info\/wp-content\/uploads\/2025\/09\/es-tendencia-cardigans-ajustados-que-favorecen-a-elegantes-clasicas-y-modernas-2.jpg\" alt=\"\u00danete al club: los c\u00e1rdigans gruesos m\u00e1s bonitos de la temporada\"><br \/>\n<\/a><br \/>\n<\/figure>\n<\/div>\n<\/article>\n<\/div>\n<\/div>\n<\/div>\n<\/div>\n<p class=\"voc-paragraph\">Combinados con vaqueros, estos c\u00e1rdigans crean una f\u00f3rmula f\u00e1cil que siempre funciona cuando bajan las temperaturas. Tambi\u00e9n pueden llevarse con faldas midi o pantalones de pinzas para un <strong>resultado m\u00e1s sofisticado<\/strong>. Te los pondr\u00e1s mucho m\u00e1s de lo que imaginas. <\/p>\n<p><h3 class=\"v-cmp-suh\">\nLos mejores c\u00e1rdigans ajustados de la temporada<br \/>\n<\/h3>\n<\/p>\n<div class=\"v-c-cmp v-c-cmp--s\">\n<div class=\"v-cmp-m \">\n<article class=\"v-a v-a--cmp-m v-c-cmp--m-z\">\n<div class=\"v-a-img-c \">\n<div class=\"v-a-fig\">\n<button class=\"v-a-link\" popovertarget=\"photo-235\"><br \/>\n<img loading=\"lazy\" src=\"http:\/\/cordobainforma.info\/wp-content\/uploads\/2025\/09\/es-tendencia-cardigans-ajustados-que-favorecen-a-elegantes-clasicas-y-modernas-3.jpg\" class=\"v-a-img\" width=\"650\" height=\"650\" alt=\"C\u00e1rdigan marr\u00f3n de New Look, 34,99 euros.\" data-voc-vtm-id=\"in-text-traffic\"> <\/button><figcaption class=\"v-fc\">\n<span class=\"v-fc__t\"><br \/>\nC\u00e1rdigan marr\u00f3n de New Look, 34,99 euros.<br \/>\n<\/span><br \/>\n<\/figcaption><\/div>\n<\/div>\n<div id=\"photo-235\" popover class=\"v-mdl v-mdl--fw\">\n<button class=\"v-x\" popovertarget=\"photo-235\" popovertargetaction=\"hide\"><br \/>\n<span class=\"v-i\"><br \/>\n<svg width=\"24\" height=\"23.996\" viewBox=\"0 0 24 23.996\">\n<path data-name=\"Uni\u00f3n 29\" d=\"M12,14.03,2.031,24,0,21.963,9.968,12,0,2.033,2.031,0,12,9.966,21.969,0,24,2.033,14.032,12,24,21.963,21.969,24Z\" \/>\n<\/svg><br \/>\n<\/span><br \/>\n<\/button><\/p>\n<div class=\"v-mdl__c\">\n<div class=\"v-mdl__w\">\n<img loading=\"lazy\" src=\"http:\/\/cordobainforma.info\/wp-content\/uploads\/2025\/09\/es-tendencia-cardigans-ajustados-que-favorecen-a-elegantes-clasicas-y-modernas-3.jpg\" class=\"v-mdl__img-z\" width=\"650\" height=\"650\" alt>\n<\/div>\n<\/div>\n<\/div>\n<p><span class=\"v-bdp\"><\/span><br \/>\n<\/article>\n<\/div>\n<\/div>\n<p class=\"voc-paragraph\"><strong>C\u00e1rdigan marr\u00f3n de New Look, 34,99 euros.<\/strong> Es c\u00f3modo, sienta bien y adem\u00e1s, queda espectacular con tonos como el gris o el azul marino, aunque tambi\u00e9n es el aliado ideal de negros, blancos o tonos vaqueros.<\/p>\n<div class=\"v-c-cmp v-c-cmp--s\">\n<div class=\"v-cmp-m \">\n<article class=\"v-a v-a--cmp-m v-c-cmp--m-z\">\n<div class=\"v-a-img-c \">\n<div class=\"v-a-fig\">\n<button class=\"v-a-link\" popovertarget=\"photo-876\"><br \/>\n<img loading=\"lazy\" src=\"http:\/\/cordobainforma.info\/wp-content\/uploads\/2025\/09\/es-tendencia-cardigans-ajustados-que-favorecen-a-elegantes-clasicas-y-modernas-4.jpg\" class=\"v-a-img\" width=\"650\" height=\"650\" alt=\"Chaqueta gris de Stradivarius, 22,99 euros.\" data-voc-vtm-id=\"in-text-traffic\"> <\/button><figcaption class=\"v-fc\">\n<span class=\"v-fc__t\"><br \/>\nChaqueta gris de Stradivarius, 22,99 euros.<br \/>\n<\/span><br \/>\n<\/figcaption><\/div>\n<\/div>\n<div id=\"photo-876\" popover class=\"v-mdl v-mdl--fw\">\n<button class=\"v-x\" popovertarget=\"photo-876\" popovertargetaction=\"hide\"><br \/>\n<span class=\"v-i\"><br \/>\n<svg width=\"24\" height=\"23.996\" viewBox=\"0 0 24 23.996\">\n<path data-name=\"Uni\u00f3n 29\" d=\"M12,14.03,2.031,24,0,21.963,9.968,12,0,2.033,2.031,0,12,9.966,21.969,0,24,2.033,14.032,12,24,21.963,21.969,24Z\" \/>\n<\/svg><br \/>\n<\/span><br \/>\n<\/button><\/p>\n<div class=\"v-mdl__c\">\n<div class=\"v-mdl__w\">\n<img loading=\"lazy\" src=\"http:\/\/cordobainforma.info\/wp-content\/uploads\/2025\/09\/es-tendencia-cardigans-ajustados-que-favorecen-a-elegantes-clasicas-y-modernas-4.jpg\" class=\"v-mdl__img-z\" width=\"650\" height=\"650\" alt>\n<\/div>\n<\/div>\n<\/div>\n<p><span class=\"v-bdp\"><\/span><br \/>\n<\/article>\n<\/div>\n<\/div>\n<p class=\"voc-paragraph\"><strong>Chaqueta gris de Stradivarius, 22,99 euros. <\/strong>El gris volver\u00e1 a ser el tono de 2025. Si no sabes c\u00f3mo llevarlo, mi consejo es que no te compliques, con un vaquero y unas bailarinas o bolso rojo, el look est\u00e1 garantizado. <\/p>\n<div class=\"v-c-cmp v-c-cmp--s\">\n<div class=\"v-cmp-m \">\n<article class=\"v-a v-a--cmp-m v-c-cmp--m-z\">\n<div class=\"v-a-img-c \">\n<div class=\"v-a-fig\">\n<button class=\"v-a-link\" popovertarget=\"photo-433\"><br \/>\n<img loading=\"lazy\" src=\"http:\/\/cordobainforma.info\/wp-content\/uploads\/2025\/09\/es-tendencia-cardigans-ajustados-que-favorecen-a-elegantes-clasicas-y-modernas-5.jpg\" class=\"v-a-img\" width=\"650\" height=\"650\" alt=\"C\u00e1rdigan marr\u00f3n chocolate de Massimo Dutti, 49,95 euros.\" data-voc-vtm-id=\"in-text-traffic\"> <\/button><figcaption class=\"v-fc\">\n<span class=\"v-fc__t\"><br \/>\nC\u00e1rdigan marr\u00f3n chocolate de Massimo Dutti, 49,95 euros.<br \/>\n<\/span><br \/>\n<\/figcaption><\/div>\n<\/div>\n<div id=\"photo-433\" popover class=\"v-mdl v-mdl--fw\">\n<button class=\"v-x\" popovertarget=\"photo-433\" popovertargetaction=\"hide\"><br \/>\n<span class=\"v-i\"><br \/>\n<svg width=\"24\" height=\"23.996\" viewBox=\"0 0 24 23.996\">\n<path data-name=\"Uni\u00f3n 29\" d=\"M12,14.03,2.031,24,0,21.963,9.968,12,0,2.033,2.031,0,12,9.966,21.969,0,24,2.033,14.032,12,24,21.963,21.969,24Z\" \/>\n<\/svg><br \/>\n<\/span><br \/>\n<\/button><\/p>\n<div class=\"v-mdl__c\">\n<div class=\"v-mdl__w\">\n<img loading=\"lazy\" src=\"http:\/\/cordobainforma.info\/wp-content\/uploads\/2025\/09\/es-tendencia-cardigans-ajustados-que-favorecen-a-elegantes-clasicas-y-modernas-5.jpg\" class=\"v-mdl__img-z\" width=\"650\" height=\"650\" alt>\n<\/div>\n<\/div>\n<\/div>\n<p><span class=\"v-bdp\"><\/span><br \/>\n<\/article>\n<\/div>\n<\/div>\n<p class=\"voc-paragraph\"><strong>C\u00e1rdigan marr\u00f3n chocolate de Massimo Dutti, 49,95 euros.<\/strong> Es el color de la temporada. Combina con negros, blancos, grises e incluso con tonos llamativos como el azul Klein o el naranja. Ll\u00e9valo con pantalones de traje o incluso con faldas midi de silueta A.<\/p>\n<div class=\"v-c-cmp v-c-cmp--s\">\n<div class=\"v-cmp-m \">\n<article class=\"v-a v-a--cmp-m v-c-cmp--m-z\">\n<div class=\"v-a-img-c \">\n<div class=\"v-a-fig\">\n<button class=\"v-a-link\" popovertarget=\"photo-851\"><br \/>\n<img loading=\"lazy\" src=\"http:\/\/cordobainforma.info\/wp-content\/uploads\/2025\/09\/es-tendencia-cardigans-ajustados-que-favorecen-a-elegantes-clasicas-y-modernas-6.jpg\" class=\"v-a-img\" width=\"650\" height=\"650\" alt=\"C\u00e1rdigan ajustado negro de Guess, 90 euros.\" data-voc-vtm-id=\"in-text-traffic\"> <\/button><figcaption class=\"v-fc\">\n<span class=\"v-fc__t\"><br \/>\nC\u00e1rdigan ajustado negro de Guess, 90 euros.<br \/>\n<\/span><br \/>\n<\/figcaption><\/div>\n<\/div>\n<div id=\"photo-851\" popover class=\"v-mdl v-mdl--fw\">\n<button class=\"v-x\" popovertarget=\"photo-851\" popovertargetaction=\"hide\"><br \/>\n<span class=\"v-i\"><br \/>\n<svg width=\"24\" height=\"23.996\" viewBox=\"0 0 24 23.996\">\n<path data-name=\"Uni\u00f3n 29\" d=\"M12,14.03,2.031,24,0,21.963,9.968,12,0,2.033,2.031,0,12,9.966,21.969,0,24,2.033,14.032,12,24,21.963,21.969,24Z\" \/>\n<\/svg><br \/>\n<\/span><br \/>\n<\/button><\/p>\n<div class=\"v-mdl__c\">\n<div class=\"v-mdl__w\">\n<img loading=\"lazy\" src=\"http:\/\/cordobainforma.info\/wp-content\/uploads\/2025\/09\/es-tendencia-cardigans-ajustados-que-favorecen-a-elegantes-clasicas-y-modernas-6.jpg\" class=\"v-mdl__img-z\" width=\"650\" height=\"650\" alt>\n<\/div>\n<\/div>\n<\/div>\n<p><span class=\"v-bdp\"><\/span><br \/>\n<\/article>\n<\/div>\n<\/div>\n<p class=\"voc-paragraph\"><strong>C\u00e1rdigan ajustado negro de Guess, 90 euros.<\/strong> Es el m\u00e1s vers\u00e1til. Le sacar\u00e1s mucho partido, tanto con b\u00e1sicos en estilismo monocroma que te de un aire m\u00e1s estilizado, con b\u00e1sicos como vaqueros o faldas de tablas o sobre vestidos para un rollo lady like.<\/p>\n<div class=\"v-c-cmp v-c-cmp--s\">\n<div class=\"v-cmp-m \">\n<article class=\"v-a v-a--cmp-m v-c-cmp--m-z\">\n<div class=\"v-a-img-c \">\n<div class=\"v-a-fig\">\n<button class=\"v-a-link\" popovertarget=\"photo-70\"><br \/>\n<img loading=\"lazy\" src=\"http:\/\/cordobainforma.info\/wp-content\/uploads\/2025\/09\/es-tendencia-cardigans-ajustados-que-favorecen-a-elegantes-clasicas-y-modernas-7.jpg\" class=\"v-a-img\" width=\"650\" height=\"650\" alt=\"C\u00e1rdigan naranja de H&amp;M, 7,99 euros.\" data-voc-vtm-id=\"in-text-traffic\"> <\/button><figcaption class=\"v-fc\">\n<span class=\"v-fc__t\"><br \/>\nC\u00e1rdigan naranja de H&amp;M, 7,99 euros.<br \/>\n<\/span><br \/>\n<\/figcaption><\/div>\n<\/div>\n<div id=\"photo-70\" popover class=\"v-mdl v-mdl--fw\">\n<button class=\"v-x\" popovertarget=\"photo-70\" popovertargetaction=\"hide\"><br \/>\n<span class=\"v-i\"><br \/>\n<svg width=\"24\" height=\"23.996\" viewBox=\"0 0 24 23.996\">\n<path data-name=\"Uni\u00f3n 29\" d=\"M12,14.03,2.031,24,0,21.963,9.968,12,0,2.033,2.031,0,12,9.966,21.969,0,24,2.033,14.032,12,24,21.963,21.969,24Z\" \/>\n<\/svg><br \/>\n<\/span><br \/>\n<\/button><\/p>\n<div class=\"v-mdl__c\">\n<div class=\"v-mdl__w\">\n<img loading=\"lazy\" src=\"http:\/\/cordobainforma.info\/wp-content\/uploads\/2025\/09\/es-tendencia-cardigans-ajustados-que-favorecen-a-elegantes-clasicas-y-modernas-7.jpg\" class=\"v-mdl__img-z\" width=\"650\" height=\"650\" alt>\n<\/div>\n<\/div>\n<\/div>\n<p><span class=\"v-bdp\"><\/span><br \/>\n<\/article>\n<\/div>\n<\/div>\n<p class=\"voc-paragraph\"><strong>C\u00e1rdigan naranja de H&amp;M, 7,99 euros.<\/strong> Para un toque de color que no pase desapercibido y logre un resultado juvenil, atemporal y original que quite a\u00f1os de encima. Los marrones y azules marinos son sus grandes aliados.<\/p>\n<div class=\"v-c-cmp v-c-cmp--s\">\n<div class=\"v-cmp-m \">\n<article class=\"v-a v-a--cmp-m v-c-cmp--m-z\">\n<div class=\"v-a-img-c \">\n<div class=\"v-a-fig\">\n<button class=\"v-a-link\" popovertarget=\"photo-419\"><br \/>\n<img loading=\"lazy\" src=\"http:\/\/cordobainforma.info\/wp-content\/uploads\/2025\/09\/es-tendencia-cardigans-ajustados-que-favorecen-a-elegantes-clasicas-y-modernas-8.jpg\" class=\"v-a-img\" width=\"650\" height=\"650\" alt=\"C\u00e1rdigan ajustado azul marino de Benetton, 27,95 euros.\" data-voc-vtm-id=\"in-text-traffic\"> <\/button><figcaption class=\"v-fc\">\n<span class=\"v-fc__t\"><br \/>\nC\u00e1rdigan ajustado azul marino de Benetton, 27,95 euros.<br \/>\n<\/span><br \/>\n<\/figcaption><\/div>\n<\/div>\n<div id=\"photo-419\" popover class=\"v-mdl v-mdl--fw\">\n<button class=\"v-x\" popovertarget=\"photo-419\" popovertargetaction=\"hide\"><br \/>\n<span class=\"v-i\"><br \/>\n<svg width=\"24\" height=\"23.996\" viewBox=\"0 0 24 23.996\">\n<path data-name=\"Uni\u00f3n 29\" d=\"M12,14.03,2.031,24,0,21.963,9.968,12,0,2.033,2.031,0,12,9.966,21.969,0,24,2.033,14.032,12,24,21.963,21.969,24Z\" \/>\n<\/svg><br \/>\n<\/span><br \/>\n<\/button><\/p>\n<div class=\"v-mdl__c\">\n<div class=\"v-mdl__w\">\n<img loading=\"lazy\" src=\"http:\/\/cordobainforma.info\/wp-content\/uploads\/2025\/09\/es-tendencia-cardigans-ajustados-que-favorecen-a-elegantes-clasicas-y-modernas-8.jpg\" class=\"v-mdl__img-z\" width=\"650\" height=\"650\" alt>\n<\/div>\n<\/div>\n<\/div>\n<p><span class=\"v-bdp\"><\/span><br \/>\n<\/article>\n<\/div>\n<\/div>\n<p class=\"voc-paragraph\"><strong>C\u00e1rdigan ajustado azul marino de Benetton, 27,95 euros.<\/strong> Es el tono de la temporada, a medio camino entre moderno y actual y un cl\u00e1sico infalible, es ideal para equilibrar los tonos m\u00e1s llamativos o acompa\u00f1ar a otros neutros igual de ponibles. Lo llevar\u00e1s siempre. <\/p>\n<div class=\"v-c-cmp v-c-cmp--t1 \">\n<div class=\"v-cmp-rld v-cmp-rld--2 \">\n<div class=\"v-cnt-m v-cnt-m--m\">\n<div class=\"v-cnt-m__c\">\n<div class=\"v-cnt-m__w v-cnt-m__w--1\">\n<p class=\"v-cnt-m__t\">\nTAMBI\u00c9N TE INTERESA\n<\/p>\n<\/div>\n<\/div>\n<\/div>\n<div class=\"v-g v-g--2-c v-g--bdr-min-xs\">\n<div class=\"v-g__c \">\n<article class=\"v-a v-a--cmp-rld v-a--cmp-rld-2 v-a--p-l\">\n<div class=\"v-a-img-c\">\n<figure class=\"v-a-fig\">\n<a href=\"https:\/\/www.mujerhoy.com\/moda\/no-te-pierdas\/cardigans-con-vaqueros-combo-20241212171417-nt.html#vtm_modulosEngag=mod-rel:moda:noticia:1:cmp:2-not\" class=\"v-a-link\" title=\"C\u00e1rdigans con vaqueros: el combo m\u00e1s vers\u00e1til y elegante que llevar a diario\"><br \/>\n<img loading=\"lazy\" class=\"v-a-img\" src=\"http:\/\/cordobainforma.info\/wp-content\/uploads\/2025\/09\/es-tendencia-cardigans-ajustados-que-favorecen-a-elegantes-clasicas-y-modernas-9.jpg\" alt=\"C\u00e1rdigans con vaqueros: el combo m\u00e1s vers\u00e1til y elegante que llevar a diario\"><br \/>\n<\/a><br \/>\n<\/figure>\n<\/div>\n<\/article>\n<\/div>\n<div class=\"v-g__c \">\n<article class=\"v-a v-a--cmp-rld v-a--cmp-rld-2 v-a--p-l\">\n<div class=\"v-a-img-c\">\n<figure class=\"v-a-fig\">\n<a href=\"https:\/\/www.mujerhoy.com\/moda\/no-te-pierdas\/cardigans-cuello-redondo-frio-20241204164554-nt.html#vtm_modulosEngag=mod-rel:moda:noticia:2:cmp:2-not\" class=\"v-a-link\" title=\"C\u00e1rdigans de cuello redondo que todas llevaremos en invierno\"><br \/>\n<img loading=\"lazy\" class=\"v-a-img\" src=\"http:\/\/cordobainforma.info\/wp-content\/uploads\/2025\/09\/es-tendencia-cardigans-ajustados-que-favorecen-a-elegantes-clasicas-y-modernas-10.jpg\" alt=\"C\u00e1rdigans de cuello redondo que todas llevaremos en invierno\"><br \/>\n<\/a><br \/>\n<\/figure>\n<\/div>\n<\/article>\n<\/div>\n<\/div>\n<\/div>\n<\/div>\n","protected":false},"excerpt":{"rendered":"<p>Ya no son cursis, pero tampoco los mismos que conoces. Desde hace varias temporadas, los c\u00e1rdigans siempre vuelven durante el entretiempo, pero este oto\u00f1o regresan en una versi\u00f3n mucho m\u00e1s favorecedora. Se llevan ajustados, con cortes que realzan la silueta y que, en muchos casos, marcan la cintura. A diferencia de los modelos oversize que [&hellip;]<\/p>\n","protected":false},"author":1,"featured_media":168873,"comment_status":"closed","ping_status":"closed","sticky":false,"template":"","format":"standard","meta":[],"categories":[24],"tags":[],"_links":{"self":[{"href":"http:\/\/cordobainforma.info\/index.php\/wp-json\/wp\/v2\/posts\/168872"}],"collection":[{"href":"http:\/\/cordobainforma.info\/index.php\/wp-json\/wp\/v2\/posts"}],"about":[{"href":"http:\/\/cordobainforma.info\/index.php\/wp-json\/wp\/v2\/types\/post"}],"author":[{"embeddable":true,"href":"http:\/\/cordobainforma.info\/index.php\/wp-json\/wp\/v2\/users\/1"}],"replies":[{"embeddable":true,"href":"http:\/\/cordobainforma.info\/index.php\/wp-json\/wp\/v2\/comments?post=168872"}],"version-history":[{"count":0,"href":"http:\/\/cordobainforma.info\/index.php\/wp-json\/wp\/v2\/posts\/168872\/revisions"}],"wp:featuredmedia":[{"embeddable":true,"href":"http:\/\/cordobainforma.info\/index.php\/wp-json\/wp\/v2\/media\/168873"}],"wp:attachment":[{"href":"http:\/\/cordobainforma.info\/index.php\/wp-json\/wp\/v2\/media?parent=168872"}],"wp:term":[{"taxonomy":"category","embeddable":true,"href":"http:\/\/cordobainforma.info\/index.php\/wp-json\/wp\/v2\/categories?post=168872"},{"taxonomy":"post_tag","embeddable":true,"href":"http:\/\/cordobainforma.info\/index.php\/wp-json\/wp\/v2\/tags?post=168872"}],"curies":[{"name":"wp","href":"https:\/\/api.w.org\/{rel}","templated":true}]}}