{"id":168861,"date":"2025-09-20T13:40:07","date_gmt":"2025-09-20T13:40:07","guid":{"rendered":"https:\/\/cordobainforma.info\/index.php\/2025\/09\/20\/tragedia-en-el-puente-chaco-corrientes-un-hombre-murio-y-el-camionero-quedo-detenido-tras-el-choque-en-cadena\/"},"modified":"2025-09-20T13:40:07","modified_gmt":"2025-09-20T13:40:07","slug":"tragedia-en-el-puente-chaco-corrientes-un-hombre-murio-y-el-camionero-quedo-detenido-tras-el-choque-en-cadena","status":"publish","type":"post","link":"http:\/\/cordobainforma.info\/index.php\/2025\/09\/20\/tragedia-en-el-puente-chaco-corrientes-un-hombre-murio-y-el-camionero-quedo-detenido-tras-el-choque-en-cadena\/","title":{"rendered":"Tragedia en el puente Chaco-Corrientes: un hombre muri\u00f3 y el camionero qued\u00f3 detenido tras el choque en cadena"},"content":{"rendered":"<div class=\"media_block\"><\/div>\n<div><img src=\"http:\/\/cordobainforma.info\/wp-content\/uploads\/2025\/09\/tragedia-en-el-puente-chaco-corrientes-un-hombre-murio-y-el-camionero-quedo-detenido-tras-el-choque-en-cadena.jpg\" class=\"ff-og-image-inserted\"><\/div>\n<p>La tragedia se confirm\u00f3 en la noche del viernes. A las 22:00, el <strong>Hospital Escuela<\/strong> de la ciudad de <strong>Corrientes<\/strong> confirm\u00f3 la muerte de <strong>Juan Carlos P\u00e9rez<\/strong>, de 57 a\u00f1os, una de las v\u00edctimas del grave <strong>choque en cadena<\/strong> que afect\u00f3 el tr\u00e1nsito del <strong>puente Chaco-Corrientes<\/strong> por m\u00e1s de nueve horas.<\/p>\n<p class=\"destacadoNota\"><a target=\"_blank\" href=\"https:\/\/www.perfil.com\/noticias\/nea\/puente-chaco-corrientes-corte-total-de-transito-por-un-choque-en-cadena-con-un-camion-sin-frenos-como-protagonista.phtml\" rel=\"noopener noreferrer\"><strong>Puente Chaco-Corrientes: corte total de tr\u00e1nsito por un choque en cadena, con un cami\u00f3n sin frenos como protagonista<\/strong><\/a><\/p>\n<p>El deceso de P\u00e9rez llev\u00f3 al fiscal en turno de <strong>Chaco<\/strong>, <strong>V\u00edctor Recio<\/strong>, a ordenar la detenci\u00f3n del camionero que protagoniz\u00f3 el siniestro.<\/p>\n<h2><strong>La v\u00edctima fatal del siniestro<\/strong><\/h2>\n<p>De acuerdo a las fuentes del centro de salud, <strong>Juan Carlos P\u00e9rez<\/strong> era un hombre domiciliado en el barrio R\u00edo Paran\u00e1 de la capital correntina. Al momento del accidente, circulaba en su motocicleta <strong>Zanella ZB<\/strong> negra, cuando fue alcanzado por la colisi\u00f3n masiva que lo dej\u00f3 debajo de una camioneta en la mitad del viaducto.<\/p>\n<p>El hombre ingres\u00f3 de urgencia al hospital con politraumatismos graves, donde permaneci\u00f3 varias horas bajo asistencia m\u00e9dica hasta que se produjo su fallecimiento.<\/p>\n<p class=\"destacadoNota\"><a target=\"_blank\" href=\"https:\/\/www.perfil.com\/noticias\/nea\/chaco-implemento-nuevas-maquinas-sube-que-permiten-pagar-con-tarjeta-y-qr.phtml\" rel=\"noopener noreferrer\"><strong>Chaco implement\u00f3 nuevas m\u00e1quinas SUBE que permiten pagar con tarjeta y QR<\/strong><\/a><\/p>\n<h2><strong>El camionero detenido por \u00abhomicidio culposo\u00bb<\/strong><\/h2>\n<p>Ante la confirmaci\u00f3n de la v\u00edctima fatal, el fiscal <strong>V\u00edctor Recio<\/strong> orden\u00f3 la aprehensi\u00f3n del conductor del cami\u00f3n Volvo, identificado como N.R.D. El veh\u00edculo de gran porte se habr\u00eda quedado sin frenos y embisti\u00f3 a los rodados que circulaban por la calzada.<\/p>\n<p>La causa judicial fue caratulada como <strong>homicidio culposo en accidente de tr\u00e1nsito<\/strong>. El <strong>camionero detenido<\/strong> fue notificado de su situaci\u00f3n procesal y trasladado al Departamento de Antecedentes Personales para su identificaci\u00f3n, mientras contin\u00faa la investigaci\u00f3n para determinar las responsabilidades del hecho.<\/p>\n<div class=\"article__tags\">\n<p>En esta Nota<\/p>\n<\/p><\/div>\n","protected":false},"excerpt":{"rendered":"<p>La tragedia se confirm\u00f3 en la noche del viernes. A las 22:00, el Hospital Escuela de la ciudad de Corrientes confirm\u00f3 la muerte de Juan Carlos P\u00e9rez, de 57 a\u00f1os, una de las v\u00edctimas del grave choque en cadena que afect\u00f3 el tr\u00e1nsito del puente Chaco-Corrientes por m\u00e1s de nueve horas. Puente Chaco-Corrientes: corte total [&hellip;]<\/p>\n","protected":false},"author":1,"featured_media":168862,"comment_status":"closed","ping_status":"closed","sticky":false,"template":"","format":"standard","meta":[],"categories":[2],"tags":[],"_links":{"self":[{"href":"http:\/\/cordobainforma.info\/index.php\/wp-json\/wp\/v2\/posts\/168861"}],"collection":[{"href":"http:\/\/cordobainforma.info\/index.php\/wp-json\/wp\/v2\/posts"}],"about":[{"href":"http:\/\/cordobainforma.info\/index.php\/wp-json\/wp\/v2\/types\/post"}],"author":[{"embeddable":true,"href":"http:\/\/cordobainforma.info\/index.php\/wp-json\/wp\/v2\/users\/1"}],"replies":[{"embeddable":true,"href":"http:\/\/cordobainforma.info\/index.php\/wp-json\/wp\/v2\/comments?post=168861"}],"version-history":[{"count":0,"href":"http:\/\/cordobainforma.info\/index.php\/wp-json\/wp\/v2\/posts\/168861\/revisions"}],"wp:featuredmedia":[{"embeddable":true,"href":"http:\/\/cordobainforma.info\/index.php\/wp-json\/wp\/v2\/media\/168862"}],"wp:attachment":[{"href":"http:\/\/cordobainforma.info\/index.php\/wp-json\/wp\/v2\/media?parent=168861"}],"wp:term":[{"taxonomy":"category","embeddable":true,"href":"http:\/\/cordobainforma.info\/index.php\/wp-json\/wp\/v2\/categories?post=168861"},{"taxonomy":"post_tag","embeddable":true,"href":"http:\/\/cordobainforma.info\/index.php\/wp-json\/wp\/v2\/tags?post=168861"}],"curies":[{"name":"wp","href":"https:\/\/api.w.org\/{rel}","templated":true}]}}