{"id":168846,"date":"2025-09-20T12:52:19","date_gmt":"2025-09-20T12:52:19","guid":{"rendered":"https:\/\/cordobainforma.info\/index.php\/2025\/09\/20\/milei-en-cordoba-los-argentinos-no-se-van-a-dejar-enganar-por-un-chimentero-berreta\/"},"modified":"2025-09-20T12:52:19","modified_gmt":"2025-09-20T12:52:19","slug":"milei-en-cordoba-los-argentinos-no-se-van-a-dejar-enganar-por-un-chimentero-berreta","status":"publish","type":"post","link":"http:\/\/cordobainforma.info\/index.php\/2025\/09\/20\/milei-en-cordoba-los-argentinos-no-se-van-a-dejar-enganar-por-un-chimentero-berreta\/","title":{"rendered":"Milei en <b>C\u00f3rdoba<\/b>: \u201cLos argentinos no se van a dejar enga\u00f1ar por un chimentero berreta\u201d"},"content":{"rendered":"<p>El presidente Javier Milei lanz\u00f3 hoy en <b>C\u00f3rdoba<\/b> la campa\u00f1a de La libertad Avanza para las elecciones legislativas nacionales del 26 de octubre,&nbsp;&#8230; <\/p>\n","protected":false},"excerpt":{"rendered":"<p>El presidente Javier Milei lanz\u00f3 hoy en C\u00f3rdoba la campa\u00f1a de La libertad Avanza para las elecciones legislativas nacionales del 26 de octubre,&nbsp;&#8230;<\/p>\n","protected":false},"author":1,"featured_media":0,"comment_status":"closed","ping_status":"closed","sticky":false,"template":"","format":"standard","meta":[],"categories":[23],"tags":[],"_links":{"self":[{"href":"http:\/\/cordobainforma.info\/index.php\/wp-json\/wp\/v2\/posts\/168846"}],"collection":[{"href":"http:\/\/cordobainforma.info\/index.php\/wp-json\/wp\/v2\/posts"}],"about":[{"href":"http:\/\/cordobainforma.info\/index.php\/wp-json\/wp\/v2\/types\/post"}],"author":[{"embeddable":true,"href":"http:\/\/cordobainforma.info\/index.php\/wp-json\/wp\/v2\/users\/1"}],"replies":[{"embeddable":true,"href":"http:\/\/cordobainforma.info\/index.php\/wp-json\/wp\/v2\/comments?post=168846"}],"version-history":[{"count":0,"href":"http:\/\/cordobainforma.info\/index.php\/wp-json\/wp\/v2\/posts\/168846\/revisions"}],"wp:attachment":[{"href":"http:\/\/cordobainforma.info\/index.php\/wp-json\/wp\/v2\/media?parent=168846"}],"wp:term":[{"taxonomy":"category","embeddable":true,"href":"http:\/\/cordobainforma.info\/index.php\/wp-json\/wp\/v2\/categories?post=168846"},{"taxonomy":"post_tag","embeddable":true,"href":"http:\/\/cordobainforma.info\/index.php\/wp-json\/wp\/v2\/tags?post=168846"}],"curies":[{"name":"wp","href":"https:\/\/api.w.org\/{rel}","templated":true}]}}