{"id":168810,"date":"2025-09-20T05:59:24","date_gmt":"2025-09-20T05:59:24","guid":{"rendered":"https:\/\/www.clarin.com\/deportes\/caio-bonfim-marcha-locos-perdio-anillo-boda-cruzo-meta-darse-cuenta-campeon-mundo_0_LgithdGf8h.html"},"modified":"2025-09-20T05:59:24","modified_gmt":"2025-09-20T05:59:24","slug":"caio-bonfim-y-una-marcha-de-locos-perdio-su-anillo-de-boda-y-cruzo-la-meta-sin-darse-cuenta-que-era-campeon-del-mundo","status":"publish","type":"post","link":"http:\/\/cordobainforma.info\/index.php\/2025\/09\/20\/caio-bonfim-y-una-marcha-de-locos-perdio-su-anillo-de-boda-y-cruzo-la-meta-sin-darse-cuenta-que-era-campeon-del-mundo\/","title":{"rendered":"Caio Bonfim y una marcha de locos: perdi\u00f3 su anillo de boda y cruz\u00f3 la meta sin darse cuenta que era campe\u00f3n del mundo"},"content":{"rendered":"<p><img src=\"http:\/\/cordobainforma.info\/wp-content\/uploads\/2025\/09\/caio-bonfim-y-una-marcha-de-locos-perdio-su-anillo-de-boda-y-cruzo-la-meta-sin-darse-cuenta-que-era-campeon-del-mundo.jpg\"><\/p>\n<div class=\"sc-45461e9c-0 eqiBeF container-text text-embed \" id=\"element-body-0\" readability=\"65\">\n<p><strong>Caio Bonfim perdi\u00f3 un oro, pero gan\u00f3 otro<\/strong>. El atleta, de 34 a\u00f1os, hizo historia en el Mundial de Tokio al convertirse en <strong>el primer marchador campe\u00f3n de Brasil<\/strong>, tras imponerse este s\u00e1bado en la carrera de 20 kil\u00f3metros con una gran remontada en el tramo final. En medio de los festejos, <strong>revel\u00f3 que perdi\u00f3 su anillo de boda<\/strong> durante la competencia y que <strong>no se hab\u00eda dado cuenta que cruz\u00f3 la meta en primer lugar<\/strong>. De locos.<\/p>\n<\/div>\n<div class=\"sc-45461e9c-0 eqiBeF container-text text-embed \" id=\"element-body-1\" readability=\"64\">\n<p>Bonfim, que ya hab\u00eda sido plata el pasado s\u00e1bado en los 35 kil\u00f3metros, lanz\u00f3 <strong>un ataque feroz en la \u00faltima vuelta<\/strong> del circuito y cruz\u00f3 la meta con un tiempo de 1h18:35, por delante del chino Zhaozhao Wang (1h18:43, plata) y del espa\u00f1ol Paul McGrath (1h18:45, bronce).<\/p>\n<\/div>\n<div class=\"sc-45461e9c-0 eqiBeF container-text text-embed \" id=\"element-body-2\" readability=\"64\">\n<p>Tras su victoria, el brasile\u00f1o revel\u00f3: \u00ab<strong>He perdido mi anillo de boda en el tercer kil\u00f3metro<\/strong>. Creo que a mi esposa no le importar\u00e1 porque he ganado la medalla de oro\u00bb, brome\u00f3. Y agreg\u00f3: \u00abElla siempre ha cre\u00eddo en m\u00ed. Despu\u00e9s de ganar la plata en los 35 km, me dijo que confiara, que iba a conseguir el oro\u00bb.<\/p>\n<\/div>\n<div class=\"sc-45461e9c-0 eqiBeF container-text text-embed \" id=\"element-body-3\" readability=\"60\">\n<p>Emocionado, record\u00f3 la motivaci\u00f3n que le dieron sus hijos durante la carrera: \u00abNo pod\u00eda dejar de pensar en mis tres hijos en las \u00faltimas dos vueltas. He ganado por ellos y por mi pa\u00eds, Brasil\u00bb.<\/p>\n<\/div>\n<div class=\"sc-98b114a2-0 bkqiHH image-embed image-embed \" id=\"element-body-4\"><picture class=\"sc-98b114a2-1 jRUlDm\"><source media=\"(min-width: 975px)\" width=\"720\" height=\"480\" srcset=\"http:\/\/cordobainforma.info\/wp-content\/uploads\/2025\/09\/caio-bonfim-y-una-marcha-de-locos-perdio-su-anillo-de-boda-y-cruzo-la-meta-sin-darse-cuenta-que-era-campeon-del-mundo-2.jpg\"><img alt=\"Bonfim cae al suelo tras cruzar la meta. Foto: AP\" loading=\"eager\" width=\"720\" height=\"480\" decoding=\"async\" data-nimg=\"1\" src=\"http:\/\/cordobainforma.info\/wp-content\/uploads\/2025\/09\/caio-bonfim-y-una-marcha-de-locos-perdio-su-anillo-de-boda-y-cruzo-la-meta-sin-darse-cuenta-que-era-campeon-del-mundo-2.jpg\"><span class=\"epigraphe\">Bonfim cae al suelo tras cruzar la meta. Foto: AP<\/span><span class=\"picture-open\"><button class=\"open-image\" aria-label=\"Open Image\"><\/button><\/span><\/picture><\/div>\n<div class=\"sc-45461e9c-0 eqiBeF container-text text-embed \" id=\"element-body-5\" readability=\"60\">\n<p>Tambi\u00e9n tuvo palabras de reconocimiento para la mujer que lo inici\u00f3 en la marcha atl\u00e9tica, su madre Gianette: \u00abHa sido especial poder abrazarla despu\u00e9s de cruzar la meta. He crecido en un entorno ligado a la marcha y ella ha sido muy importante en mi carrera\u00bb.<\/p>\n<\/div>\n<div class=\"sc-45461e9c-0 eqiBeF container-text text-embed \" id=\"element-body-6\" readability=\"62\">\n<p>Sobre su gran remontada en los \u00faltimos dos kil\u00f3metros, confes\u00f3 que no se dio cuenta de que estaba a la cabeza: \u00abLos super\u00e9, pero <strong>pensaba que iba segundo<\/strong>. Solo pensaba en conseguir otra medalla, sin saber que iba a ser de oro\u00bb.<\/p>\n<\/div>\n<div class=\"sc-45461e9c-0 eqiBeF container-text text-embed \" id=\"element-body-7\" readability=\"59\">\n<p>Bonfim consigui\u00f3 su cuarta medalla mundial y la primera de oro, un a\u00f1o despu\u00e9s de haber sido plata ol\u00edmpica en los 20 kil\u00f3metros de Par\u00eds 2024.<\/p>\n<\/div>\n<div class=\"sc-98b114a2-0 bkqiHH image-embed image-embed \" id=\"element-body-8\"><picture class=\"sc-98b114a2-1 jRUlDm\"><source media=\"(min-width: 975px)\" width=\"720\" height=\"480\" srcset=\"http:\/\/cordobainforma.info\/wp-content\/uploads\/2025\/09\/caio-bonfim-y-una-marcha-de-locos-perdio-su-anillo-de-boda-y-cruzo-la-meta-sin-darse-cuenta-que-era-campeon-del-mundo-3.jpg\"><img alt=\"Caio Bonfim se impuso del chino Zhaozhao Wang y al espa\u00f1ol Paul McGrath. Foto: EFE\" loading=\"eager\" width=\"720\" height=\"480\" decoding=\"async\" data-nimg=\"1\" src=\"http:\/\/cordobainforma.info\/wp-content\/uploads\/2025\/09\/caio-bonfim-y-una-marcha-de-locos-perdio-su-anillo-de-boda-y-cruzo-la-meta-sin-darse-cuenta-que-era-campeon-del-mundo-3.jpg\"><span class=\"epigraphe\">Caio Bonfim se impuso del chino Zhaozhao Wang y al espa\u00f1ol Paul McGrath. Foto: EFE<\/span><span class=\"picture-open\"><button class=\"open-image\" aria-label=\"Open Image\"><\/button><\/span><\/picture><\/div>\n<div class=\"sc-45461e9c-0 eqiBeF container-text text-embed \" id=\"element-body-9\" readability=\"61\">\n<p>Gracias a su victoria, Brasil hilvan\u00f3 el tercer t\u00edtulo mundial de su historia en atletismo, despu\u00e9s de Fabiana Murer en salto con garrocha (2011) y Alison Dos Santos en 400 metros con vallas (2022).<\/p>\n<\/div>\n<p><h2>De las burlas de la infancia a la gloria mundial<\/h2>\n<\/p>\n<div class=\"sc-45461e9c-0 eqiBeF container-text text-embed \" id=\"element-body-11\" readability=\"62\">\n<p>Cuando entrenaba en sus inicios en Sobradinho, Caio Bonfim era v\u00edctima de la incomprensi\u00f3n e incluso lo insultaban por la calle. Hoy, a los 34 a\u00f1os, puede presumir de ser el primer campe\u00f3n mundial de marcha de Brasil.<\/p>\n<\/div>\n<div class=\"sc-45461e9c-0 eqiBeF container-text text-embed \" id=\"element-body-12\" readability=\"64\">\n<p>\u00ab<strong>Me dec\u00edan que me comportara como un hombre<\/strong>, que no me meneara como una mujer. Hay mucha ignorancia, <strong>la gente no conoce c\u00f3mo funciona la marcha atl\u00e9tica<\/strong>\u00ab, cont\u00f3 tras ganar su primer bronce mundial en Londres, hace ocho a\u00f1os, refiri\u00e9ndose al peculiar estilo de la caminata.<\/p>\n<\/div>\n<div class=\"sc-98b114a2-0 bkqiHH image-embed image-embed \" id=\"element-body-13\"><picture class=\"sc-98b114a2-1 jRUlDm\"><source media=\"(min-width: 975px)\" width=\"720\" height=\"480\" srcset=\"http:\/\/cordobainforma.info\/wp-content\/uploads\/2025\/09\/caio-bonfim-y-una-marcha-de-locos-perdio-su-anillo-de-boda-y-cruzo-la-meta-sin-darse-cuenta-que-era-campeon-del-mundo-4.jpg\"><img alt=\"De chico, a Bonfim lo cargaban por su forma de correr. Foto: EFE\" loading=\"eager\" width=\"720\" height=\"480\" decoding=\"async\" data-nimg=\"1\" src=\"http:\/\/cordobainforma.info\/wp-content\/uploads\/2025\/09\/caio-bonfim-y-una-marcha-de-locos-perdio-su-anillo-de-boda-y-cruzo-la-meta-sin-darse-cuenta-que-era-campeon-del-mundo-4.jpg\"><span class=\"epigraphe\">De chico, a Bonfim lo cargaban por su forma de correr. Foto: EFE<\/span><span class=\"picture-open\"><button class=\"open-image\" aria-label=\"Open Image\"><\/button><\/span><\/picture><\/div>\n<div class=\"sc-45461e9c-0 eqiBeF container-text text-embed \" id=\"element-body-14\" readability=\"62\">\n<p>\u00ab<strong>He tenido que enfrentarme a la homofobia sin ser homosexual<\/strong>, pero no me importa. Estoy orgulloso de ser marchador atl\u00e9tico. A las personas se les valora por lo que hacen y aportan, siempre con respeto\u00bb, a\u00f1adi\u00f3.<\/p>\n<\/div>\n<div class=\"sc-45461e9c-0 eqiBeF container-text text-embed \" id=\"element-body-15\" readability=\"63\">\n<p>Desde ni\u00f1o, <strong>en la escuela le insistieron en jugar al f\u00fatbol<\/strong>, deporte rey del pa\u00eds, que practic\u00f3 entre los 6 y los 16 a\u00f1os. Sin embargo, distintos problemas de salud \u2014como meningitis y deficiencia de calcio por intolerancia a la lactosa\u2014 limitaban su capacidad de esfuerzo deportivo.<\/p>\n<\/div>\n<div class=\"sc-45461e9c-0 eqiBeF container-text text-embed \" id=\"element-body-16\" readability=\"66\">\n<p><strong>Su madre Gianette, siete veces campeona de marcha en Brasil, nunca dej\u00f3 de sembrar la pasi\u00f3n por el atletismo en su hijo<\/strong>, que al principio se resisti\u00f3 por temor al acoso de sus compa\u00f1eros. Tras dejar el f\u00fatbol, Bonfim comenz\u00f3 a marchar, pese a sentirse intimidado por la t\u00e9cnica de la disciplina, que parece un baile con movimiento lateral de caderas.<\/p>\n<\/div>\n<div class=\"sc-45461e9c-0 eqiBeF container-text text-embed \" id=\"element-body-17\" readability=\"66\">\n<p>Tras destacar a nivel nacional y regional,<strong> debut\u00f3 en los Juegos Ol\u00edmpicos de Londres 2012, con 21 a\u00f1os<\/strong>, finalizando 39\u00ba. Su progreso continu\u00f3: en el Mundial de Pek\u00edn 2015 fue sexto, igualando la mejor marca hist\u00f3rica de un marchador brasile\u00f1o, y en los Juegos de R\u00edo 2016 termin\u00f3 cuarto, a apenas cinco segundos del bronce.<\/p>\n<\/div>\n<div class=\"sc-98b114a2-0 bkqiHH image-embed image-embed \" id=\"element-body-18\"><picture class=\"sc-98b114a2-1 jRUlDm\"><source media=\"(min-width: 975px)\" width=\"720\" height=\"480\" srcset=\"http:\/\/cordobainforma.info\/wp-content\/uploads\/2025\/09\/caio-bonfim-y-una-marcha-de-locos-perdio-su-anillo-de-boda-y-cruzo-la-meta-sin-darse-cuenta-que-era-campeon-del-mundo-5.jpg\"><img alt=\"La emoci\u00f3n de Caio Bonfim. Foto: EFE\" loading=\"eager\" width=\"720\" height=\"480\" decoding=\"async\" data-nimg=\"1\" src=\"http:\/\/cordobainforma.info\/wp-content\/uploads\/2025\/09\/caio-bonfim-y-una-marcha-de-locos-perdio-su-anillo-de-boda-y-cruzo-la-meta-sin-darse-cuenta-que-era-campeon-del-mundo-5.jpg\"><span class=\"epigraphe\">La emoci\u00f3n de Caio Bonfim. Foto: EFE<\/span><span class=\"picture-open\"><button class=\"open-image\" aria-label=\"Open Image\"><\/button><\/span><\/picture><\/div>\n<div class=\"sc-45461e9c-0 eqiBeF container-text text-embed \" id=\"element-body-19\" readability=\"63\">\n<p>Finalmente, <strong>en el Mundial de Londres 2017 consigui\u00f3 el bronce<\/strong>, una carrera frente al Palacio de Buckingham que lo hizo sentirse \u00abel rey del mundo\u00bb. \u00abEs historia para mi pa\u00eds. No somos solo de f\u00fatbol, tambi\u00e9n destacamos en otros deportes\u00bb, afirm\u00f3 entonces.<\/p>\n<\/div>\n<div class=\"sc-45461e9c-0 eqiBeF container-text text-embed \" id=\"element-body-20\" readability=\"65\">\n<p>Aunque su carrera pareci\u00f3 estancarse \u201413\u00ba en Tokio 2021\u2014, en los \u00faltimos a\u00f1os, con la madurez de la treintena, vive una segunda juventud.<strong> Su segundo bronce mundial lleg\u00f3 en Budapest, hace dos a\u00f1os, presagiando la hist\u00f3rica plata ol\u00edmpica del a\u00f1o pasado en Par\u00eds.<\/strong> Ambas medallas fueron en los 20 kil\u00f3metros.<\/p>\n<\/div>\n<div class=\"sc-45461e9c-0 eqiBeF container-text text-embed \" id=\"element-body-21\" readability=\"60\">\n<p><strong>El Mundial de Tokio le permiti\u00f3 finalmente alcanzar la gloria<\/strong>: tras la plata de los 35 kil\u00f3metros del pasado s\u00e1bado, el oro en los 20 kil\u00f3metros consolid\u00f3 su nombre en la historia del atletismo brasile\u00f1o.<\/p>\n<\/div>\n<div class=\"sc-45461e9c-0 eqiBeF container-text text-embed \" id=\"element-body-22\" readability=\"60\">\n<p>\u00abTokio va a ser parte de mi historia. Sal\u00ed aqu\u00ed con mucha lucha y despu\u00e9s de mucho trabajo. Tengo 34 a\u00f1os y he estado en ocho Mundiales. Hay que renunciar a muchas cosas para llegar hasta ac\u00e1\u00bb, declar\u00f3 Bonfim emocionado a la AFP.<\/p>\n<\/div>\n","protected":false},"excerpt":{"rendered":"<p>Caio Bonfim perdi\u00f3 un oro, pero gan\u00f3 otro. El atleta, de 34 a\u00f1os, hizo historia en el Mundial de Tokio al convertirse en el primer marchador campe\u00f3n de Brasil, tras imponerse este s\u00e1bado en la carrera de 20 kil\u00f3metros con una gran remontada en el tramo final. En medio de los festejos, revel\u00f3 que perdi\u00f3 [&hellip;]<\/p>\n","protected":false},"author":1,"featured_media":168811,"comment_status":"closed","ping_status":"closed","sticky":false,"template":"","format":"standard","meta":[],"categories":[20],"tags":[],"_links":{"self":[{"href":"http:\/\/cordobainforma.info\/index.php\/wp-json\/wp\/v2\/posts\/168810"}],"collection":[{"href":"http:\/\/cordobainforma.info\/index.php\/wp-json\/wp\/v2\/posts"}],"about":[{"href":"http:\/\/cordobainforma.info\/index.php\/wp-json\/wp\/v2\/types\/post"}],"author":[{"embeddable":true,"href":"http:\/\/cordobainforma.info\/index.php\/wp-json\/wp\/v2\/users\/1"}],"replies":[{"embeddable":true,"href":"http:\/\/cordobainforma.info\/index.php\/wp-json\/wp\/v2\/comments?post=168810"}],"version-history":[{"count":0,"href":"http:\/\/cordobainforma.info\/index.php\/wp-json\/wp\/v2\/posts\/168810\/revisions"}],"wp:featuredmedia":[{"embeddable":true,"href":"http:\/\/cordobainforma.info\/index.php\/wp-json\/wp\/v2\/media\/168811"}],"wp:attachment":[{"href":"http:\/\/cordobainforma.info\/index.php\/wp-json\/wp\/v2\/media?parent=168810"}],"wp:term":[{"taxonomy":"category","embeddable":true,"href":"http:\/\/cordobainforma.info\/index.php\/wp-json\/wp\/v2\/categories?post=168810"},{"taxonomy":"post_tag","embeddable":true,"href":"http:\/\/cordobainforma.info\/index.php\/wp-json\/wp\/v2\/tags?post=168810"}],"curies":[{"name":"wp","href":"https:\/\/api.w.org\/{rel}","templated":true}]}}