{"id":168808,"date":"2025-09-20T07:01:45","date_gmt":"2025-09-20T07:01:45","guid":{"rendered":"https:\/\/www.clarin.com\/deportes\/f1-gp-azerbaiyan-franco-colapinto-vivo-segui-tercera-practica-libre-clasificacion-20-septiembre_0_2bta6dZP33.html"},"modified":"2025-09-20T07:01:45","modified_gmt":"2025-09-20T07:01:45","slug":"f1-gp-de-azerbaiyan-con-franco-colapinto-en-vivo-segui-la-tercera-practica-libre-y-la-clasificacion-este-20-de-septiembre","status":"publish","type":"post","link":"http:\/\/cordobainforma.info\/index.php\/2025\/09\/20\/f1-gp-de-azerbaiyan-con-franco-colapinto-en-vivo-segui-la-tercera-practica-libre-y-la-clasificacion-este-20-de-septiembre\/","title":{"rendered":"F1 GP de Azerbaiy\u00e1n con Franco Colapinto, EN VIVO: segu\u00ed la tercera pr\u00e1ctica libre y la clasificaci\u00f3n este 20 de septiembre"},"content":{"rendered":"<p><img src=\"http:\/\/cordobainforma.info\/wp-content\/uploads\/2025\/09\/f1-gp-de-azerbaiyan-con-franco-colapinto-en-vivo-segui-la-tercera-practica-libre-y-la-clasificacion-este-20-de-septiembre.jpg\"><\/p>\n<div><img src=\"http:\/\/cordobainforma.info\/wp-content\/uploads\/2025\/09\/f1-gp-de-azerbaiyan-con-franco-colapinto-en-vivo-segui-la-tercera-practica-libre-y-la-clasificacion-este-20-de-septiembre-2.jpg\" class=\"ff-og-image-inserted\"><\/div>\n<p>Despu\u00e9s de un primer d\u00eda en el Gran Premio de Azerbaiy\u00e1n de la <strong>F\u00f3rmula 1 <\/strong>\u00abmuy dif\u00edcil\u00bb para<strong> Franco Colapinto<\/strong> con un <strong>Alpine <\/strong>al que este trazado callejero de Bak\u00fa no le sienta nada bien y en el que penaliza esa falta de potencia en el motor, el s\u00e1bado comenz\u00f3 muy bien. En su mejor giro, con el neum\u00e1tico rojo, el argentino logr\u00f3 un tiempo de 1m42s789f que lo dej\u00f3 15\u00b0 y a m\u00e1s de medio segundo a <strong>Pierre Gasly<\/strong>, que qued\u00f3 19\u00b0. Las acciones continuar\u00e1n a las 9 con el plato fuerte: la clasificaci\u00f3n de la carrera que el domingo puede entregarle a McLaren el t\u00edtulo del Campeonato de Constructores. En la FP3 el mejor fue Lando Norris, seguido por Max Verstappen y Oscar Piastri. En TV se puede seguir por Fox Sports y tambi\u00e9n en las apps de <strong>Disney+<\/strong> y <strong>F1TV<\/strong>, adem\u00e1s del minuto a minuto de <strong>Clar\u00edn.com<\/strong>.<\/p>\n","protected":false},"excerpt":{"rendered":"<p>Despu\u00e9s de un primer d\u00eda en el Gran Premio de Azerbaiy\u00e1n de la F\u00f3rmula 1 \u00abmuy dif\u00edcil\u00bb para Franco Colapinto con un Alpine al que este trazado callejero de Bak\u00fa no le sienta nada bien y en el que penaliza esa falta de potencia en el motor, el s\u00e1bado comenz\u00f3 muy bien. En su mejor [&hellip;]<\/p>\n","protected":false},"author":1,"featured_media":168809,"comment_status":"closed","ping_status":"closed","sticky":false,"template":"","format":"standard","meta":[],"categories":[20],"tags":[],"_links":{"self":[{"href":"http:\/\/cordobainforma.info\/index.php\/wp-json\/wp\/v2\/posts\/168808"}],"collection":[{"href":"http:\/\/cordobainforma.info\/index.php\/wp-json\/wp\/v2\/posts"}],"about":[{"href":"http:\/\/cordobainforma.info\/index.php\/wp-json\/wp\/v2\/types\/post"}],"author":[{"embeddable":true,"href":"http:\/\/cordobainforma.info\/index.php\/wp-json\/wp\/v2\/users\/1"}],"replies":[{"embeddable":true,"href":"http:\/\/cordobainforma.info\/index.php\/wp-json\/wp\/v2\/comments?post=168808"}],"version-history":[{"count":0,"href":"http:\/\/cordobainforma.info\/index.php\/wp-json\/wp\/v2\/posts\/168808\/revisions"}],"wp:featuredmedia":[{"embeddable":true,"href":"http:\/\/cordobainforma.info\/index.php\/wp-json\/wp\/v2\/media\/168809"}],"wp:attachment":[{"href":"http:\/\/cordobainforma.info\/index.php\/wp-json\/wp\/v2\/media?parent=168808"}],"wp:term":[{"taxonomy":"category","embeddable":true,"href":"http:\/\/cordobainforma.info\/index.php\/wp-json\/wp\/v2\/categories?post=168808"},{"taxonomy":"post_tag","embeddable":true,"href":"http:\/\/cordobainforma.info\/index.php\/wp-json\/wp\/v2\/tags?post=168808"}],"curies":[{"name":"wp","href":"https:\/\/api.w.org\/{rel}","templated":true}]}}