{"id":168806,"date":"2025-09-19T22:47:59","date_gmt":"2025-09-19T22:47:59","guid":{"rendered":"https:\/\/somoscordobeses.com\/2025\/09\/19\/schiaretti-lanzo-provincias-unidas-en-punilla-lo-nuevo-ya-no-es-milei-ni-el-kirchnerismo\/"},"modified":"2025-09-19T22:47:59","modified_gmt":"2025-09-19T22:47:59","slug":"schiaretti-lanzo-provincias-unidas-en-punilla-lo-nuevo-ya-no-es-milei-ni-el-kirchnerismo","status":"publish","type":"post","link":"http:\/\/cordobainforma.info\/index.php\/2025\/09\/19\/schiaretti-lanzo-provincias-unidas-en-punilla-lo-nuevo-ya-no-es-milei-ni-el-kirchnerismo\/","title":{"rendered":"Schiaretti lanz\u00f3 Provincias Unidas en Punilla: lo nuevo ya no es Milei ni el kirchnerismo"},"content":{"rendered":"<div><img src=\"http:\/\/cordobainforma.info\/wp-content\/uploads\/2025\/09\/schiaretti-lanzo-provincias-unidas-en-punilla-lo-nuevo-ya-no-es-milei-ni-el-kirchnerismo.jpg\" class=\"ff-og-image-inserted\"><\/div>\n<p>El ex gobernador Juan Schiaretti encabez\u00f3 este viernes un acto en el Complejo Gran Chacha de la ciudad de Tanti, donde lanz\u00f3 oficialmente la campa\u00f1a de Provincias Unidas en el Valle de Punilla. Estuvo acompa\u00f1ado por el candidato a diputado e intendente de Tanti, Emiliano Paredes, y por un importante n\u00famero de intendentes, jefes comunales y dirigentes de la regi\u00f3n.<\/p>\n<p>El encuentro reuni\u00f3 a referentes de distintos espacios pol\u00edticos del departamento y se enmarc\u00f3 en la estrategia de consolidar a C\u00f3rdoba como basti\u00f3n electoral de la fuerza. Schiaretti advirti\u00f3 que la Argentina atraviesa un proceso de cambio de era y que la sociedad busca alternativas tras lo que defini\u00f3 como \u00abveinte a\u00f1os de decadencia\u00bb.<\/p>\n<p>\u00abEl pa\u00eds vivi\u00f3 dos d\u00e9cadas de retroceso, que culminaron con la elecci\u00f3n de un outsider como Javier Milei. Ese fue el punto de quiebre de un ciclo que dej\u00f3 a los argentinos cansados de la decadencia. A diferencia de lo ocurrido en otros pa\u00edses, donde surgieron figuras con experiencia en la gesti\u00f3n p\u00fablica, en la Argentina apareci\u00f3 un economista que se hizo conocido como panelista de televisi\u00f3n\u00bb, plante\u00f3.<\/p>\n<p>En ese marco, afirm\u00f3 que es natural que se agrupen sectores alrededor del presidente, pero consider\u00f3 igualmente saludable que emerja otra opci\u00f3n pol\u00edtica. \u00abProvincias Unidas expresa exactamente eso: una alternativa distinta que representa al interior productivo y que surge tras la fragmentaci\u00f3n de las dos coaliciones que dominaron los \u00faltimos veinte a\u00f1os\u00bb, subray\u00f3.<\/p>\n<p>Durante su discurso, Schiaretti traz\u00f3 los principales lineamientos de la nueva fuerza. Defensa de la producci\u00f3n y el trabajo, reivindicaci\u00f3n del federalismo y respeto a las instituciones fueron los tres ejes que destac\u00f3 como norte de Provincias Unidas. \u00abQueremos que se termine para siempre el centralismo de Buenos Aires, donde parece que Dios est\u00e1 en todas partes pero solo atiende en la Capital. Y defendemos una pol\u00edtica sin insultos ni agravios, basada en la gesti\u00f3n y en el respeto democr\u00e1tico\u00bb, remarc\u00f3.<\/p>\n<p>El ex gobernador tambi\u00e9n se refiri\u00f3 a la situaci\u00f3n de los principales partidos nacionales. \u00abEl kirchnerismo se va apagando como una velita, mientras Milei ya no es lo nuevo porque pasaron dos a\u00f1os de su gesti\u00f3n. Provincias Unidas es lo que aparece ahora como la verdadera novedad en el escenario pol\u00edtico argentino\u00bb, dijo.<\/p>\n<p>Para respaldar esa idea, mencion\u00f3 la confluencia de dirigentes de diversas extracciones pol\u00edticas. \u00abAqu\u00ed estamos radicales y peronistas juntos, gobernadores de distintas provincias que entienden que el cambio de era exige dejar atr\u00e1s las viejas divisiones. Eso se ve en nombres como Maximiliano Pullaro en Santa Fe, Gustavo Vald\u00e9s en Corrientes, Carlos Sadir en Jujuy, Mart\u00edn Llaryora en C\u00f3rdoba, Carlos Vidal en Santa Cruz e Ignacio Torres en Chubut. Esa es la mejor prueba de que el pa\u00eds necesita acuerdos federales amplios\u00bb, expres\u00f3.<\/p>\n<p>Schiaretti hizo hincapi\u00e9 en que Provincias Unidas se construye como un espacio plural y con vocaci\u00f3n de gobierno, capaz de representar la voz del interior. \u00abNo somos la ant\u00edtesis de nadie, no buscamos polarizar entre Milei y el kirchnerismo. Somos la expresi\u00f3n de una Argentina que quiere progresar desde la producci\u00f3n, el trabajo y la gesti\u00f3n seria. Por eso estamos convencidos de que este es el momento de una nueva etapa\u00bb, cerr\u00f3 ante un auditorio que lo despidi\u00f3 con una ovaci\u00f3n. <\/p>\n<p>El acto en Tanti fue uno de los principales hitos de campa\u00f1a en el Valle de Punilla, una regi\u00f3n estrat\u00e9gica donde Schiaretti y sus aliados cuentan con el respaldo de la mayor\u00eda de los intendentes y ex mandatarios locales. La fuerza buscar\u00e1 ampliar su base de apoyo de cara a las elecciones legislativas de octubre, con el desaf\u00edo de consolidarse como tercera v\u00eda frente al oficialismo y al kirchnerismo. <\/p>\n","protected":false},"excerpt":{"rendered":"<p>El ex gobernador Juan Schiaretti encabez\u00f3 este viernes un acto en el Complejo Gran Chacha de la ciudad de Tanti, donde lanz\u00f3 oficialmente la campa\u00f1a de Provincias Unidas en el Valle de Punilla. Estuvo acompa\u00f1ado por el candidato a diputado e intendente de Tanti, Emiliano Paredes, y por un importante n\u00famero de intendentes, jefes comunales [&hellip;]<\/p>\n","protected":false},"author":1,"featured_media":168807,"comment_status":"closed","ping_status":"closed","sticky":false,"template":"","format":"standard","meta":[],"categories":[2],"tags":[],"_links":{"self":[{"href":"http:\/\/cordobainforma.info\/index.php\/wp-json\/wp\/v2\/posts\/168806"}],"collection":[{"href":"http:\/\/cordobainforma.info\/index.php\/wp-json\/wp\/v2\/posts"}],"about":[{"href":"http:\/\/cordobainforma.info\/index.php\/wp-json\/wp\/v2\/types\/post"}],"author":[{"embeddable":true,"href":"http:\/\/cordobainforma.info\/index.php\/wp-json\/wp\/v2\/users\/1"}],"replies":[{"embeddable":true,"href":"http:\/\/cordobainforma.info\/index.php\/wp-json\/wp\/v2\/comments?post=168806"}],"version-history":[{"count":0,"href":"http:\/\/cordobainforma.info\/index.php\/wp-json\/wp\/v2\/posts\/168806\/revisions"}],"wp:featuredmedia":[{"embeddable":true,"href":"http:\/\/cordobainforma.info\/index.php\/wp-json\/wp\/v2\/media\/168807"}],"wp:attachment":[{"href":"http:\/\/cordobainforma.info\/index.php\/wp-json\/wp\/v2\/media?parent=168806"}],"wp:term":[{"taxonomy":"category","embeddable":true,"href":"http:\/\/cordobainforma.info\/index.php\/wp-json\/wp\/v2\/categories?post=168806"},{"taxonomy":"post_tag","embeddable":true,"href":"http:\/\/cordobainforma.info\/index.php\/wp-json\/wp\/v2\/tags?post=168806"}],"curies":[{"name":"wp","href":"https:\/\/api.w.org\/{rel}","templated":true}]}}