{"id":168804,"date":"2025-09-19T23:02:50","date_gmt":"2025-09-19T23:02:50","guid":{"rendered":"https:\/\/somoscordobeses.com\/2025\/09\/19\/plan-platita-de-milei-ahora-promete-aumentos-a-jubilados-universidades-y-discapacitados\/"},"modified":"2025-09-19T23:02:50","modified_gmt":"2025-09-19T23:02:50","slug":"plan-platita-de-milei-ahora-promete-aumentos-a-jubilados-universidades-y-discapacitados","status":"publish","type":"post","link":"http:\/\/cordobainforma.info\/index.php\/2025\/09\/19\/plan-platita-de-milei-ahora-promete-aumentos-a-jubilados-universidades-y-discapacitados\/","title":{"rendered":"Plan platita de Milei: ahora promete aumentos a jubilados, universidades y discapacitados"},"content":{"rendered":"<div><img src=\"http:\/\/cordobainforma.info\/wp-content\/uploads\/2025\/09\/plan-platita-de-milei-ahora-promete-aumentos-a-jubilados-universidades-y-discapacitados.jpg\" class=\"ff-og-image-inserted\"><\/div>\n<p>En tono de campa\u00f1a, el presidente Javier Milei anunci\u00f3 este lunes que aumentar\u00e1 los fondos para educaci\u00f3n, jubilados y discapacitados por encima de la inflaci\u00f3n y volver\u00e1 la obra p\u00fablica. Lo hizo apenas unos d\u00edas despu\u00e9s de vetar leyas ancionadas por el Congreso que dispon\u00edan exactamente eso.<\/p>\n<p>En un mensaje por cadena nacional para anunciar el env\u00edo del proyecto de presupuesto al Congreso, Milei&nbsp;anticip\u00f3 que \u00abeste presupuesto le asigna 4.8 billones de pesos a las universidades nacionales, aumenta el gasto en jubilaciones un 5% y en salud un 17%, ambas partidas por encima de la inflaci\u00f3n\u00bb.&nbsp;<\/p>\n<p>\u00abEl gasto en educaci\u00f3n tambi\u00e9n aumenta un 8% por encima de la inflaci\u00f3n\u00bb, sostuvo, y agreg\u00f3: \u00abhabiendo realizado las auditor\u00edas pertinentes, el monto recibido por cada pensionado por discapacidad tambi\u00e9n aumentar\u00e1 en un 5% por encima de la inflaci\u00f3n del 2026\u00bb.<\/p>\n<p>Los gobernadores aliados resisten el cheque de Milei: \u00abSi nos rompen con un ATN nunca tuvimos nada\u00bb<\/p>\n<p>El volantazo de Milei parece un intento por desactivar el frente opositor que se prepara para juntar dos tercios este mi\u00e9rcoles en Diputados para rechazar sus vetos al financiamiento universitario y la emergencia pedi\u00e1trica por el Garrahan. Por eso, legisladores aliados que mostraron distancia de la Casa Rosada en las \u00faltimas semanas confesaron a LPO que esperar\u00edan al discurso presidencial antes de definir su voto para el pr\u00f3ximo mi\u00e9rcoles.<\/p>\n<p>El giro fue guionado por su asesor Santiago Caputo quien se encarg\u00f3 de redactar el texto y seg\u00fan comentaron sus allegados busc\u00f3 que Milei retomara un lenguaje m\u00e1s directo y no dirigido a la dirigencia pol\u00edtica. \u00abLa estrategia busc\u00f3 recuperar el tono del Milei del ballotage, m\u00e1s cercano y popular, para reforzar la conexi\u00f3n con la gente\u00bb, explicaron.<\/p>\n<p>El volantazo de Milei parece un intento por desactivar el frente opositor que se prepara para juntar dos tercios este mi\u00e9rcoles en Diputados para rechazar sus vetos al financiamiento universitario y la emergencia pedi\u00e1trica por el Garrahan.&nbsp;<\/p>\n<p>Obediente, Milei ley\u00f3 el discurso durante 15 minutos y afirm\u00f3 que \u00abel equilibrio fiscal es la piedra angular de nuestro plan de gobierno y es un principio no negociable que le hemos planteado a la sociedad desde el comienzo de nuestra gesti\u00f3n\u00bb. La contradicci\u00f3n entre ese compromiso fiscal que se utiliz\u00f3 d\u00edas atr\u00e1s para justificar los vetos y esta promesa de aumentar esas mismas partidas, no fue abordada por Milei en su discurso.<\/p>\n<p>El \u00fanico indicio que ofreci\u00f3 sobre el volantazo fue cuando afirm\u00f3 que&nbsp;el presupuesto presentado ofrecer\u00e1 a su cierre \u00abun super\u00e1vit primario tal que al cierre del ejercicio argentina se encuentre con super\u00e1vit fiscal o, en el peor de los casos, con equilibrio fiscal\u00bb.<\/p>\n<figure vsmtype=\"youtube\" contenteditable=\"false\" hiturl=\"https:\/\/www.lapoliticaonline.com\/tools\/hit.php?d=39dad6c21a8dbd1e4ef08a22cce6a50b;;&amp;a=210\"><iframe loading=\"lazy\" width=\"651\" height=\"366\" src=\"https:\/\/www.youtube.com\/embed\/xWRbqaL58no?si=UH8jNV26xdFzhYdC\" title=\"YouTube video player\" frameborder=\"0\" allow=\"accelerometer; autoplay; clipboard-write; encrypted-media; gyroscope; picture-in-picture; web-share\" referrerpolicy=\"strict-origin-when-cross-origin\" allowfullscreen>[embedded content]<\/iframe><\/figure>\n<p>El jefe de Estado reconoci\u00f3 que, pese al esfuerzo, existen argentinos a los que el resultado del \u00e9xito de sus pol\u00edticas no los alcanz\u00f3. Pero aunque reconoci\u00f3 las turbulencias, arriesg\u00f3 que \u00ablo peor ya pas\u00f3\u00bb.<\/p>\n<p>Luego, se vanaglori\u00f3 de su plan. \u00abSolo por haber alcanzado el equilibrio fiscal y por mantenerlo a lo largo del tiempo, Argentina alcanzar\u00eda, seg\u00fan diversos estudios, una base de crecimiento del 5% anual\u00bb, apunt\u00f3, y compar\u00f3 la actualidad con datos de los a\u00f1os que fueron del 2011 al 2023: en sus papeles dec\u00eda que el PBI per c\u00e1pita de Argentina cay\u00f3 durante ese lapso \u00abpoco m\u00e1s de 10%, mientras que en pa\u00edses vecinos creci\u00f3 un 15% o un 20%\u00bb.<\/p>\n<p>Se profundiza la crisis de la industria metal\u00fargica, que opera a niveles de la pandemia<\/p>\n<p>\u00abY si al equilibrio fiscal le sumamos las reformas que queremos llevar adelante podr\u00edamos estar hablando de un crecimiento del 7 u 8% anual de manera sostenida\u00bb, vaticin\u00f3. En rigor, casi todos los sectores de la econom\u00eda real muestras ca\u00eddas pronunciadas: este mismo lunes se conoci\u00f3 otra ca\u00edda de la industria metal\u00fargica&nbsp;y en lo que va del a\u00f1o ya se perdieron unos 150 mil puestos de trabajo.&nbsp;<\/p>\n<p>Por eso, muchos economistas hablan de un rebote estad\u00edstico de la econom\u00eda del piso en la que la hundi\u00f3 el ajuste y devaluaci\u00f3n incial de Milei, m\u00e1s que de un proceso de crecimiento real y sostenible.<\/p>\n<p>Ninguno de estos datos, pareci\u00f3 impactar en Milei que continu\u00f3 con su relato habitual y reiter\u00f3 que en 10 a\u00f1os la Argentina se acercar\u00e1 a las naciones de altos ingresos, en 20 a\u00f1os a los pa\u00edses m\u00e1s ricos y en 30 a\u00f1os llegar\u00e1 \u00abal podio de las potencias mundiales\u00bb.<\/p>\n<p>Adem\u00e1s indic\u00f3 que el actual programa econ\u00f3mico baja las tasas de inter\u00e9s y el riesgo pa\u00eds, algo que por estos d\u00edas no se corrobora en los hechos.<\/p>\n<p>Pero m\u00e1s all\u00e1 de los anuncios del mensaje, cuando se mira la letra chica del Presupuesto lo que se observa es una juste de las partidas destinadas a la educaci\u00f3n.<\/p>\n<p>El proyecto elimina la meta del 6% del PIB para la educaci\u00f3n. Elimina el financiamiento progresivo de la ciencia y la tecnolog\u00eda hasta llegar al 1% del PIB y elimina el Fondo Nacional para las Escuelas T\u00e9cnico Profesional (0,2% de ingresos corrientes).&nbsp;<\/p>\n","protected":false},"excerpt":{"rendered":"<p>En tono de campa\u00f1a, el presidente Javier Milei anunci\u00f3 este lunes que aumentar\u00e1 los fondos para educaci\u00f3n, jubilados y discapacitados por encima de la inflaci\u00f3n y volver\u00e1 la obra p\u00fablica. Lo hizo apenas unos d\u00edas despu\u00e9s de vetar leyas ancionadas por el Congreso que dispon\u00edan exactamente eso. En un mensaje por cadena nacional para anunciar [&hellip;]<\/p>\n","protected":false},"author":1,"featured_media":168805,"comment_status":"closed","ping_status":"closed","sticky":false,"template":"","format":"standard","meta":[],"categories":[2],"tags":[],"_links":{"self":[{"href":"http:\/\/cordobainforma.info\/index.php\/wp-json\/wp\/v2\/posts\/168804"}],"collection":[{"href":"http:\/\/cordobainforma.info\/index.php\/wp-json\/wp\/v2\/posts"}],"about":[{"href":"http:\/\/cordobainforma.info\/index.php\/wp-json\/wp\/v2\/types\/post"}],"author":[{"embeddable":true,"href":"http:\/\/cordobainforma.info\/index.php\/wp-json\/wp\/v2\/users\/1"}],"replies":[{"embeddable":true,"href":"http:\/\/cordobainforma.info\/index.php\/wp-json\/wp\/v2\/comments?post=168804"}],"version-history":[{"count":0,"href":"http:\/\/cordobainforma.info\/index.php\/wp-json\/wp\/v2\/posts\/168804\/revisions"}],"wp:featuredmedia":[{"embeddable":true,"href":"http:\/\/cordobainforma.info\/index.php\/wp-json\/wp\/v2\/media\/168805"}],"wp:attachment":[{"href":"http:\/\/cordobainforma.info\/index.php\/wp-json\/wp\/v2\/media?parent=168804"}],"wp:term":[{"taxonomy":"category","embeddable":true,"href":"http:\/\/cordobainforma.info\/index.php\/wp-json\/wp\/v2\/categories?post=168804"},{"taxonomy":"post_tag","embeddable":true,"href":"http:\/\/cordobainforma.info\/index.php\/wp-json\/wp\/v2\/tags?post=168804"}],"curies":[{"name":"wp","href":"https:\/\/api.w.org\/{rel}","templated":true}]}}