{"id":168084,"date":"2025-09-12T21:35:00","date_gmt":"2025-09-12T21:35:00","guid":{"rendered":"https:\/\/www.escribiendocine.com\/noticias\/2025\/09\/12\/20433-critica-autos-mota-y-rocanrol-el-woodstock-mexicano-convertido-en-comedia"},"modified":"2025-09-12T21:35:00","modified_gmt":"2025-09-12T21:35:00","slug":"critica-autos-mota-y-rocanrol-el-woodstock-mexicano-convertido-en-comedia","status":"publish","type":"post","link":"http:\/\/cordobainforma.info\/index.php\/2025\/09\/12\/critica-autos-mota-y-rocanrol-el-woodstock-mexicano-convertido-en-comedia\/","title":{"rendered":"Cr\u00edtica \u00abAutos, Mota y Rocanrol\u00bb: el Woodstock mexicano convertido en comedia"},"content":{"rendered":"<div class=\"media_block\"><\/div>\n<div><img src=\"http:\/\/cordobainforma.info\/wp-content\/uploads\/2025\/09\/critica-autos-mota-y-rocanrol-el-woodstock-mexicano-convertido-en-comedia.jpg\" class=\"ff-og-image-inserted\"><\/div>\n<div readability=\"14.845070422535\">\n<div class=\"col-xs-12 col-sm-6 col-md-12 col-lg-3 no-padding col-der\" readability=\"7\">\n<p> <span class=\"fecha\">viernes 12 de septiembre de 2025 <\/span> <\/p>\n<\/p><\/div><\/div>\n<div readability=\"45\">\n<p>La comedia de Juan Manuel Cravioto nos transporta a 1971 con un formato de falso documental que parodia y, al mismo tiempo, rinde tributo a la historia del rock mexicano. La trama sigue a Justino Compe\u00e1n (Emiliano Zurita) y a Eduardo \u201cEl Negro\u201d L\u00f3pez Negrete (Alejandro Speitzer), quienes planean una simple carrera de autos con un peque\u00f1o concierto en Av\u00e1ndaro, Estado de M\u00e9xico. Lo que parec\u00eda un evento local termina desbordado cuando corre la voz y llegan miles de fan\u00e1ticos, transformando la reuni\u00f3n en un Woodstock a la mexicana.<\/p>\n<p><strong>Autos, Mota y Rocanrol<\/strong> (2025) recrea, desde una mirada c\u00f3mica y sat\u00edrica, los hechos que derivaron en el hist\u00f3rico <strong>Festival Rock y Ruedas de Av\u00e1ndaro<\/strong>, considerado el concierto m\u00e1s masivo en la historia del pa\u00eds y un verdadero parteaguas para la m\u00fasica nacional. Este 11 y 12 de septiembre se cumplen 54 a\u00f1os de aquel encuentro, y el film aporta una visi\u00f3n distinta: la trastienda, lo nunca visto en los documentales sobre Av\u00e1ndaro.<\/p>\n<p>Aunque no se trata de un documental, el largometraje incluye un homenaje a figuras reales. Entre ellas, destaca el retrato de Javier \u201cEl Brujo\u201d B\u00e1tiz, interpretado por Ruy Senderos, quien evoca al legendario m\u00fasico que form\u00f3 a artistas de la talla de Carlos Santana, Alex Lora y Abraham Laboriel. A trav\u00e9s de este personaje se reconoce la importancia de un legado que marc\u00f3 a generaciones enteras del rock mexicano.<\/p>\n<p><strong>Con recursos humor\u00edsticos, Zurita y Speitzer conducen al espectador a un viaje psicod\u00e9lico por los a\u00f1os setenta, entre enredos y situaciones desbordadas que narran lo que sucedi\u00f3 tras bambalinas en aquel m\u00edtico fin de semana.<\/strong> M\u00e1s que una comedia ligera, la pel\u00edcula funciona como un puente entre generaciones: ofrece a los m\u00e1s j\u00f3venes una versi\u00f3n fresca de lo que signific\u00f3 Av\u00e1ndaro, y a los mayores una oportunidad de recordar un cap\u00edtulo clave en la cultura popular mexicana.<\/p>\n<p><iframe src=\"https:\/\/www.youtube.com\/embed\/xhFW9lTO5EU?embeds_referring_euri=https\" width=\"560\" height=\"314\" allowfullscreen=\"allowfullscreen\">[embedded content]<\/iframe><\/p>\n<\/p><\/div>\n","protected":false},"excerpt":{"rendered":"<p>viernes 12 de septiembre de 2025 La comedia de Juan Manuel Cravioto nos transporta a 1971 con un formato de falso documental que parodia y, al mismo tiempo, rinde tributo a la historia del rock mexicano. La trama sigue a Justino Compe\u00e1n (Emiliano Zurita) y a Eduardo \u201cEl Negro\u201d L\u00f3pez Negrete (Alejandro Speitzer), quienes planean [&hellip;]<\/p>\n","protected":false},"author":1,"featured_media":168085,"comment_status":"open","ping_status":"closed","sticky":false,"template":"","format":"standard","meta":[],"categories":[21],"tags":[],"_links":{"self":[{"href":"http:\/\/cordobainforma.info\/index.php\/wp-json\/wp\/v2\/posts\/168084"}],"collection":[{"href":"http:\/\/cordobainforma.info\/index.php\/wp-json\/wp\/v2\/posts"}],"about":[{"href":"http:\/\/cordobainforma.info\/index.php\/wp-json\/wp\/v2\/types\/post"}],"author":[{"embeddable":true,"href":"http:\/\/cordobainforma.info\/index.php\/wp-json\/wp\/v2\/users\/1"}],"replies":[{"embeddable":true,"href":"http:\/\/cordobainforma.info\/index.php\/wp-json\/wp\/v2\/comments?post=168084"}],"version-history":[{"count":0,"href":"http:\/\/cordobainforma.info\/index.php\/wp-json\/wp\/v2\/posts\/168084\/revisions"}],"wp:featuredmedia":[{"embeddable":true,"href":"http:\/\/cordobainforma.info\/index.php\/wp-json\/wp\/v2\/media\/168085"}],"wp:attachment":[{"href":"http:\/\/cordobainforma.info\/index.php\/wp-json\/wp\/v2\/media?parent=168084"}],"wp:term":[{"taxonomy":"category","embeddable":true,"href":"http:\/\/cordobainforma.info\/index.php\/wp-json\/wp\/v2\/categories?post=168084"},{"taxonomy":"post_tag","embeddable":true,"href":"http:\/\/cordobainforma.info\/index.php\/wp-json\/wp\/v2\/tags?post=168084"}],"curies":[{"name":"wp","href":"https:\/\/api.w.org\/{rel}","templated":true}]}}