{"id":168007,"date":"2025-09-13T10:36:38","date_gmt":"2025-09-13T10:36:38","guid":{"rendered":"https:\/\/somoscordobeses.com\/2025\/09\/13\/el-ballet-oficial-de-cordoba-estrena-giselle-bajo-la-mirada-de-martin-miranda\/"},"modified":"2025-09-13T10:36:38","modified_gmt":"2025-09-13T10:36:38","slug":"el-ballet-oficial-de-cordoba-estrena-giselle-bajo-la-mirada-de-martin-miranda","status":"publish","type":"post","link":"http:\/\/cordobainforma.info\/index.php\/2025\/09\/13\/el-ballet-oficial-de-cordoba-estrena-giselle-bajo-la-mirada-de-martin-miranda\/","title":{"rendered":"El Ballet Oficial de C\u00f3rdoba estrena Giselle bajo la mirada de Mart\u00edn Miranda"},"content":{"rendered":"<div><img src=\"http:\/\/cordobainforma.info\/wp-content\/uploads\/2025\/09\/el-ballet-oficial-de-cordoba-estrena-giselle-bajo-la-mirada-de-martin-miranda.jpg\" class=\"ff-og-image-inserted\"><\/div>\n<p><strong>El Ballet Oficial de la Provincia estrenar\u00e1 una nueva puesta de Giselle, cl\u00e1sico rom\u00e1ntico en dos actos que se presentar\u00e1 los d\u00edas jueves 25, viernes 26, s\u00e1bado 27 y domingo 28, con la direcci\u00f3n musical del maestro Hadrian \u00c1vila Arzuza al frente de la Orquesta Sinf\u00f3nica de C\u00f3rdoba.<\/strong><\/p>\n<p>La reposici\u00f3n coreogr\u00e1fica est\u00e1 a cargo de Mart\u00edn Miranda, destacado profesional de la danza, reconocido por su amplia trayectoria como int\u00e9rprete en roles protag\u00f3nicos de repertorio cl\u00e1sico, neocl\u00e1sico y contempor\u00e1neo. La compa\u00f1\u00eda, que dirige Patricia Baca Urquiza, suma as\u00ed otra propuesta de gran relieve tras la exitosa puesta de El Mes\u00edas.<\/p>\n<p>El dise\u00f1o de escenograf\u00eda corresponde a Ana Laura Mor\u00e1n Morales, el vestuario a Jimena Rivas, y la iluminaci\u00f3n a Sebasti\u00e1n S\u00e1nchez Espejo y Emilia Bravo, completando un equipo art\u00edstico de primer nivel.<\/p>\n","protected":false},"excerpt":{"rendered":"<p>El Ballet Oficial de la Provincia estrenar\u00e1 una nueva puesta de Giselle, cl\u00e1sico rom\u00e1ntico en dos actos que se presentar\u00e1 los d\u00edas jueves 25, viernes 26, s\u00e1bado 27 y domingo 28, con la direcci\u00f3n musical del maestro Hadrian \u00c1vila Arzuza al frente de la Orquesta Sinf\u00f3nica de C\u00f3rdoba. La reposici\u00f3n coreogr\u00e1fica est\u00e1 a cargo de [&hellip;]<\/p>\n","protected":false},"author":1,"featured_media":168008,"comment_status":"closed","ping_status":"closed","sticky":false,"template":"","format":"standard","meta":[],"categories":[2],"tags":[],"_links":{"self":[{"href":"http:\/\/cordobainforma.info\/index.php\/wp-json\/wp\/v2\/posts\/168007"}],"collection":[{"href":"http:\/\/cordobainforma.info\/index.php\/wp-json\/wp\/v2\/posts"}],"about":[{"href":"http:\/\/cordobainforma.info\/index.php\/wp-json\/wp\/v2\/types\/post"}],"author":[{"embeddable":true,"href":"http:\/\/cordobainforma.info\/index.php\/wp-json\/wp\/v2\/users\/1"}],"replies":[{"embeddable":true,"href":"http:\/\/cordobainforma.info\/index.php\/wp-json\/wp\/v2\/comments?post=168007"}],"version-history":[{"count":0,"href":"http:\/\/cordobainforma.info\/index.php\/wp-json\/wp\/v2\/posts\/168007\/revisions"}],"wp:featuredmedia":[{"embeddable":true,"href":"http:\/\/cordobainforma.info\/index.php\/wp-json\/wp\/v2\/media\/168008"}],"wp:attachment":[{"href":"http:\/\/cordobainforma.info\/index.php\/wp-json\/wp\/v2\/media?parent=168007"}],"wp:term":[{"taxonomy":"category","embeddable":true,"href":"http:\/\/cordobainforma.info\/index.php\/wp-json\/wp\/v2\/categories?post=168007"},{"taxonomy":"post_tag","embeddable":true,"href":"http:\/\/cordobainforma.info\/index.php\/wp-json\/wp\/v2\/tags?post=168007"}],"curies":[{"name":"wp","href":"https:\/\/api.w.org\/{rel}","templated":true}]}}