{"id":167966,"date":"2025-09-12T14:11:36","date_gmt":"2025-09-12T14:11:36","guid":{"rendered":"https:\/\/www.escribiendocine.com\/noticias\/2025\/09\/12\/20429-isabel-coixet-inaugura-la-seminci-2025-con-tres-adioses-su-nueva-adaptacion-literaria"},"modified":"2025-09-12T14:11:36","modified_gmt":"2025-09-12T14:11:36","slug":"isabel-coixet-inaugura-la-seminci-2025-con-tres-adioses-su-nueva-adaptacion-literaria","status":"publish","type":"post","link":"http:\/\/cordobainforma.info\/index.php\/2025\/09\/12\/isabel-coixet-inaugura-la-seminci-2025-con-tres-adioses-su-nueva-adaptacion-literaria\/","title":{"rendered":"Isabel Coixet inaugura la Seminci 2025 con \u00abTres adioses\u00bb, su nueva adaptaci\u00f3n literaria"},"content":{"rendered":"<div class=\"media_block\"><\/div>\n<div><img src=\"http:\/\/cordobainforma.info\/wp-content\/uploads\/2025\/09\/isabel-coixet-inaugura-la-seminci-2025-con-tres-adioses-su-nueva-adaptacion-literaria.jpg\" class=\"ff-og-image-inserted\"><\/div>\n<div readability=\"23.790697674419\">\n<div class=\"col-xs-12 col-sm-6 col-md-12 col-lg-3 no-padding col-der\" readability=\"7\">\n<p> <span class=\"fecha\">viernes 12 de septiembre de 2025 <\/span> <\/p>\n<\/p><\/div><\/div>\n<div readability=\"59\">\n<p>La pel\u00edcula adapta <strong>Tres cuencos <\/strong>(Tre ciotole), libro p\u00f3stumo y semi autobiogr\u00e1fico de la escritora y activista feminista italiana Michela Murgia, referente intelectual de su pa\u00eds hasta su fallecimiento en 2023. Con esta obra, Coixet construye un relato que invierte la l\u00f3gica del amor: Marta y Antonio, una pareja en crisis, afrontan la separaci\u00f3n desde la cocina, la enfermedad y la posibilidad de redescubrir el deseo cuando la muerte acecha.<\/p>\n<p><em>\u00abEs una historia de amor contada al rev\u00e9s<\/em>\u00ab, explica la cineasta, que rod\u00f3 la pel\u00edcula en las calles de Roma. El film supone su regreso tras <strong>Un amor<\/strong> (2023), adaptaci\u00f3n de la novela hom\u00f3nima de Sara Mesa.<\/p>\n<p>La actriz italiana Alba Rohrwacher, ganadora de la Copa Volpi en Venecia por<strong> Hungry Hearts,<\/strong> encarna a Marta, mientras que Elio Germano (<strong>La nostra vita<\/strong>, <strong>Volevo nascondermi<\/strong>) interpreta a Antonio. El elenco se completa con el espa\u00f1ol Francesco Carril, Silvia D\u2019Amico, Galatea Bellugi y Sarita Choudhury, quien ya hab\u00eda trabajado con Coixet en Nieva en Benidorm.<\/p>\n<p>Coixet mantiene una relaci\u00f3n especial con el festival vallisoletano. Fue galardonada con la Espiga de Honor en 2020 y ya inaugur\u00f3 Seminci con<strong> La librer\u00eda<\/strong> (2017) y <strong>Nieva en Benidorm <\/strong>(2020), adem\u00e1s de clausurar la 60\u00aa edici\u00f3n con <strong>Nadie quiere la noche<\/strong> en 2015. Su trayectoria, que incluye t\u00edtulos clave como <strong>Mi vida sin m\u00ed<\/strong> o <strong>La vida secreta de las palabras<\/strong>, ha sido reconocida con el Premio Nacional de Cinematograf\u00eda, la Medalla Chevalier des Arts et des Lettres y el European Achievement in World Cinema Award.<\/p>\n<p><strong>Tres adioses<\/strong> est\u00e1 escrita por Coixet junto a Enrico Audenino y es una coproducci\u00f3n hispano-italiana encabezada por Cattleya (ITV Studios), Ruvido Produzioni, Bartlebyfilm, Buenapinta Media, Bteam Prods, Perdici\u00f3n Films, Apaches Entertainment y Tres Cuencos AIE, con apoyo del Ministerio de Cultura de Italia, Sky, RTVE y MAX. Distribuida en Espa\u00f1a por Bteam Pictures, su estreno en salas est\u00e1 previsto para 2026.<\/p>\n<\/p><\/div>\n","protected":false},"excerpt":{"rendered":"<p>viernes 12 de septiembre de 2025 La pel\u00edcula adapta Tres cuencos (Tre ciotole), libro p\u00f3stumo y semi autobiogr\u00e1fico de la escritora y activista feminista italiana Michela Murgia, referente intelectual de su pa\u00eds hasta su fallecimiento en 2023. Con esta obra, Coixet construye un relato que invierte la l\u00f3gica del amor: Marta y Antonio, una pareja [&hellip;]<\/p>\n","protected":false},"author":1,"featured_media":167967,"comment_status":"open","ping_status":"closed","sticky":false,"template":"","format":"standard","meta":[],"categories":[21],"tags":[],"_links":{"self":[{"href":"http:\/\/cordobainforma.info\/index.php\/wp-json\/wp\/v2\/posts\/167966"}],"collection":[{"href":"http:\/\/cordobainforma.info\/index.php\/wp-json\/wp\/v2\/posts"}],"about":[{"href":"http:\/\/cordobainforma.info\/index.php\/wp-json\/wp\/v2\/types\/post"}],"author":[{"embeddable":true,"href":"http:\/\/cordobainforma.info\/index.php\/wp-json\/wp\/v2\/users\/1"}],"replies":[{"embeddable":true,"href":"http:\/\/cordobainforma.info\/index.php\/wp-json\/wp\/v2\/comments?post=167966"}],"version-history":[{"count":0,"href":"http:\/\/cordobainforma.info\/index.php\/wp-json\/wp\/v2\/posts\/167966\/revisions"}],"wp:featuredmedia":[{"embeddable":true,"href":"http:\/\/cordobainforma.info\/index.php\/wp-json\/wp\/v2\/media\/167967"}],"wp:attachment":[{"href":"http:\/\/cordobainforma.info\/index.php\/wp-json\/wp\/v2\/media?parent=167966"}],"wp:term":[{"taxonomy":"category","embeddable":true,"href":"http:\/\/cordobainforma.info\/index.php\/wp-json\/wp\/v2\/categories?post=167966"},{"taxonomy":"post_tag","embeddable":true,"href":"http:\/\/cordobainforma.info\/index.php\/wp-json\/wp\/v2\/tags?post=167966"}],"curies":[{"name":"wp","href":"https:\/\/api.w.org\/{rel}","templated":true}]}}