{"id":167964,"date":"2025-09-12T14:47:37","date_gmt":"2025-09-12T14:47:37","guid":{"rendered":"http:\/\/cordobainforma.info\/index.php\/2025\/09\/12\/el-comite-del-nobel-responde-a-las-aspiraciones-de-trump-por-el-premio-de-paz\/"},"modified":"2025-09-12T14:47:37","modified_gmt":"2025-09-12T14:47:37","slug":"el-comite-del-nobel-responde-a-las-aspiraciones-de-trump-por-el-premio-de-paz","status":"publish","type":"post","link":"http:\/\/cordobainforma.info\/index.php\/2025\/09\/12\/el-comite-del-nobel-responde-a-las-aspiraciones-de-trump-por-el-premio-de-paz\/","title":{"rendered":"El Comit\u00e9 del Nobel responde a las aspiraciones de Trump por el Premio de Paz"},"content":{"rendered":"<p><img src=\"http:\/\/cordobainforma.info\/wp-content\/uploads\/2025\/09\/el-comite-del-nobel-responde-a-las-aspiraciones-de-trump-por-el-premio-de-paz.jpg\"><\/p>\n<p>El Comit\u00e9&nbsp;Noruego del Nobel seguir\u00e1 considerando las nominaciones para el premio independientemente de la atenci\u00f3n que reciban de los medios. As\u00ed lo <a href=\"https:\/\/www.france24.com\/en\/live-news\/20250912-trump-s-push-for-peace-prize-won-t-sway-us-says-nobel-committee\" target=\"_blank\" rel=\"noopener noreferrer\">anunci\u00f3<\/a> a AFP el secretario del comit\u00e9, Kristian Berg Harpviken.<\/p>\n<p>Desde su regreso a la Casa Blanca en enero, Trump ha dejado claro que desea el prestigioso Premio Nobel de la Paz, <a href=\"https:\/\/actualidad.rt.com\/actualidad\/539344-merecer-dar-trump-nobel-paz\" target=\"_blank\" rel=\"noopener noreferrer\">afirmando<\/a> que \u00ab<strong>se lo merece\u00bb<\/strong>, por haber puesto <a href=\"https:\/\/actualidad.rt.com\/actualidad\/564288-complicado-trump-admite-penso-conflicto\" target=\"_blank\" rel=\"noopener noreferrer\">fin<\/a> a <strong>\u00absiete guerras\u00bb<\/strong>, lo que fue ampliamente difundido en peri\u00f3dicos.<\/p>\n<div class=\"ReadMore-root Section-root Section-is1to3-xs_is1to1\" data-widgets=\"ReadMore\">\n<div class=\"Section-container Section-isRow-isTop-isWrap\">\n<article class=\"Card-root Card-is1to1 Card-default \">\n<div class=\"Card-imageWrap\">\n<div class=\"Card-picture\"> <picture class=\"Picture-root Picture-default\"><!--[if IE 9]><video style=\"display: none;\"><![endif]--><source media=\"(-webkit-min-device-pixel-ratio: 2) and (min-resolution: 120dpi)\" srcset=\"http:\/\/cordobainforma.info\/wp-content\/uploads\/2025\/09\/el-comite-del-nobel-responde-a-las-aspiraciones-de-trump-por-el-premio-de-paz-2.jpg 850w, http:\/\/cordobainforma.info\/wp-content\/uploads\/2025\/09\/el-comite-del-nobel-responde-a-las-aspiraciones-de-trump-por-el-premio-de-paz-3.jpg 1960w\"><source srcset=\"http:\/\/cordobainforma.info\/wp-content\/uploads\/2025\/09\/el-comite-del-nobel-responde-a-las-aspiraciones-de-trump-por-el-premio-de-paz-2.jpg, https:\/\/actualidad.rt.com\/actualidad\/460, http:\/\/cordobainforma.info\/wp-content\/uploads\/2025\/09\/el-comite-del-nobel-responde-a-las-aspiraciones-de-trump-por-el-premio-de-paz-3.jpg 980w\"><!--[if IE 9]><\/video><![endif]--><img data-sizes=\"auto\" src=\"http:\/\/cordobainforma.info\/wp-content\/uploads\/2025\/09\/el-comite-del-nobel-responde-a-las-aspiraciones-de-trump-por-el-premio-de-paz-2.jpg\" class=\"Picture-root Picture-default lazyload\" alt=\"Politico revela las razones por las que Trump podr\u00eda ganar el Nobel de la Paz\"><\/picture><!-- noscript pattern --><noscript><img src=\"http:\/\/cordobainforma.info\/wp-content\/uploads\/2025\/09\/el-comite-del-nobel-responde-a-las-aspiraciones-de-trump-por-el-premio-de-paz-3.jpg\" alt=\"Politico revela las razones por las que Trump podr\u00eda ganar el Nobel de la Paz\"><\/noscript> <\/div><\/div>\n<\/article><\/div><\/div>\n<p>\u00abPor supuesto, observamos que hay mucha atenci\u00f3n medi\u00e1tica hacia candidatos concretos\u00bb, observ\u00f3 Harpviken. \u00abPero eso no tiene <strong>ning\u00fan impacto en las discusiones<\/strong> que se est\u00e1n llevando a cabo en el comit\u00e9\u00bb, dijo.<\/p>\n<p>En el mismo sentido, reiter\u00f3 que \u00abel comit\u00e9 eval\u00faa a cada nominado <strong>individualmente<\/strong> seg\u00fan sus propios m\u00e9ritos\u00bb.<\/p>\n<p>\u00abSer nominado no es necesariamente un gran logro. El gran logro es convertirse en galardonado\u00bb, declar\u00f3 Berg Harpviken. \u00abComo saben,<strong> la lista de personas<\/strong> que se pueden nominar es bastante larga\u00bb, agreg\u00f3.<\/p>\n<p>Este a\u00f1o, <a href=\"https:\/\/www.nobelprize.org\/nomination\/peace\/\" target=\"_blank\" rel=\"noopener noreferrer\">hay<\/a>&nbsp;<strong>338 candidatos<\/strong> nominados para el Premio Nobel de la Paz 2025. La lista de nominados se publica <strong>50 a\u00f1os<\/strong> despu\u00e9s de la entrega del premio. El galardonado de 2025 <a href=\"https:\/\/www.nobelprize.org\/prizes\/about\/prize-announcement-dates\/\" target=\"_blank\" rel=\"noopener noreferrer\">se anunciar\u00e1<\/a>&nbsp;<strong>el 10 de octubre<\/strong>.<\/p>\n<p>Los candidatos m\u00e1s destacados pasan a una lista de preseleccionados, y cada nombre es evaluado posteriormente por un experto. \u00abCuando el comit\u00e9 debate, es esa base de conocimientos la que enmarca el debate. No se trata de la noticia que ha recibido <strong>m\u00e1s atenci\u00f3n en las \u00faltimas 24 horas<\/strong>\u00ab, detall\u00f3 Berg Harpviken.<\/p>\n<p>\u00abSomos muy conscientes de que cada a\u00f1o hay varias campa\u00f1as, y hacemos todo lo posible por estructurar el proceso y las reuniones de tal manera que no nos veamos indebidamente <strong>influenciados por ninguna<\/strong>\u00ab, a\u00f1adi\u00f3.<\/p>\n","protected":false},"excerpt":{"rendered":"<p>El Comit\u00e9&nbsp;Noruego del Nobel seguir\u00e1 considerando las nominaciones para el premio independientemente de la atenci\u00f3n que reciban de los medios. As\u00ed lo anunci\u00f3 a AFP el secretario del comit\u00e9, Kristian Berg Harpviken. Desde su regreso a la Casa Blanca en enero, Trump ha dejado claro que desea el prestigioso Premio Nobel de la Paz, afirmando [&hellip;]<\/p>\n","protected":false},"author":1,"featured_media":167965,"comment_status":"closed","ping_status":"closed","sticky":false,"template":"","format":"standard","meta":[],"categories":[22],"tags":[],"_links":{"self":[{"href":"http:\/\/cordobainforma.info\/index.php\/wp-json\/wp\/v2\/posts\/167964"}],"collection":[{"href":"http:\/\/cordobainforma.info\/index.php\/wp-json\/wp\/v2\/posts"}],"about":[{"href":"http:\/\/cordobainforma.info\/index.php\/wp-json\/wp\/v2\/types\/post"}],"author":[{"embeddable":true,"href":"http:\/\/cordobainforma.info\/index.php\/wp-json\/wp\/v2\/users\/1"}],"replies":[{"embeddable":true,"href":"http:\/\/cordobainforma.info\/index.php\/wp-json\/wp\/v2\/comments?post=167964"}],"version-history":[{"count":0,"href":"http:\/\/cordobainforma.info\/index.php\/wp-json\/wp\/v2\/posts\/167964\/revisions"}],"wp:featuredmedia":[{"embeddable":true,"href":"http:\/\/cordobainforma.info\/index.php\/wp-json\/wp\/v2\/media\/167965"}],"wp:attachment":[{"href":"http:\/\/cordobainforma.info\/index.php\/wp-json\/wp\/v2\/media?parent=167964"}],"wp:term":[{"taxonomy":"category","embeddable":true,"href":"http:\/\/cordobainforma.info\/index.php\/wp-json\/wp\/v2\/categories?post=167964"},{"taxonomy":"post_tag","embeddable":true,"href":"http:\/\/cordobainforma.info\/index.php\/wp-json\/wp\/v2\/tags?post=167964"}],"curies":[{"name":"wp","href":"https:\/\/api.w.org\/{rel}","templated":true}]}}