{"id":167962,"date":"2025-09-12T14:50:40","date_gmt":"2025-09-12T14:50:40","guid":{"rendered":"http:\/\/cordobainforma.info\/index.php\/2025\/09\/12\/el-secretario-de-guerra-de-ee-uu-manda-un-duro-mensaje-al-hemisferio\/"},"modified":"2025-09-12T14:50:40","modified_gmt":"2025-09-12T14:50:40","slug":"el-secretario-de-guerra-de-ee-uu-manda-un-duro-mensaje-al-hemisferio","status":"publish","type":"post","link":"http:\/\/cordobainforma.info\/index.php\/2025\/09\/12\/el-secretario-de-guerra-de-ee-uu-manda-un-duro-mensaje-al-hemisferio\/","title":{"rendered":"El secretario de Guerra de EE.UU. manda un duro mensaje al hemisferio"},"content":{"rendered":"<p><img src=\"http:\/\/cordobainforma.info\/wp-content\/uploads\/2025\/09\/el-secretario-de-guerra-de-ee-uu-manda-un-duro-mensaje-al-hemisferio.jpg\"><\/p>\n<p>El secretario de Guerra de EE.UU., <a href=\"https:\/\/esrt.space\/actualidad\/564108-gobernadora-puerto-rico-honrada-guerra-eeuu\" target=\"_blank\" rel=\"noopener noreferrer\">Peter Hegseth<\/a>, lanz\u00f3 un mensaje a \u00abtodo el hemisferio occidental\u00bb, a prop\u00f3sito del&nbsp;<a href=\"https:\/\/esrt.space\/actualidad\/564274-voces-puerto-rico-rechazar-presencia-eeuu\" target=\"_blank\" rel=\"noopener noreferrer\">despliegue<\/a> militar estadounidense en Am\u00e9rica Latina para supuestamente combatir el narcoterrorismo.<\/p>\n<p>Durante una&nbsp;<a href=\"https:\/\/www.foxnews.com\/video\/6379009933112\" target=\"_blank\" rel=\"noopener noreferrer\">entrevista<\/a>&nbsp;con Fox News, Hegseth asegur\u00f3 el jueves que el objetivo del presidente de EE.UU., Donald Trump, es \u00ablograr la paz a trav\u00e9s de la fuerza\u00bb.&nbsp;<\/p>\n<p>\u00abVamos a poner a Am\u00e9rica [en referencia a EE.UU.] primero\u00bb, agreg\u00f3&nbsp;Hegseth, tras aseverar que Washington no se quedar\u00e1 de&nbsp;\u00abbrazos cruzados\u00bb, mientras \u00ab<strong>se amenaza al pueblo americano<\/strong>\u00ab, \u00abse envenena al pueblo americano\u00bb, \u00abse trafica a las personas\u00bb y \u00abexisten pandillas violentas\u00bb en el interior de EE.UU.<\/p>\n<div class=\"ReadMore-root Section-root Section-is1to3-xs_is1to1\" data-widgets=\"ReadMore\">\n<div class=\"Section-container Section-isRow-isTop-isWrap\">\n<article class=\"Card-root Card-is1to1 Card-default \">\n<div class=\"Card-imageWrap\">\n<div class=\"Card-picture\"> <picture class=\"Picture-root Picture-default\"><!--[if IE 9]><video style=\"display: none;\"><![endif]--><source media=\"(-webkit-min-device-pixel-ratio: 2) and (min-resolution: 120dpi)\" srcset=\"http:\/\/cordobainforma.info\/wp-content\/uploads\/2025\/09\/el-secretario-de-guerra-de-ee-uu-manda-un-duro-mensaje-al-hemisferio-2.jpg 850w, http:\/\/cordobainforma.info\/wp-content\/uploads\/2025\/09\/el-secretario-de-guerra-de-ee-uu-manda-un-duro-mensaje-al-hemisferio-3.jpg 1960w\"><source srcset=\"http:\/\/cordobainforma.info\/wp-content\/uploads\/2025\/09\/el-secretario-de-guerra-de-ee-uu-manda-un-duro-mensaje-al-hemisferio-2.jpg, https:\/\/actualidad.rt.com\/actualidad\/460, http:\/\/cordobainforma.info\/wp-content\/uploads\/2025\/09\/el-secretario-de-guerra-de-ee-uu-manda-un-duro-mensaje-al-hemisferio-3.jpg 980w\"><!--[if IE 9]><\/video><![endif]--><img data-sizes=\"auto\" src=\"http:\/\/cordobainforma.info\/wp-content\/uploads\/2025\/09\/el-secretario-de-guerra-de-ee-uu-manda-un-duro-mensaje-al-hemisferio-2.jpg\" class=\"Picture-root Picture-default lazyload\" alt=\"Nicol\u00e1s Maduro sobre EE.UU.: &quot;Tienen ocho barcos ahora, 1.200 misiles apuntando a nuestras cabezas&quot;\"><\/picture><!-- noscript pattern --><noscript><img src=\"http:\/\/cordobainforma.info\/wp-content\/uploads\/2025\/09\/el-secretario-de-guerra-de-ee-uu-manda-un-duro-mensaje-al-hemisferio-3.jpg\" alt=\"Nicol\u00e1s Maduro sobre EE.UU.: &quot;Tienen ocho barcos ahora, 1.200 misiles apuntando a nuestras cabezas&quot;\"><\/noscript> <\/div><\/div>\n<\/article><\/div><\/div>\n<p>Es esa&nbsp;&#8216;lucha&#8217;, el secretario de Guerra ha enmarcado la pol\u00edtica de&nbsp;<strong>\u00abdeportaciones masivas\u00bb<\/strong> que se est\u00e1n produciendo en ese&nbsp;pa\u00eds desde la llegada de Trump a la Casa Blanca, el pasado mes de enero.&nbsp;<\/p>\n<p>Para el funcionario, su pa\u00eds debe \u00abproyectar poder\u00bb con el aseguramiento de las fronteras y la \u00ablucha contra el narcotr\u00e1fico\u00bb, luego de haber permanecido mucho tiempo con la mirada puesta \u00aben lugares lejanos que ten\u00edan una conexi\u00f3n nebulosa\u00bb con la seguridad&nbsp;estadounidense.<\/p>\n<h3>Alta tensi\u00f3n<\/h3>\n<p>Las palabras del Hegseth llegan en momentos de alta tensi\u00f3n con varios pa\u00edses de la regi\u00f3n, que consideran <a href=\"https:\/\/actualidad-rt.com\/actualidad\/563791-petro-opinion-celac-despliegue-militar-eeuu\" target=\"_blank\" rel=\"noopener noreferrer\">preocupante<\/a> la presencia militar de EE.UU. en el Caribe sur.<\/p>\n<p>La mayor\u00eda de los miembros de la Comunidad de Estados Latinoamericanos y Caribe\u00f1os (Celac) coincidi\u00f3 en defender que&nbsp;Am\u00e9rica Latina y el Caribe son una Zona de Paz, con la adopci\u00f3n de&nbsp;principios como la proscripci\u00f3n de la amenaza y el uso de la fuerza; la soluci\u00f3n pac\u00edfica de controversias; y la <strong>no injerencia en los asuntos internos<\/strong> de los Estados.<\/p>\n<p>El clima lleg\u00f3 a uno de sus puntos m\u00e1s \u00e1lgidos a principios de este mes, luego de que fuese bombardeada una peque\u00f1a embarcaci\u00f3n con 11 personas a bordo, que presuntamente&nbsp;transportaba drogas y proced\u00eda de Venezuela.<\/p>\n<ul>\n<li>\n<p>El pasado agosto, medios internacionales&nbsp;<a href=\"https:\/\/actualidad.rt.com\/actualidad\/561776-reuters-eeuu-desplegar-buques-guerra-venezuela\" target=\"_blank\" rel=\"noopener noreferrer\" data-entity-type=\"MessageEntityUrl\">anunciaron<\/a>&nbsp;un&nbsp;<strong>despliegue militar estadounidense en el Caribe<\/strong>&nbsp;<strong>sur<\/strong>&nbsp;para, supuestamente, enfrentar a los c\u00e1rteles de la droga. Del mismo modo, la fiscal general de EE.UU., Pamela Bondi,&nbsp;<a href=\"https:\/\/actualidad.rt.com\/actualidad\/560495-venezuela-reacciona-anuncio-eeuu-recompensa-maduro\" target=\"_blank\" rel=\"noopener noreferrer\" data-entity-type=\"MessageEntityUrl\">duplic\u00f3<\/a>&nbsp;la recompensa por informaci\u00f3n que condujera al arresto del presidente venezolano, Nicol\u00e1s Maduro, bajo la acusaci\u00f3n infundada de liderar un \u00abc\u00e1rtel de narcotr\u00e1fico\u00bb.<\/p>\n<\/li>\n<li>\n<p>Caracas denuncia que estas maniobras&nbsp;est\u00e1n orientadas a<strong>&nbsp;forzar un&nbsp;<a href=\"https:\/\/esrt.space\/actualidad\/563604-quieren-luchar-droga-vayanse-pacifico\" target=\"_blank\" rel=\"noopener noreferrer\">cambio<\/a>&nbsp;pol\u00edtico y&nbsp;<a href=\"https:\/\/esrt.space\/actualidad\/563437-maduro-razones-ataque-eeuu\" target=\"_blank\" rel=\"noopener noreferrer\">apoderarse<\/a>&nbsp;de los recursos naturales<\/strong>&nbsp;que posee el pa\u00eds suramericano.&nbsp;<\/p>\n<\/li>\n<li>\n<p>Para hacer frente al despliegue estadounidense, Maduro&nbsp;<a href=\"https:\/\/actualidad.rt.com\/actualidad\/562141-maduro-anuncia-proceso-alistamiento-militar\" target=\"_blank\" rel=\"noopener noreferrer\" data-entity-type=\"MessageEntityUrl\">llam\u00f3<\/a>&nbsp;al alistamiento voluntario en la Milicia Bolivariana para la defensa de la soberan\u00eda de la naci\u00f3n.<\/p>\n<\/li>\n<li>Pese al aumento de las fricciones, el presidente venezolano&nbsp;<a href=\"https:\/\/actualidad.rt.com\/actualidad\/563272-maduro-barcos-militares-submarino-venezuela\" target=\"_blank\" rel=\"noopener noreferrer\">se ha mostrado<\/a>&nbsp;abierto al di\u00e1logo con el&nbsp;mandatario de EE.UU., Donald Trump, siempre que no se imponga la \u00abdiplomacia de las ca\u00f1oneras\u00bb de su secretario de Estado, Marco Rubio.<\/li>\n<li>\n<p>La semana previa, el Pent\u00e1gono&nbsp;<a href=\"https:\/\/actualidad-rt.com\/actualidad\/563748-pentagono-acusa-2-aviones-militares-venezuela-acercarse-buque-armada\" target=\"_blank\" rel=\"noopener noreferrer\">denunci\u00f3<\/a>&nbsp;que dos aviones&nbsp;militares venezolanos hab\u00edan sobrevolado \u00abcerca de un buque de la Armada de EE.UU. en aguas internacionales\u00bb,&nbsp;lo que calific\u00f3 de<strong>&nbsp;movimiento&nbsp;\u00abprovocador\u00bb<\/strong>&nbsp;para interferir&nbsp;con sus&nbsp;\u00aboperaciones contra el narcoterror\u00bb&nbsp;en la zona.<\/p>\n<\/li>\n<li>\n<p>Posteriormente, Trump&nbsp;<a href=\"https:\/\/esrt.space\/actualidad\/563849-trump-amenaza-derribar-aviones-venezuela\" target=\"_blank\" rel=\"noopener noreferrer\">amenaz\u00f3<\/a>&nbsp;con derribar aviones militares venezolanos,&nbsp;si pon\u00edan a EE.UU. \u00aben una posici\u00f3n peligrosa\u00bb.&nbsp;&nbsp;<\/p>\n<\/li>\n<li>\n<p>Mientras,&nbsp;Maduro&nbsp;<a href=\"https:\/\/www.youtube.com\/live\/7vslpi7DSQU?si=cD06cHClHv6F_AMB\" target=\"_blank\" rel=\"noopener noreferrer\">declar\u00f3<\/a>&nbsp;que el pa\u00eds pasar\u00e1 a la lucha armada si llega a ser objeto de agresi\u00f3n.&nbsp;En este contexto, se\u00f1al\u00f3 que Washington \u00abdebe<strong>&nbsp;abandonar su plan de un cambio de r\u00e9gimen violento<\/strong>&nbsp;en Venezuela y en toda Am\u00e9rica Latina y el Caribe\u00bb.<\/p>\n<\/li>\n<\/ul>\n","protected":false},"excerpt":{"rendered":"<p>El secretario de Guerra de EE.UU., Peter Hegseth, lanz\u00f3 un mensaje a \u00abtodo el hemisferio occidental\u00bb, a prop\u00f3sito del&nbsp;despliegue militar estadounidense en Am\u00e9rica Latina para supuestamente combatir el narcoterrorismo. Durante una&nbsp;entrevista&nbsp;con Fox News, Hegseth asegur\u00f3 el jueves que el objetivo del presidente de EE.UU., Donald Trump, es \u00ablograr la paz a trav\u00e9s de la fuerza\u00bb.&nbsp; [&hellip;]<\/p>\n","protected":false},"author":1,"featured_media":167963,"comment_status":"closed","ping_status":"closed","sticky":false,"template":"","format":"standard","meta":[],"categories":[22],"tags":[],"_links":{"self":[{"href":"http:\/\/cordobainforma.info\/index.php\/wp-json\/wp\/v2\/posts\/167962"}],"collection":[{"href":"http:\/\/cordobainforma.info\/index.php\/wp-json\/wp\/v2\/posts"}],"about":[{"href":"http:\/\/cordobainforma.info\/index.php\/wp-json\/wp\/v2\/types\/post"}],"author":[{"embeddable":true,"href":"http:\/\/cordobainforma.info\/index.php\/wp-json\/wp\/v2\/users\/1"}],"replies":[{"embeddable":true,"href":"http:\/\/cordobainforma.info\/index.php\/wp-json\/wp\/v2\/comments?post=167962"}],"version-history":[{"count":0,"href":"http:\/\/cordobainforma.info\/index.php\/wp-json\/wp\/v2\/posts\/167962\/revisions"}],"wp:featuredmedia":[{"embeddable":true,"href":"http:\/\/cordobainforma.info\/index.php\/wp-json\/wp\/v2\/media\/167963"}],"wp:attachment":[{"href":"http:\/\/cordobainforma.info\/index.php\/wp-json\/wp\/v2\/media?parent=167962"}],"wp:term":[{"taxonomy":"category","embeddable":true,"href":"http:\/\/cordobainforma.info\/index.php\/wp-json\/wp\/v2\/categories?post=167962"},{"taxonomy":"post_tag","embeddable":true,"href":"http:\/\/cordobainforma.info\/index.php\/wp-json\/wp\/v2\/tags?post=167962"}],"curies":[{"name":"wp","href":"https:\/\/api.w.org\/{rel}","templated":true}]}}