{"id":167956,"date":"2025-09-12T13:06:11","date_gmt":"2025-09-12T13:06:11","guid":{"rendered":"https:\/\/www.mujerhoy.com\/moda\/pasarelas\/juan-duyos-disenador-espanol-favorito-reina-letizia-quiere-vestir-carolina-monaco-20250912160023-nt.html"},"modified":"2025-09-12T13:06:11","modified_gmt":"2025-09-12T13:06:11","slug":"juan-duyos-reinventa-el-concepto-del-lujo-artesano-sueno-con-vestir-a-carolina-de-monaco","status":"publish","type":"post","link":"http:\/\/cordobainforma.info\/index.php\/2025\/09\/12\/juan-duyos-reinventa-el-concepto-del-lujo-artesano-sueno-con-vestir-a-carolina-de-monaco\/","title":{"rendered":"Juan Duyos reinventa el concepto del lujo artesano: \u00abSue\u00f1o con vestir a Carolina de M\u00f3naco\u00bb"},"content":{"rendered":"<div class=\"media_block\"><\/div>\n<p><!-- AUTHOR --><\/p>\n<div class=\"voc-author-timesocial \">\n<!-- AUTHOR --><\/p>\n<div class=\"voc-author-timesocial__signature \">\n<!-- IMAGE AUTHOR -->\n<picture class=\"voc-image-signature\">\n<img class=\"voc-image-signature__img\" src=\"http:\/\/cordobainforma.info\/wp-content\/uploads\/2025\/09\/juan-duyos-reinventa-el-concepto-del-lujo-artesano-sueno-con-vestir-a-carolina-de-monaco.jpg\" alt=\"Ana Calvo\">\n<\/picture>\n<!-- INFO AUTHOR --><\/p>\n<div class=\"voc-author-timesocial__info\" data-mrf-recirculation=\"Autor\">\n<div class=\"voc-author-info\">\n<author><br \/>\n<a class=\"voc-author\" href=\"https:\/\/www.mujerhoy.com\/autor\/ana-calvo-1186.html\">Ana Calvo<\/a><br \/>\n<\/author><br \/>\n<!-- TIME --><br \/>\n<time datetime=\"2025-09-12T13:06:11Z\" data-timestamp><br \/>\nPublicado \u00b7 <span data-voc-date-modified-short> 12 de septiembre de 2025, 15:06 h <\/span><br \/>\n<\/time>\n<\/div>\n<\/div>\n<\/div><\/div>\n<p><!-- COMPONENTS --><\/p>\n<p class=\"voc-paragraph\"><strong>Juan Duyos<\/strong> es uno de los grandes nombres de la moda espa\u00f1ola. Colecci\u00f3n a colecci\u00f3n, el dise\u00f1ador ha tejido una carrera de m\u00e1s de 25 a\u00f1os de \u00e9xitos. La pasarela en nuestro pa\u00eds no se concive sin un desfile suyo en la agenda. Sin embargo, <a href=\"https:\/\/madridesmoda.com\/\" title=\"madridesmoda.com\" data-voc-vtm-id=\"in-text-traffic\" data-mrf-link=\"madridesmoda.com\">Madrid es Moda<\/a> para \u00e9l es algo m\u00e1s. \u00abEs m\u00e1s que un sue\u00f1o\u00bb, nos confiesa, \u00abes un espacio donde los dise\u00f1adores podemos plasmar nuestra creatividad en espacios incre\u00edbles por toda la ciudad\u00bb.<\/p>\n<p class=\"voc-paragraph\">Por eso su desfile es uno de los m\u00e1s esperados de esta edici\u00f3n especial 10\u00ba aniversario de Madrid es Moda: <strong>el lunes 15 de septiembre, a las 7 de la tarde<\/strong>, el Claustro del Pozo del IES San Isidro ser\u00e1 testigo de c\u00f3mo Juan Duyos reinventa el concepto del lujo, de la artesan\u00eda y de la moda de autor. Y lo hace con una colecci\u00f3n Resort 2026 que \u00abes el coraz\u00f3n y el pilar de toda esta historia\u00bb, pero tambi\u00e9n con todo lo que la rodea: un enclave \u00fanico, un c\u00e1sting de modelos que celebra la diversidad y una l\u00ednea de <strong>accesorios joya en colaboraci\u00f3n con Glo*<\/strong> que \u00abme ha permitido mirar el dise\u00f1o desde otro \u00e1ngulo. Integrar sus dispositivos en mi l\u00ednea de joyer\u00eda ha sido un reto creativo muy estimulante\u00bb.<\/p>\n<div class=\"v-c-cmp v-c-cmp--t1 \">\n<div class=\"v-cmp-rld v-cmp-rld--2 \">\n<div class=\"v-cnt-m v-cnt-m--m\">\n<div class=\"v-cnt-m__c\">\n<div class=\"v-cnt-m__w v-cnt-m__w--1\">\n<p class=\"v-cnt-m__t\">\nTAMBI\u00c9N TE INTERESA\n<\/p>\n<\/div>\n<\/div>\n<\/div>\n<div class=\"v-g v-g--2-c v-g--bdr-min-xs\">\n<div class=\"v-g__c \">\n<article class=\"v-a v-a--cmp-rld v-a--cmp-rld-2 v-a--p-l\">\n<div class=\"v-a-img-c\">\n<figure class=\"v-a-fig\">\n<a href=\"https:\/\/www.mujerhoy.com\/moda\/pasarelas\/roberto-verino-trajes-mas-bonitos-favoritos-mujeres-elegantes-cualquier-edad-20250907120341-nt.html#vtm_modulosEngag=mod-rel:moda:noticia:1:cmp:2-not\" class=\"v-a-link\" title=\"Roberto Verino: \u00abSoy partidario de definir la moda como un estilo de vida\u00bb\"><br \/>\n<img loading=\"lazy\" class=\"v-a-img\" src=\"http:\/\/cordobainforma.info\/wp-content\/uploads\/2025\/09\/juan-duyos-reinventa-el-concepto-del-lujo-artesano-sueno-con-vestir-a-carolina-de-monaco-1.jpg\" alt=\"Roberto Verino: \u00abSoy partidario de definir la moda como un estilo de vida\u00bb\"><br \/>\n<\/a><br \/>\n<\/figure>\n<\/div>\n<\/article>\n<\/div>\n<div class=\"v-g__c \">\n<article class=\"v-a v-a--cmp-rld v-a--cmp-rld-2 v-a--p-l\">\n<div class=\"v-a-img-c\">\n<figure class=\"v-a-fig\">\n<a href=\"https:\/\/www.mujerhoy.com\/moda\/pasarelas\/quien-es-dominnico-disenador-favorito-rosalia-aitana-desfile-madrid-es-moda-20250909112346-nt.html#vtm_modulosEngag=mod-rel:moda:noticia:2:cmp:2-not\" class=\"v-a-link\" title=\"Dominnico, el dise\u00f1ador espa\u00f1ol de las grandes divas de la m\u00fasica que sue\u00f1a con vestir a Rihanna: \u00abDebemos estar orgullosos de lo nuestro\u00bb\"><br \/>\n<img loading=\"lazy\" class=\"v-a-img\" src=\"http:\/\/cordobainforma.info\/wp-content\/uploads\/2025\/09\/juan-duyos-reinventa-el-concepto-del-lujo-artesano-sueno-con-vestir-a-carolina-de-monaco-2.jpg\" alt=\"Dominnico, el dise\u00f1ador espa\u00f1ol de las grandes divas de la m\u00fasica que sue\u00f1a con vestir a Rihanna: \u00abDebemos estar orgullosos de lo nuestro\u00bb\"><br \/>\n<\/a><br \/>\n<\/figure>\n<\/div>\n<\/article>\n<\/div>\n<\/div>\n<\/div>\n<\/div>\n<p class=\"voc-paragraph\">Promovido en colaboraci\u00f3n con la Asociaci\u00f3n Creadores de Moda de Espa\u00f1a (ACME) y con el apoyo del Ayuntamiento de Madrid a trav\u00e9s de la iniciativa municipal Madrid Capital de Moda, liderada por el \u00c1rea de Gobierno de Econom\u00eda, Innovaci\u00f3n y Hacienda, <strong>Madrid es Moda celebra su edici\u00f3n especial 10\u00ba aniversario del 13 al 16 de septiembre<\/strong>. Con el patrocinio de Sol\u00e1n de Cabras, Toyota Espa\u00f1a, Glo*, Clinique y Keune Haircosmetics, la <a href=\"https:\/\/madridesmoda.com\/agenda\/\" title=\"madridesmoda.com\" data-voc-vtm-id=\"in-text-traffic\" data-mrf-link=\"madridesmoda.com\">agenda de Madrid es Moda<\/a> incluye desfiles y presentaciones de diferentes formatos de los principales nombres de la moda de autor espa\u00f1ola en museos, atelieres, tiendas, calles y plazas de la capital.<\/p>\n<p class=\"voc-paragraph\">Bajo el lema Artesanos de lo Posible, Madrid es Moda vuelve a celebrar esta edici\u00f3n especial 10\u00ba aniversario <strong>la moda espa\u00f1ola y la artesan\u00eda<\/strong>, poniendo en valor la dedicaci\u00f3n, el cuidado del detalle y la pasi\u00f3n que hay detr\u00e1s de los oficios que hacen posible este sector y que, para Juan Duyos \u00abllevo impregnado en mi ADN, es innegable\u00bb.<\/p>\n<p class=\"voc-paragraph\"><strong>\u00bfQu\u00e9 vamos a ver en su presentaci\u00f3n en Madrid es Moda esta temporada?<\/strong><\/p>\n<p class=\"voc-paragraph\">Creo que tengo esp\u00edritu isle\u00f1o. Soy madrile\u00f1o, gato, gato, pero tengo un alma isle\u00f1a y una <strong>fascinaci\u00f3n por nuestras Islas Canarias<\/strong>, as\u00ed que esa ha sido mi inspiraci\u00f3n. Lo vamos a ver en la paleta de colores, en los juegos de vol\u00famenes, en sus bosques de laurisilva, en las playas, los cielos y las aguas de esas islas. Esos contrastes que a m\u00ed me encantan, pasar de un bosque verde al desierto y luego a un volc\u00e1n o a una playa azul turquesa. Me inspira era tierra de fantas\u00eda, hay bastante Wonderland.<\/p>\n<div class=\"v-c-cmp\">\n<div class=\"v-cmp-cmb\">\n<figure class=\"v-cmp-cmb__fig\"><figcaption class=\"v-fc\">\n<span class=\"v-fc__t\"><br \/>\nJuan Duyos nos muestra en su taller c\u00f3mo ha elevado a categor\u00eda de joya los dispositivos de Glo* (+18. Producto no exento de riesgos y al usarse con sticks proporciona nicotina, una sustancia adictiva).<br \/>\n<\/span><br \/>\n<span class=\"v-fc__p\"><br \/>\nDR<br \/>\n<\/span><br \/>\n<\/figcaption><\/figure>\n<\/div>\n<\/div>\n<div id=\"100\" popover class=\"v-mdl v-mdl--fw\">\n<button class=\"v-x\" popovertarget=\"100\" popovertargetaction=\"hide\"><br \/>\n<span class=\"v-i\"><br \/>\n<svg width=\"24\" height=\"23.996\" viewBox=\"0 0 24 23.996\">\n<path data-name=\"Uni\u00f3n 29\" d=\"M12,14.03,2.031,24,0,21.963,9.968,12,0,2.033,2.031,0,12,9.966,21.969,0,24,2.033,14.032,12,24,21.963,21.969,24Z\" \/>\n<\/svg><br \/>\n<\/span><br \/>\n<\/button><\/p>\n<div class=\"v-mdl__c\">\n<div class=\"v-mdl__w\">\n<img loading=\"lazy\" src=\"http:\/\/cordobainforma.info\/wp-content\/uploads\/2025\/09\/juan-duyos-reinventa-el-concepto-del-lujo-artesano-sueno-con-vestir-a-carolina-de-monaco-3.jpg\" class=\"v-mdl__img-z\" width=\"624\" height=\"624\" alt=\"Imagen principal - Juan Duyos nos muestra en su taller c\u00f3mo ha elevado a categor\u00eda de joya los dispositivos de Glo* (+18. Producto no exento de riesgos y al usarse con sticks proporciona nicotina, una sustancia adictiva).\">\n<\/div>\n<\/div>\n<\/div>\n<p><span class=\"v-bdp\"><\/span><\/p>\n<div id=\"101\" popover class=\"v-mdl v-mdl--fw\">\n<button class=\"v-x\" popovertarget=\"101\" popovertargetaction=\"hide\"><br \/>\n<span class=\"v-i\"><br \/>\n<svg width=\"24\" height=\"23.996\" viewBox=\"0 0 24 23.996\">\n<path data-name=\"Uni\u00f3n 29\" d=\"M12,14.03,2.031,24,0,21.963,9.968,12,0,2.033,2.031,0,12,9.966,21.969,0,24,2.033,14.032,12,24,21.963,21.969,24Z\" \/>\n<\/svg><br \/>\n<\/span><br \/>\n<\/button><\/p>\n<div class=\"v-mdl__c\">\n<div class=\"v-mdl__w\">\n<img loading=\"lazy\" src=\"http:\/\/cordobainforma.info\/wp-content\/uploads\/2025\/09\/juan-duyos-reinventa-el-concepto-del-lujo-artesano-sueno-con-vestir-a-carolina-de-monaco-4.jpg\" class=\"v-mdl__img-z\" width=\"363\" height=\"363\" alt=\"Imagen secundaria 1 - Juan Duyos nos muestra en su taller c\u00f3mo ha elevado a categor\u00eda de joya los dispositivos de Glo* (+18. Producto no exento de riesgos y al usarse con sticks proporciona nicotina, una sustancia adictiva).\">\n<\/div>\n<\/div>\n<\/div>\n<p><span class=\"v-bdp\"><\/span><\/p>\n<div id=\"102\" popover class=\"v-mdl v-mdl--fw\">\n<button class=\"v-x\" popovertarget=\"102\" popovertargetaction=\"hide\"><br \/>\n<span class=\"v-i\"><br \/>\n<svg width=\"24\" height=\"23.996\" viewBox=\"0 0 24 23.996\">\n<path data-name=\"Uni\u00f3n 29\" d=\"M12,14.03,2.031,24,0,21.963,9.968,12,0,2.033,2.031,0,12,9.966,21.969,0,24,2.033,14.032,12,24,21.963,21.969,24Z\" \/>\n<\/svg><br \/>\n<\/span><br \/>\n<\/button><\/p>\n<div class=\"v-mdl__c\">\n<div class=\"v-mdl__w\">\n<img loading=\"lazy\" src=\"http:\/\/cordobainforma.info\/wp-content\/uploads\/2025\/09\/juan-duyos-reinventa-el-concepto-del-lujo-artesano-sueno-con-vestir-a-carolina-de-monaco-5.jpg\" class=\"v-mdl__img-z\" width=\"249\" height=\"363\" alt=\"Imagen secundaria 2 - Juan Duyos nos muestra en su taller c\u00f3mo ha elevado a categor\u00eda de joya los dispositivos de Glo* (+18. Producto no exento de riesgos y al usarse con sticks proporciona nicotina, una sustancia adictiva).\">\n<\/div>\n<\/div>\n<\/div>\n<p><span class=\"v-bdp\"><\/span><\/p>\n<p class=\"voc-paragraph\"><strong>Su gusto por los detalles y por la artesan\u00eda son una de sus se\u00f1as de identidad, pero tambi\u00e9n el uso de la \u00faltima tecnolog\u00eda para ponerla al servicio de ese legado artesano. <\/strong><\/p>\n<p class=\"voc-paragraph\">Completamente. Y de ah\u00ed surge una colaboraci\u00f3n que me tiene fascinado con Glo* y que se podr\u00e1 ver en mi desfile de Madrid es Moda en forma de complementos joya. <strong>Integrar sus dispositivos en mi l\u00ednea de joyer\u00eda<\/strong> me ha permitido incorporar elementos que normalmente no est\u00e1n en el universo de la moda. Me ha llevado a pensar en nuevas formas, en c\u00f3mo el dise\u00f1o puede dialogar con la tecnolog\u00eda y me ha inspirado a mirar la moda como un espacio de encuentro, donde lo inesperado tiene cabida, y donde cada detalle cuenta una historia.<\/p>\n<p class=\"voc-paragraph\"><strong>Vuelve a repetir experiencia en Madrid es Moda despu\u00e9s del \u00e9xito de su desfile de la edici\u00f3n de febrero, \u00bfqu\u00e9 tiene de especial MeM para usted y que lo diferencia de otras pasarelas?<\/strong><\/p>\n<p class=\"voc-paragraph\">Madrid es la capital de la moda en Espa\u00f1a ahora mismo y, despu\u00e9s de much\u00edsimo tiempo estando en otra plataforma donde no pod\u00edas expresarte ni con el espacio ni con el casting, porque estaba todo muy repetido, esto <strong>es como un sue\u00f1o para cualquier creativo<\/strong> y para cualquier dise\u00f1ador que quiera presentar un desfile. <\/p>\n<p class=\"voc-paragraph\">Es muy importante tambi\u00e9n, no solo la colecci\u00f3n, que ser\u00e1 el coraz\u00f3n y el pilar de toda esta historia, sino todo lo que rodea. Un entorno que impere y que el dise\u00f1ador se sienta agusto. <strong>Que sea bonito convocar a los invitados<\/strong> en alg\u00fan sitio sorprendente. Y, evidentemente, un casting muy acorde a lo que t\u00fa tienes en la cabeza.<\/p>\n<p class=\"voc-paragraph\"><strong>De hecho, en su \u00faltimo desfile, rompi\u00f3 una lanza contra el edadismo en la moda al sacar a la pasarela a modelos &#8216;silver&#8217; y ahora vamos a ver mucha diversidad en el c\u00e1sting. \u00bfEra necesaria esta reconciliaci\u00f3n de la industria con las mujeres que la representan?<\/strong><\/p>\n<p class=\"voc-paragraph\">Desde que empec\u00e9 ten\u00eda muy claro que <strong>la belleza no se acaba con 20 a\u00f1os<\/strong>, ser\u00eda absurdo y es muy peligroso. Este a\u00f1o el casting celebra mucho la diversidad, la multiculturalidad. Cuando dices la palabra modelo, todos tenemos en la cabeza el modelo de modelo y ahora, tal y como est\u00e1n las cosas en todos lados, hay que hablar de riqueza multicultural y diversidad. Porque, si no, estamos perdidos. <\/p>\n<p class=\"voc-paragraph\">Y m\u00e1s all\u00e1 de un desfile de moda, si de alguna manera <strong>hacemos llegar alg\u00fan peque\u00f1o mensaje<\/strong>, por chiquitito que sea, yo me siento m\u00e1s reconfortado. Porque transmitimos con lo que nos ponemos, pero tambi\u00e9n con la actitud y con esas personas que nos sirven como referente. <\/p>\n<p class=\"voc-paragraph\"><strong>Madrid es Moda celebra una edici\u00f3n m\u00e1s la moda espa\u00f1ola y la artesan\u00eda, y este a\u00f1o lo hace bajo el lema Artesanos de lo posible. \u00bfQu\u00e9 significa para usted? \u00bfEs posible hacer moda de calidad sin esos artesanos, sin esas costureras y sin esos oficios &#8216;de siempre&#8217;?<\/strong><\/p>\n<p class=\"voc-paragraph\">Como te dec\u00eda, <strong>llevo la artesan\u00eda impregnada en mi ADN<\/strong>, es innegable. Yo he sido artesano porque s\u00ed, desde que empec\u00e9. Y soy sostenible desde siempre, ahora que todo mundo es sostenible y a todo el mundo se le llena la boca. Si t\u00fa trabajas con tu entorno, con gente de proximidad, das buenos sueldos a la gente que te rodea, inviertes en tus talleres y tus tejido, si consigues que tu trabajo perdure en el armario, para m\u00ed eso es sostenible. <\/p>\n<p class=\"voc-paragraph\"><strong>\u00bfCrees que es necesaria esa reivindicaci\u00f3n que se hace desde Madrid es moda de la moda espa\u00f1ola, de nuestros creadores? Porque tengo la sensaci\u00f3n de que durante mucho tiempo hemos tenido un cierto complejo&#8230; <\/strong><\/p>\n<p class=\"voc-paragraph\">Es absolutamente imprescindible reivindicar lo nuestro, porque hay dise\u00f1adores igual de buenos que en el resto del planeta, como nuestros cocineros, como nuestro cine o nuestros deportistas. Es una asignatura pendiente. Pero, evidentemente, necesitamos ayuda institucional y de la prensa para reivindicar que <strong>la moda de autor espa\u00f1ola es excelente<\/strong>.<\/p>\n<p class=\"voc-paragraph\"><strong>\u00bfQu\u00e9 prenda y qu\u00e9 estilo cree que mejor representan a Juan Duyos? \u00bfC\u00f3mo es la mujer Juan Duyos y qu\u00e9 o qui\u00e9nes le inspiran? <\/strong><\/p>\n<p class=\"voc-paragraph\">Nosotros hacemos prendas bastante \u00fanicas para que, como te dec\u00eda, perduren en el armario. Que sea una prenda que t\u00fa eliges y quieres conservar. Evidentemente las nuestras son siempre prendas para ir a un evento, para ir s\u00faper bien vestida, pero tambi\u00e9n para <strong>salir a la calle e ir ultra segura<\/strong>. <\/p>\n<p class=\"voc-paragraph\"><strong>Ha dicho en alguna ocasi\u00f3n que sus mejores musas son sus clientas. \u00bfCu\u00e1l ha sido el look del que m\u00e1s orgulloso se siente?<\/strong><\/p>\n<p class=\"voc-paragraph\">La verdad es que muchos. He vestido a todas las celebrities, a la reina Letizia, que es un orgullo, pero tambi\u00e9n me quedo con mis clientas an\u00f3nimas. Yo <strong>vengo aqu\u00ed a hacer feliz a la gente<\/strong> y al final ellas me lo dicen \u00abes que tu trabajo es mi ilusi\u00f3n\u00bb. Y cuando pasa eso, me pongo como un pavo. <\/p>\n<p class=\"voc-paragraph\"><strong>\u00bfY su mejor embajadora?<\/strong><\/p>\n<p class=\"voc-paragraph\">Tengo la suerte de haber vestido muchas, pero tengo mucho cari\u00f1o a <strong>las modelos de los 90<\/strong>, con las que empec\u00e9 a trabajar con una fascinaci\u00f3n enorme cuando yo era muy chaval y han acabado siendo amigas. Nieves, Judit, Martina, Laura&#8230; Todas esas a las que, con solo poner el nombre, ya sabes el apellido. Me encanta tenerlas cerquita y que me llamen para para cualquier evento o cualquier cosa. Y con las que yo puedo contar incluso ahora que tienen 50 para seguir trabajando juntos.<\/p>\n<p class=\"voc-paragraph\"><strong>\u00bfA qui\u00e9n le gustar\u00eda vestir que a\u00fan no haya vestido? <\/strong><\/p>\n<p class=\"voc-paragraph\">Ay, f\u00edjate, <strong>Carolina de M\u00f3naco<\/strong>. Desde peque\u00f1o la miraba y me quedaba fascinado. Por todo, por Grace y por su padre, por su historia. Todo en ella me parec\u00eda como un cuento, como de Disney. Y es que es tan guapa, tan estilosa, tiene esa vida amorosa, esos hijos tan guapos, ese Baile de la Rosa&#8230; Todo. <\/p>\n<p class=\"voc-paragraph\"><strong>Ha ganado premios, ha llevado sus colecciones fuera de nuestras fronteras, de NY a Tokio. Despu\u00e9s de 25 a\u00f1os en primera l\u00ednea, \u00bfle queda alg\u00fan sue\u00f1o por cumplir?<\/strong><\/p>\n<p class=\"voc-paragraph\">Es que yo soy un so\u00f1ador. O sea, es que yo me tumbo en la cama antes de dormir y puedes flipar lo que me pasa por la cabeza. Pero la verdad es que me gusta mucho donde he llegado, donde estoy en mi cotidianidad. Tengo muchos los pies en el suelo. Pero lo de lo de vivir de tu trabajo bien, pagar bien a la gente con la que t\u00fa quieres estar, levantarse por la ma\u00f1ana y venir con tu perro andando al trabajo. Seguir teniendo eso es lo que sue\u00f1o.<\/p>\n<p class=\"voc-paragraph\"><strong>\u00bfC\u00f3mo se consigue no solo alcanzar, sino mantener el \u00e9xito en un mundo tan cambiante?<\/strong><\/p>\n<p class=\"voc-paragraph\">La moda de autor es cambiante, competitiva y d\u00e9bil. Siempre estamos en la cuerda floja porque no hay grandes grupos detr\u00e1s que apoyen los talentos. Nadamos solos. Adem\u00e1s, muchos somos creativos metidos a empresarios. Es una locura. Pero soy muy testarudo y <strong>nunca he tenido un plan B<\/strong>. Disfruto mucho con mi trabajo. As\u00ed que creo que el secreto es ese, el tes\u00f3n y el amor al trabajo. <\/p>\n<p class=\"voc-paragraph\">*+18. Producto no exento de riesgos y al usarse con sticks proporciona nicotina, una sustancia adictiva.<\/p>\n<div class=\"v-c-cmp v-c-cmp--t1 \">\n<div class=\"v-cmp-rld v-cmp-rld--2 \">\n<div class=\"v-cnt-m v-cnt-m--m\">\n<div class=\"v-cnt-m__c\">\n<div class=\"v-cnt-m__w v-cnt-m__w--1\">\n<p class=\"v-cnt-m__t\">\nTAMBI\u00c9N TE INTERESA\n<\/p>\n<\/div>\n<\/div>\n<\/div>\n<div class=\"v-g v-g--2-c v-g--bdr-min-xs\">\n<div class=\"v-g__c \">\n<article class=\"v-a v-a--cmp-rld v-a--cmp-rld-2 v-a--p-l\">\n<div class=\"v-a-img-c\">\n<figure class=\"v-a-fig\">\n<a href=\"https:\/\/www.mujerhoy.com\/moda\/no-te-pierdas\/roberto-torretta-disenador-favorito-reina-letizia-mejores-looks-nueva-coleccion-madrid-es-moda-20240904133240-nt.html#vtm_modulosEngag=mod-rel:moda:noticia:1:cmp:2-not\" class=\"v-a-link\" title=\"Roberto Torretta: \u00abLa reina Letizia es la mejor embajadora de la moda espa\u00f1ola\u00bb\"><br \/>\n<img loading=\"lazy\" class=\"v-a-img\" src=\"http:\/\/cordobainforma.info\/wp-content\/uploads\/2025\/09\/juan-duyos-reinventa-el-concepto-del-lujo-artesano-sueno-con-vestir-a-carolina-de-monaco-6.jpg\" alt=\"Roberto Torretta: \u00abLa reina Letizia es la mejor embajadora de la moda espa\u00f1ola\u00bb\"><br \/>\n<\/a><br \/>\n<\/figure>\n<\/div>\n<\/article>\n<\/div>\n<div class=\"v-g__c \">\n<article class=\"v-a v-a--cmp-rld v-a--cmp-rld-2 v-a--p-l\">\n<div class=\"v-a-img-c\">\n<figure class=\"v-a-fig\">\n<a href=\"https:\/\/www.mujerhoy.com\/actualidad\/maria-torretta-firma-espanola-favorita-reina-letizia-mejor-mejor-embajadora-moda-made-in-spain-cunada-marta-ortega-20250213071441-nt.html#vtm_modulosEngag=mod-rel:moda:noticia:2:cmp:2-not\" class=\"v-a-link\" title=\"Mar\u00eda Torretta, heredera y mente creativa de la firma de trajes espa\u00f1ola favorita de Letizia: \u00abVestir a la reina siempre es gratificante\u00bb\"><br \/>\n<img loading=\"lazy\" class=\"v-a-img\" src=\"http:\/\/cordobainforma.info\/wp-content\/uploads\/2025\/09\/juan-duyos-reinventa-el-concepto-del-lujo-artesano-sueno-con-vestir-a-carolina-de-monaco-7.jpg\" alt=\"Mar\u00eda Torretta, heredera y mente creativa de la firma de trajes espa\u00f1ola favorita de Letizia: \u00abVestir a la reina siempre es gratificante\u00bb\"><br \/>\n<\/a><br \/>\n<\/figure>\n<\/div>\n<\/article>\n<\/div>\n<\/div>\n<\/div>\n<\/div>\n","protected":false},"excerpt":{"rendered":"<p>Ana Calvo Publicado \u00b7 12 de septiembre de 2025, 15:06 h Juan Duyos es uno de los grandes nombres de la moda espa\u00f1ola. Colecci\u00f3n a colecci\u00f3n, el dise\u00f1ador ha tejido una carrera de m\u00e1s de 25 a\u00f1os de \u00e9xitos. La pasarela en nuestro pa\u00eds no se concive sin un desfile suyo en la agenda. Sin [&hellip;]<\/p>\n","protected":false},"author":1,"featured_media":167957,"comment_status":"closed","ping_status":"closed","sticky":false,"template":"","format":"standard","meta":[],"categories":[24],"tags":[],"_links":{"self":[{"href":"http:\/\/cordobainforma.info\/index.php\/wp-json\/wp\/v2\/posts\/167956"}],"collection":[{"href":"http:\/\/cordobainforma.info\/index.php\/wp-json\/wp\/v2\/posts"}],"about":[{"href":"http:\/\/cordobainforma.info\/index.php\/wp-json\/wp\/v2\/types\/post"}],"author":[{"embeddable":true,"href":"http:\/\/cordobainforma.info\/index.php\/wp-json\/wp\/v2\/users\/1"}],"replies":[{"embeddable":true,"href":"http:\/\/cordobainforma.info\/index.php\/wp-json\/wp\/v2\/comments?post=167956"}],"version-history":[{"count":0,"href":"http:\/\/cordobainforma.info\/index.php\/wp-json\/wp\/v2\/posts\/167956\/revisions"}],"wp:featuredmedia":[{"embeddable":true,"href":"http:\/\/cordobainforma.info\/index.php\/wp-json\/wp\/v2\/media\/167957"}],"wp:attachment":[{"href":"http:\/\/cordobainforma.info\/index.php\/wp-json\/wp\/v2\/media?parent=167956"}],"wp:term":[{"taxonomy":"category","embeddable":true,"href":"http:\/\/cordobainforma.info\/index.php\/wp-json\/wp\/v2\/categories?post=167956"},{"taxonomy":"post_tag","embeddable":true,"href":"http:\/\/cordobainforma.info\/index.php\/wp-json\/wp\/v2\/tags?post=167956"}],"curies":[{"name":"wp","href":"https:\/\/api.w.org\/{rel}","templated":true}]}}