{"id":167943,"date":"2025-09-12T12:40:10","date_gmt":"2025-09-12T12:40:10","guid":{"rendered":"https:\/\/cordoba.gob.ar\/?p=81107"},"modified":"2025-09-12T12:40:10","modified_gmt":"2025-09-12T12:40:10","slug":"el-instituto-superior-politecnico-de-cordoba-brindara-catedras-gratuitas-en-sostenibilidad-junto-a-la-municipalidad","status":"publish","type":"post","link":"http:\/\/cordobainforma.info\/index.php\/2025\/09\/12\/el-instituto-superior-politecnico-de-cordoba-brindara-catedras-gratuitas-en-sostenibilidad-junto-a-la-municipalidad\/","title":{"rendered":"El Instituto Superior Polit\u00e9cnico de C\u00f3rdoba brindar\u00e1 c\u00e1tedras gratuitas en sostenibilidad junto a la Municipalidad"},"content":{"rendered":"<div><img src=\"http:\/\/cordobainforma.info\/wp-content\/uploads\/2025\/09\/el-instituto-superior-politecnico-de-cordoba-brindara-catedras-gratuitas-en-sostenibilidad-junto-a-la-municipalidad.jpg\" class=\"ff-og-image-inserted\"><\/div>\n<ul class=\"ak-ul\" data-prosemirror-content-type=\"node\" data-prosemirror-node-name=\"bulletList\" data-prosemirror-node-block=\"true\" data-pm-slice=\"3 1 []\" readability=\"1.9705882352941\">\n<li data-prosemirror-content-type=\"node\" data-prosemirror-node-name=\"listItem\" data-prosemirror-node-block=\"true\" readability=\"5\">\n<p data-prosemirror-content-type=\"node\" data-prosemirror-node-name=\"paragraph\" data-prosemirror-node-block=\"true\"><strong>Durante septiembre y octubre, especialistas y referentes de diversos sectores abordar\u00e1n energ\u00eda limpia, biotecnolog\u00eda, gesti\u00f3n ambiental y m\u00e1s, conectando la teor\u00eda acad\u00e9mica con los desaf\u00edos reales.<\/strong><\/p>\n<\/li>\n<li data-prosemirror-content-type=\"node\" data-prosemirror-node-name=\"listItem\" data-prosemirror-node-block=\"true\" readability=\"-0.9375\">\n<p data-prosemirror-content-type=\"node\" data-prosemirror-node-name=\"paragraph\" data-prosemirror-node-block=\"true\"><strong>Las inscripciones se encuentran disponibles en el siguiente <a href=\"http:\/\/bit.ly\/3I3VvUg\">link<\/a><\/strong><\/p>\n<\/li>\n<\/ul>\n<hr>\n<p data-prosemirror-content-type=\"node\" data-prosemirror-node-name=\"paragraph\" data-prosemirror-node-block=\"true\">El programa Acento Global, impulsado por el ente municipal C\u00f3rdoba Acelera, presenta el Ciclo de C\u00e1tedras Abiertas en Sostenibilidad, que se desarrollar\u00e1 en septiembre y octubre en colaboraci\u00f3n con el Instituto Superior Polit\u00e9cnico de C\u00f3rdoba (ISPC).<\/p>\n<p data-prosemirror-content-type=\"node\" data-prosemirror-node-name=\"paragraph\" data-prosemirror-node-block=\"true\">A lo largo de este ciclo, estudiantes, profesionales y la comunidad en general podr\u00e1 acceder a un espacio de aprendizaje e intercambio con especialistas de distintos sectores y residentes en diferentes partes del mundo.<\/p>\n<p data-prosemirror-content-type=\"node\" data-prosemirror-node-name=\"paragraph\" data-prosemirror-node-block=\"true\">Las charlas girar\u00e1n en torno a tem\u00e1ticas clave como energ\u00eda y tecnolog\u00edas limpias, biotecnolog\u00eda aplicada, gesti\u00f3n ambiental y pr\u00e1cticas profesionales vinculadas al desarrollo sostenible.<\/p>\n<p data-prosemirror-content-type=\"node\" data-prosemirror-node-name=\"paragraph\" data-prosemirror-node-block=\"true\">\u25cf1ra c\u00e1tedra: \u201cFuturo Sostenible: regulaciones que impulsan, innovaciones que responden\u201d. 16 de septiembre, a las 14 hs. (modalidad virtual)<\/p>\n<p data-prosemirror-content-type=\"node\" data-prosemirror-node-name=\"paragraph\" data-prosemirror-node-block=\"true\">\u25cf2da C\u00e1tedra: \u201cDel laboratorio al impacto: biotecnolog\u00eda para un futuro sostenible\u201d. 9 de octubre a las 17 hs. (modalidad virtual).<\/p>\n<p data-prosemirror-content-type=\"node\" data-prosemirror-node-name=\"paragraph\" data-prosemirror-node-block=\"true\">\u25cf3ra c\u00e1tedra: \u201cArquitecturas energ\u00e9ticas: tendencias que impulsan innovaci\u00f3n y oportunidades para los l\u00edderes del ma\u00f1ana\u2018\u201c. 16 de octubre a las 14 hs. (modalidad virtual).<\/p>\n<p data-prosemirror-content-type=\"node\" data-prosemirror-node-name=\"paragraph\" data-prosemirror-node-block=\"true\">La iniciativa tiene como objetivo vincular la formaci\u00f3n acad\u00e9mica con los desaf\u00edos globales actuales, promoviendo una mirada cr\u00edtica, estrat\u00e9gica y aplicada. En este marco, el desarrollo sostenible ser\u00e1 abordado desde tres claves fundamentales: contexto, realidad y experiencia.<\/p>\n<p data-prosemirror-content-type=\"node\" data-prosemirror-node-name=\"paragraph\" data-prosemirror-node-block=\"true\">Las charlas del Ciclo de C\u00e1tedras Abiertas estar\u00e1n abiertas al p\u00fablico y buscan fortalecer el v\u00ednculo entre formaci\u00f3n acad\u00e9mica, innovaci\u00f3n y desarrollo sostenible, contribuyendo al posicionamiento de C\u00f3rdoba como una ciudad comprometida con los retos del futuro.<\/p>\n<p data-prosemirror-content-type=\"node\" data-prosemirror-node-name=\"paragraph\" data-prosemirror-node-block=\"true\">Inscripciones de los conversatorios: <a href=\"http:\/\/bit.ly\/3I3VvUg\" data-prosemirror-content-type=\"mark\" data-prosemirror-mark-name=\"link\">http:\/\/bit.ly\/3I3VvUg<\/a>.<\/p>\n","protected":false},"excerpt":{"rendered":"<p>Durante septiembre y octubre, especialistas y referentes de diversos sectores abordar\u00e1n energ\u00eda limpia, biotecnolog\u00eda, gesti\u00f3n ambiental y m\u00e1s, conectando la teor\u00eda acad\u00e9mica con los desaf\u00edos reales. Las inscripciones se encuentran disponibles en el siguiente link El programa Acento Global, impulsado por el ente municipal C\u00f3rdoba Acelera, presenta el Ciclo de C\u00e1tedras Abiertas en Sostenibilidad, que [&hellip;]<\/p>\n","protected":false},"author":1,"featured_media":167944,"comment_status":"closed","ping_status":"closed","sticky":false,"template":"","format":"standard","meta":[],"categories":[2],"tags":[],"_links":{"self":[{"href":"http:\/\/cordobainforma.info\/index.php\/wp-json\/wp\/v2\/posts\/167943"}],"collection":[{"href":"http:\/\/cordobainforma.info\/index.php\/wp-json\/wp\/v2\/posts"}],"about":[{"href":"http:\/\/cordobainforma.info\/index.php\/wp-json\/wp\/v2\/types\/post"}],"author":[{"embeddable":true,"href":"http:\/\/cordobainforma.info\/index.php\/wp-json\/wp\/v2\/users\/1"}],"replies":[{"embeddable":true,"href":"http:\/\/cordobainforma.info\/index.php\/wp-json\/wp\/v2\/comments?post=167943"}],"version-history":[{"count":0,"href":"http:\/\/cordobainforma.info\/index.php\/wp-json\/wp\/v2\/posts\/167943\/revisions"}],"wp:featuredmedia":[{"embeddable":true,"href":"http:\/\/cordobainforma.info\/index.php\/wp-json\/wp\/v2\/media\/167944"}],"wp:attachment":[{"href":"http:\/\/cordobainforma.info\/index.php\/wp-json\/wp\/v2\/media?parent=167943"}],"wp:term":[{"taxonomy":"category","embeddable":true,"href":"http:\/\/cordobainforma.info\/index.php\/wp-json\/wp\/v2\/categories?post=167943"},{"taxonomy":"post_tag","embeddable":true,"href":"http:\/\/cordobainforma.info\/index.php\/wp-json\/wp\/v2\/tags?post=167943"}],"curies":[{"name":"wp","href":"https:\/\/api.w.org\/{rel}","templated":true}]}}