{"id":167930,"date":"2025-09-12T08:02:29","date_gmt":"2025-09-12T08:02:29","guid":{"rendered":"http:\/\/cordobainforma.info\/index.php\/2025\/09\/12\/sur-m16-inicia-su-camino-en-el-campeonato-nacional-desarrollo-la-nueva-provincia\/"},"modified":"2025-09-12T08:02:29","modified_gmt":"2025-09-12T08:02:29","slug":"sur-m16-inicia-su-camino-en-el-campeonato-nacional-desarrollo-la-nueva-provincia","status":"publish","type":"post","link":"http:\/\/cordobainforma.info\/index.php\/2025\/09\/12\/sur-m16-inicia-su-camino-en-el-campeonato-nacional-desarrollo-la-nueva-provincia\/","title":{"rendered":"Sur M16 inicia su camino en el campeonato Nacional Desarrollo &#8211; La Nueva Provincia"},"content":{"rendered":"<p>Zona 1: Buenos Aires, Misiones y Tucum\u00e1n. Zona 2: Sur, Mar del Plata y Andina. Zona 3: Oeste, Entre R\u00edos y Salta. Zona 4: Rosario, <b>C\u00f3rdoba<\/b>&nbsp;&#8230; <\/p>\n","protected":false},"excerpt":{"rendered":"<p>Zona 1: Buenos Aires, Misiones y Tucum\u00e1n. Zona 2: Sur, Mar del Plata y Andina. Zona 3: Oeste, Entre R\u00edos y Salta. Zona 4: Rosario, C\u00f3rdoba&nbsp;&#8230;<\/p>\n","protected":false},"author":1,"featured_media":0,"comment_status":"closed","ping_status":"closed","sticky":false,"template":"","format":"standard","meta":[],"categories":[23],"tags":[],"_links":{"self":[{"href":"http:\/\/cordobainforma.info\/index.php\/wp-json\/wp\/v2\/posts\/167930"}],"collection":[{"href":"http:\/\/cordobainforma.info\/index.php\/wp-json\/wp\/v2\/posts"}],"about":[{"href":"http:\/\/cordobainforma.info\/index.php\/wp-json\/wp\/v2\/types\/post"}],"author":[{"embeddable":true,"href":"http:\/\/cordobainforma.info\/index.php\/wp-json\/wp\/v2\/users\/1"}],"replies":[{"embeddable":true,"href":"http:\/\/cordobainforma.info\/index.php\/wp-json\/wp\/v2\/comments?post=167930"}],"version-history":[{"count":0,"href":"http:\/\/cordobainforma.info\/index.php\/wp-json\/wp\/v2\/posts\/167930\/revisions"}],"wp:attachment":[{"href":"http:\/\/cordobainforma.info\/index.php\/wp-json\/wp\/v2\/media?parent=167930"}],"wp:term":[{"taxonomy":"category","embeddable":true,"href":"http:\/\/cordobainforma.info\/index.php\/wp-json\/wp\/v2\/categories?post=167930"},{"taxonomy":"post_tag","embeddable":true,"href":"http:\/\/cordobainforma.info\/index.php\/wp-json\/wp\/v2\/tags?post=167930"}],"curies":[{"name":"wp","href":"https:\/\/api.w.org\/{rel}","templated":true}]}}