{"id":167893,"date":"2025-09-11T23:31:57","date_gmt":"2025-09-11T23:31:57","guid":{"rendered":"https:\/\/www.clarin.com\/deportes\/lionel-scaloni-aparecio-bicicleta-nunez-genero-revolucion-gente_0_5VdODvvjeu.html"},"modified":"2025-09-11T23:31:57","modified_gmt":"2025-09-11T23:31:57","slug":"lionel-scaloni-aparecio-con-su-bicicleta-por-nunez-y-genero-una-revolucion-entre-la-gente","status":"publish","type":"post","link":"http:\/\/cordobainforma.info\/index.php\/2025\/09\/11\/lionel-scaloni-aparecio-con-su-bicicleta-por-nunez-y-genero-una-revolucion-entre-la-gente\/","title":{"rendered":"Lionel Scaloni apareci\u00f3 con su bicicleta por N\u00fa\u00f1ez y gener\u00f3 una revoluci\u00f3n entre la gente"},"content":{"rendered":"<p><img src=\"http:\/\/cordobainforma.info\/wp-content\/uploads\/2025\/09\/lionel-scaloni-aparecio-con-su-bicicleta-por-nunez-y-genero-una-revolucion-entre-la-gente.jpg\"><\/p>\n<div><img src=\"http:\/\/cordobainforma.info\/wp-content\/uploads\/2025\/09\/lionel-scaloni-aparecio-con-su-bicicleta-por-nunez-y-genero-una-revolucion-entre-la-gente-2.jpg\" class=\"ff-og-image-inserted\"><\/div>\n<div id=\"element-body-0\" readability=\"61\">\n<p><strong>Lionel Scaloni<\/strong> decidi\u00f3 soltar por un rato la intensidad que rodea a la Selecci\u00f3n Argentina y aprovechar un tiempo libre despu\u00e9s de la doble fecha que dio por terminada las Eliminatorias. Tras la goleada a Venezuela y la ca\u00edda ante Ecuador en Quito, el DT se mostr\u00f3 en Buenos Aires practicando uno de sus deportes favoritos: el ciclismo.<\/p>\n<\/div>\n<div id=\"element-body-1\" readability=\"62\">\n<p>El santafesino fue visto pedaleando en el <strong>Parque Manuel Belgrano<\/strong>, en N\u00fa\u00f1ez, donde sorprendi\u00f3 a quienes se cruzaron con \u00e9l. Para Scaloni, la bicicleta no es solo un pasatiempo sino tambi\u00e9n una manera de mantenerse activo y desconectarse.<\/p>\n<\/div>\n<div id=\"element-body-2\" readability=\"62\">\n<p><em>\u201cLo de la bici sale de escapar de la locura que genera dejar de jugar al f\u00fatbol. <\/em><strong><em>Es un deporte que no tiene ninguna contraindicaci\u00f3n y que s\u00f3lo tiene beneficios<\/em><\/strong><em>\u201d<\/em>, explic\u00f3 en 2021, antes de la final de la Copa Am\u00e9rica, en una entrevista con Ol\u00e9.<\/p>\n<\/div>\n<div id=\"element-body-3\" readability=\"66\">\n<p>No es la primera vez que el entrenador de la Selecci\u00f3n muestra su fanatismo por las dos ruedas. <strong>En abril de este a\u00f1o particip\u00f3 en la Mallorca 312, una prestigiosa competencia en Espa\u00f1a, donde complet\u00f3 167 kil\u00f3metros en menos de cinco horas y termin\u00f3 en el puesto 17 de su categor\u00eda<\/strong>. Tambi\u00e9n estuvo en 2024 en el Gran Fondo 7 Lagos, en la Patagonia, y en mayo pasado form\u00f3 parte del Desaf\u00edo R\u00edo Pinto, en C\u00f3rdoba, una de las carreras de mountain bike m\u00e1s importantes del pa\u00eds.<\/p>\n<\/div>\n<div id=\"element-body-5\" readability=\"61\">\n<p>El propio Scaloni ha contagiado a parte de su cuerpo t\u00e9cnico, que lo acompa\u00f1\u00f3 en varias de esas pruebas. La bici se transform\u00f3 en un punto de encuentro, adem\u00e1s de una v\u00e1lvula de escape frente a las presiones que implica dirigir a la campeona del mundo.<\/p>\n<\/div>\n<div id=\"element-body-6\" readability=\"62\">\n<p>Ahora, el entrenador ya apunta a lo que viene. <strong>La Selecci\u00f3n volver\u00e1 a la acci\u00f3n en la fecha FIFA de octubre:<\/strong> el 10 enfrentar\u00e1 a Venezuela en el Hard Rock Stadium de Miami y tres d\u00edas despu\u00e9s jugar\u00e1 ante Puerto Rico en el Soldier Field de Chicago. Hasta entonces, Scaloni aprovecha cada pedaleada para recargar energ\u00edas.<\/p>\n<\/div>\n","protected":false},"excerpt":{"rendered":"<p>Lionel Scaloni decidi\u00f3 soltar por un rato la intensidad que rodea a la Selecci\u00f3n Argentina y aprovechar un tiempo libre despu\u00e9s de la doble fecha que dio por terminada las Eliminatorias. Tras la goleada a Venezuela y la ca\u00edda ante Ecuador en Quito, el DT se mostr\u00f3 en Buenos Aires practicando uno de sus deportes [&hellip;]<\/p>\n","protected":false},"author":1,"featured_media":167894,"comment_status":"closed","ping_status":"closed","sticky":false,"template":"","format":"standard","meta":[],"categories":[20],"tags":[],"_links":{"self":[{"href":"http:\/\/cordobainforma.info\/index.php\/wp-json\/wp\/v2\/posts\/167893"}],"collection":[{"href":"http:\/\/cordobainforma.info\/index.php\/wp-json\/wp\/v2\/posts"}],"about":[{"href":"http:\/\/cordobainforma.info\/index.php\/wp-json\/wp\/v2\/types\/post"}],"author":[{"embeddable":true,"href":"http:\/\/cordobainforma.info\/index.php\/wp-json\/wp\/v2\/users\/1"}],"replies":[{"embeddable":true,"href":"http:\/\/cordobainforma.info\/index.php\/wp-json\/wp\/v2\/comments?post=167893"}],"version-history":[{"count":0,"href":"http:\/\/cordobainforma.info\/index.php\/wp-json\/wp\/v2\/posts\/167893\/revisions"}],"wp:featuredmedia":[{"embeddable":true,"href":"http:\/\/cordobainforma.info\/index.php\/wp-json\/wp\/v2\/media\/167894"}],"wp:attachment":[{"href":"http:\/\/cordobainforma.info\/index.php\/wp-json\/wp\/v2\/media?parent=167893"}],"wp:term":[{"taxonomy":"category","embeddable":true,"href":"http:\/\/cordobainforma.info\/index.php\/wp-json\/wp\/v2\/categories?post=167893"},{"taxonomy":"post_tag","embeddable":true,"href":"http:\/\/cordobainforma.info\/index.php\/wp-json\/wp\/v2\/tags?post=167893"}],"curies":[{"name":"wp","href":"https:\/\/api.w.org\/{rel}","templated":true}]}}