{"id":167891,"date":"2025-09-12T05:50:07","date_gmt":"2025-09-12T05:50:07","guid":{"rendered":"https:\/\/www.clarin.com\/deportes\/brooks-nader-modelo-estadounidense-vinculan-tenista-espanol-carlos-alcaraz_0_hRZf7vzwLQ.html"},"modified":"2025-09-12T05:50:07","modified_gmt":"2025-09-12T05:50:07","slug":"quien-es-brooks-nader-la-modelo-estadounidense-que-vinculan-con-el-tenista-espanol-carlos-alcaraz","status":"publish","type":"post","link":"http:\/\/cordobainforma.info\/index.php\/2025\/09\/12\/quien-es-brooks-nader-la-modelo-estadounidense-que-vinculan-con-el-tenista-espanol-carlos-alcaraz\/","title":{"rendered":"Qui\u00e9n es Brooks Nader, la modelo estadounidense que vinculan con el tenista espa\u00f1ol Carlos Alcaraz"},"content":{"rendered":"<p><img src=\"http:\/\/cordobainforma.info\/wp-content\/uploads\/2025\/09\/quien-es-brooks-nader-la-modelo-estadounidense-que-vinculan-con-el-tenista-espanol-carlos-alcaraz.jpg\"><\/p>\n<div><img src=\"http:\/\/cordobainforma.info\/wp-content\/uploads\/2025\/09\/quien-es-brooks-nader-la-modelo-estadounidense-que-vinculan-con-el-tenista-espanol-carlos-alcaraz-2.jpg\" class=\"ff-og-image-inserted\"><\/div>\n<div id=\"element-body-0\" readability=\"52.045454545455\">\n<p>El nombre de <strong>Brooks Nader <\/strong>comenz\u00f3 a replicarse por redes sociales en todo el mundo durante las \u00faltimas horas, luego de que una de sus hermanas confirmara que <a href=\"https:\/\/www.clarin.com\/deportes\/carlos-alcaraz-brooks-nader-romance-tenista-modelo-estadounidense-furor-mundo-rumores-ciertos_0_B8ZKJ4Y0vJ.html\" target=\"_blank\" title=\"eran ciertos los rumores de romance\" alt=\"eran ciertos los rumores de romance\" rel=\"noopener noreferrer\">eran ciertos los rumores de romance<\/a> entre la modelo estadounidense y el tenista espa\u00f1ol <strong>Carlos Alcaraz.<\/strong><\/p>\n<\/div>\n<div id=\"element-body-1\" readability=\"63\">\n<p>R\u00e1pidamente, algunos curiosos se volcaron a las cuentas de Instagram de ambos. Sin embargo,<strong> no se encontraron fotos alusivas ni siquiera se siguen mutuamente<\/strong>. La \u00fanica historia que apareci\u00f3 de ella este jueves estaba relacionada con un nuevo aniversario del atentado a las Torres Gemelas. \u00abNunca olvidar\u00bb, escribi\u00f3 junto a un coraz\u00f3n y una imagen del World Trade Center de Nueva York antes del brutal ataque terrorista recordado como 11-S.<\/p>\n<\/div>\n<div id=\"element-body-3\" readability=\"59\">\n<p><strong>La influencer de 28 a\u00f1os \u2014seis m\u00e1s que Alcaraz\u2014 tiene 1,7 millones de seguidores<\/strong> y en su feed se pueden ver varias fotos de sus producciones como tapa de revista. <\/p>\n<\/div>\n<div id=\"element-body-4\" readability=\"64\">\n<p>Su gran salto fue en 2019, cuando gan\u00f3 el concurso de modelaje \u00abSwim Search\u00bb de la revista Sports Illustrated. Desde entonces, apareci\u00f3 en la publicaci\u00f3n cada a\u00f1o, y en 2023 fue portada del n\u00famero de Sports Illustrated Swimsuit. Este a\u00f1o estren\u00f3 la serie \u00abLove Thy Nader\u00bb, un reality show\/documental con sus hermanas que sigue su vida y proyectos.<\/p>\n<\/div>\n<div id=\"element-body-6\" readability=\"50.123456790123\">\n<p>Nader es muy popular en el ambiente del modelaje y tambi\u00e9n explor\u00f3 su faceta como bailarina. Este a\u00f1o, lleg\u00f3 a ser <strong>una de las invitadas a la imponente y millonaria <a href=\"https:\/\/www.clarin.com\/mundo\/casamiento-jeff-bezos-desmesura-vip-doble-cuerpo-incluido-muneco-flotando-gran-canal_0_zxUmD1VHkL.html\" target=\"_blank\" title=\"boda del magnate tecnol\u00f3gico Jeff Bezos\" alt=\"boda del magnate tecnol\u00f3gico Jeff Bezos\" rel=\"noopener noreferrer\">boda del magnate tecnol\u00f3gico Jeff Bezos<\/a><\/strong> con la periodista Lauren S\u00e1nchez.<\/p>\n<\/div>\n<div id=\"element-body-7\" readability=\"62\">\n<p>En cuanto a su vida personal, <strong>estuvo casada con el publicista William Haire<\/strong>, 11 a\u00f1os mayor que ella. Se unieron en matrimonio cuando Nader ten\u00eda 22 a\u00f1os y se divorciaron cuatro a\u00f1os despu\u00e9s, en 2022.<\/p>\n<\/div>\n<div id=\"element-body-9\" readability=\"64\">\n<p> Posteriormente, <strong>fue pareja del pr\u00edncipe Constantino de Grecia<\/strong>, relaci\u00f3n que la mantuvo bajo el foco medi\u00e1tico desde el d\u00eda en que acompa\u00f1\u00f3 al primer var\u00f3n de los herederos griegos, Pablo y Marie, al casamiento de la ex Miss Universo Olivia Culpo y el jugador de f\u00fatbol americano Christian McCaffrey.<\/p>\n<\/div>\n<div id=\"element-body-10\" readability=\"61\">\n<p><strong>La \u00faltima relaci\u00f3n conocida fue con el bailar\u00edn ruso Gleb Savchenko<\/strong>, a quien conoci\u00f3 en septiembre del a\u00f1o pasado durante \u00abDancing with the Stars\u00bb (\u00abBailando con las estrellas\u00bb), donde fueron pareja de baile. Duraron siete meses y ella lo termin\u00f3 acusando de infidelidad.<\/p>\n<\/div>\n<div id=\"element-body-12\" readability=\"64\">\n<p>Nacida en Baton Rouge, Louisiana, Nader <strong>es la mayor de cuatro hermanas<\/strong> y su padre trabaja como asesor financiero. Su carrera fue en constante ascenso: protagoniz\u00f3 campa\u00f1as con marcas reconocidas, tiene colaboraciones de moda y joyer\u00eda, y desarroll\u00f3 su propia marca de decoraci\u00f3n, \u00abHome by BN\u00bb.<\/p>\n<\/div>\n<div id=\"element-body-13\" readability=\"60\">\n<p>Tambi\u00e9n particip\u00f3 en varios eventos deportivos, lo que podr\u00eda haber sido el punto de encuentro con el actual n\u00famero 1 del tenis, Carlos Alcaraz.<\/p>\n<\/div>\n<div id=\"element-body-16\" readability=\"59.873449131514\">\n<p>Alcaraz atraviesa uno de los mejores momentos de su carrera. El pasado domingo se consagr\u00f3 <a href=\"https:\/\/www.clarin.com\/deportes\/jannik-sinner-vs-carlos-alcaraz-final-us-open-hoy-vivo-italiano-espanol-titulo-numero-1-ranking-atp_0_hltujgjmDJ.html\" target=\"_blank\" title=\"campe\u00f3n del US Open\" alt=\"campe\u00f3n del US Open\" rel=\"noopener noreferrer\">campe\u00f3n del US Open<\/a> tras imponerse en cuatro sets ante el italiano Jannik Sinner, triunfo que volvi\u00f3 a colocarlo en el puesto numero 1 del ranking ATP. Sin embargo, el joven no solo fue tendencia por su rendimiento ten\u00edstico, sino por los fuertes rumores que comenzaron a circular acerca de un nuevo romance.<\/p>\n<\/div>\n<div id=\"element-body-17\" readability=\"63\">\n<p>Tras la consagraci\u00f3n de su segundo Abierto de Estados Unidos, el sexto Grand Slam de su carrera, el murciano de 22 a\u00f1os apareci\u00f3 en los principales portales de la far\u00e1ndula. \u00abE! News\u00bb, uno de ellos, reprodujo declaraciones la hermana mayor de Brooks.<\/p>\n<\/div>\n<div id=\"element-body-19\" readability=\"62\">\n<p>Grace, como se llama, se encarg\u00f3 de confirmar el amor\u00edo: \u00abLos rumores son ciertos. Salir con alguien es un t\u00e9rmino muy impreciso. Pero s\u00e9 que es el hombre del momento\u00bb, le desliz\u00f3 al medio durante la Semana de la Moda de Nueva York.<\/p>\n<\/div>\n<div id=\"element-body-20\" readability=\"64\">\n<p>En dicho evento, la mujer asegur\u00f3 que el tenista ya pudo conocer a sus otras dos hermanas, Mary Holland y Sarah Jane Nader. \u00abMe muero por conocerlo\u00bb, desliz\u00f3. M\u00e1s all\u00e1 de estas comprometedoras declaraciones, de momento, ninguno de los dos involucrados se refiri\u00f3 al respecto.<\/p>\n<\/div>\n","protected":false},"excerpt":{"rendered":"<p>El nombre de Brooks Nader comenz\u00f3 a replicarse por redes sociales en todo el mundo durante las \u00faltimas horas, luego de que una de sus hermanas confirmara que eran ciertos los rumores de romance entre la modelo estadounidense y el tenista espa\u00f1ol Carlos Alcaraz. R\u00e1pidamente, algunos curiosos se volcaron a las cuentas de Instagram de [&hellip;]<\/p>\n","protected":false},"author":1,"featured_media":167892,"comment_status":"closed","ping_status":"closed","sticky":false,"template":"","format":"standard","meta":[],"categories":[20],"tags":[],"_links":{"self":[{"href":"http:\/\/cordobainforma.info\/index.php\/wp-json\/wp\/v2\/posts\/167891"}],"collection":[{"href":"http:\/\/cordobainforma.info\/index.php\/wp-json\/wp\/v2\/posts"}],"about":[{"href":"http:\/\/cordobainforma.info\/index.php\/wp-json\/wp\/v2\/types\/post"}],"author":[{"embeddable":true,"href":"http:\/\/cordobainforma.info\/index.php\/wp-json\/wp\/v2\/users\/1"}],"replies":[{"embeddable":true,"href":"http:\/\/cordobainforma.info\/index.php\/wp-json\/wp\/v2\/comments?post=167891"}],"version-history":[{"count":0,"href":"http:\/\/cordobainforma.info\/index.php\/wp-json\/wp\/v2\/posts\/167891\/revisions"}],"wp:featuredmedia":[{"embeddable":true,"href":"http:\/\/cordobainforma.info\/index.php\/wp-json\/wp\/v2\/media\/167892"}],"wp:attachment":[{"href":"http:\/\/cordobainforma.info\/index.php\/wp-json\/wp\/v2\/media?parent=167891"}],"wp:term":[{"taxonomy":"category","embeddable":true,"href":"http:\/\/cordobainforma.info\/index.php\/wp-json\/wp\/v2\/categories?post=167891"},{"taxonomy":"post_tag","embeddable":true,"href":"http:\/\/cordobainforma.info\/index.php\/wp-json\/wp\/v2\/tags?post=167891"}],"curies":[{"name":"wp","href":"https:\/\/api.w.org\/{rel}","templated":true}]}}