{"id":167889,"date":"2025-09-11T22:51:45","date_gmt":"2025-09-11T22:51:45","guid":{"rendered":"https:\/\/somoscordobeses.com\/2025\/09\/11\/huracan-y-velez-se-vuelven-a-ver-las-caras-bajas-cambios-y-probable-11\/"},"modified":"2025-09-11T22:51:45","modified_gmt":"2025-09-11T22:51:45","slug":"huracan-y-velez-se-vuelven-a-ver-las-caras-bajas-cambios-y-probable-11","status":"publish","type":"post","link":"http:\/\/cordobainforma.info\/index.php\/2025\/09\/11\/huracan-y-velez-se-vuelven-a-ver-las-caras-bajas-cambios-y-probable-11\/","title":{"rendered":"Hurac\u00e1n y V\u00e9lez se vuelven a ver las caras: bajas, cambios y probable 11"},"content":{"rendered":"<div><img src=\"http:\/\/cordobainforma.info\/wp-content\/uploads\/2025\/09\/huracan-y-velez-se-vuelven-a-ver-las-caras-bajas-cambios-y-probable-11.jpg\" class=\"ff-og-image-inserted\"><\/div>\n<p><time datetime=\"2025-09-11T18:35:46-03:00\">11\/09\/2025 18:35hs.<\/time><\/p>\n<p><strong>Hurac\u00e1n vuelve a jugar en casa y lo hace con la necesidad de levantar cabeza.<\/strong> El empate con <strong>San Lorenzo <\/strong>dej\u00f3 gusto a poco y la eliminaci\u00f3n en la Sudamericana frente a Once Caldas todav\u00eda pesa, pero el equipo quiere refugiarse en su gente para enderezar un semestre irregular y empezar a sumar puntos importantes en el Clausura. <strong>El desaf\u00edo no es menor: tendr\u00e1 enfrente a un rival con el que ya se conocen bien, V\u00e9lez.<\/strong><\/p>\n<p><strong>Del otro lado, el Fort\u00edn vive un presente completamente distinto. <\/strong>En Liniers todo es alegr\u00eda: viene de levantar la<strong> Supercopa Argentina ante Central C\u00f3rdoba<\/strong> y acumula cinco victorias seguidas entre torneo y copas. La confianza est\u00e1 por las nubes, aunque en el horizonte aparece un desaf\u00edo todav\u00eda mayor: <strong>los cuartos de final de la Copa Libertadores frente a Racing.<\/strong><\/p>\n<p><span>V\u00e9lez campe\u00f3n ante Central C\u00f3rdoba. (Fotobaires).<\/span><\/p>\n<h2>Posible formaci\u00f3n Hurac\u00e1n<\/h2>\n<p><strong>Frank Dar\u00edo Kudelka tendr\u00e1 una baja obligada: no podr\u00e1 contar con Luciano Gim\u00e9nez<\/strong>, expulsado en el cl\u00e1sico ante San Lorenzo y sancionado con tres fechas. A su vez, Pereyra regresar\u00eda al 11 en lugar de Goitea, mientras que en el ataque aparece la principal inc\u00f3gnita: Sequeira, ya recuperado de un esguince de tobillo, o Ram\u00edrez.<\/p>\n<p><strong>Posible formaci\u00f3n: <\/strong>Hern\u00e1n Gal\u00edndez; Tom\u00e1s Guidara, Fabio Pereyra, Mart\u00edn Nervo, C\u00e9sar Ib\u00e1\u00f1ez; Leonel P\u00e9rez, Leonardo Gil; Juan Bisanz, Matko Miljevic, Rodrigo Cabral; Sequeira\/Ram\u00edrez.<\/p>\n<p><span>Kudelka tiene una duda en el ataque. EFE\/ Agencia Unido360<\/span><\/p>\n<h2>Posible formaci\u00f3n V\u00e9lez<\/h2>\n<p><strong>Guillermo Barros Schelotto afronta este partido con una baja sensible: Braian Romero. <\/strong>El delantero, que ya ven\u00eda con molestias, termin\u00f3 la final con una incomodidad en el isquiotibial y deber\u00e1 frenar para recuperarse. La idea es cuidarlo ahora para que llegue en condiciones al gran objetivo: Racing.<\/p>\n<p><strong>Con la seguidilla de partidos y la Copa en el horizonte, el Mellizo planea una rotaci\u00f3n completa.<\/strong> Solo se mantendr\u00edan en el 11 Tom\u00e1s Marchiori y Aaron Quir\u00f3s, mientras que el resto del equipo tendr\u00eda descanso. La apuesta es clara: darle aire a los titulares y, al mismo tiempo, pelear por la cima de la Zona A.<\/p>\n<p><strong>Un detalle importante: Diego Vald\u00e9s entra por primera vez en la lista de concentrados. <\/strong>El chileno ya dej\u00f3 atr\u00e1s una distensi\u00f3n en el s\u00f3leo, estar\u00e1 en el banco y todo indica que tendr\u00e1 sus primeros minutos con la camiseta de V\u00e9lez en este encuentro.<\/p>\n<p><strong>Posible formaci\u00f3n:<\/strong> Tom\u00e1s Marchiori; Agust\u00edn Lagos, Emanuel Mammana, Aaron Quir\u00f3s, Tom\u00e1s Cavanagh; Tob\u00edas Andrada, Claudio Baeza, Manuel Lanzini; Mat\u00edas Pellegrini, Michael Santos, Francisco Pizzini.<\/p>\n<section><picture><\/picture>\n<div>\n<p><span>Mir\u00e1 tambi\u00e9n<\/span><\/p>\n<hr>\n<h3>La decisi\u00f3n que tomaron Racing y V\u00e9lez para su cruce en Libertadores<\/h3>\n<\/div>\n<\/section>\n<section><picture><\/picture>\n<div>\n<p><span>Mir\u00e1 tambi\u00e9n<\/span><\/p>\n<hr>\n<h3>Las dudas de Dom\u00ednguez para enfrentar a River: recupera un titular y \u00bfcuida a Ascac\u00edbar para la Copa?<\/h3>\n<\/div>\n<\/section>\n<section><picture><\/picture>\n<div>\n<p><span>Mir\u00e1 tambi\u00e9n<\/span><\/p>\n<hr>\n<h3>Costas, sobre Rojo: \u00abEs un tipazo\u00bb y \u00abseguramente sea titular contra River\u00bb<\/h3>\n<\/div>\n<\/section>\n","protected":false},"excerpt":{"rendered":"<p>11\/09\/2025 18:35hs. Hurac\u00e1n vuelve a jugar en casa y lo hace con la necesidad de levantar cabeza. El empate con San Lorenzo dej\u00f3 gusto a poco y la eliminaci\u00f3n en la Sudamericana frente a Once Caldas todav\u00eda pesa, pero el equipo quiere refugiarse en su gente para enderezar un semestre irregular y empezar a sumar [&hellip;]<\/p>\n","protected":false},"author":1,"featured_media":167890,"comment_status":"closed","ping_status":"closed","sticky":false,"template":"","format":"standard","meta":[],"categories":[20,2],"tags":[],"_links":{"self":[{"href":"http:\/\/cordobainforma.info\/index.php\/wp-json\/wp\/v2\/posts\/167889"}],"collection":[{"href":"http:\/\/cordobainforma.info\/index.php\/wp-json\/wp\/v2\/posts"}],"about":[{"href":"http:\/\/cordobainforma.info\/index.php\/wp-json\/wp\/v2\/types\/post"}],"author":[{"embeddable":true,"href":"http:\/\/cordobainforma.info\/index.php\/wp-json\/wp\/v2\/users\/1"}],"replies":[{"embeddable":true,"href":"http:\/\/cordobainforma.info\/index.php\/wp-json\/wp\/v2\/comments?post=167889"}],"version-history":[{"count":0,"href":"http:\/\/cordobainforma.info\/index.php\/wp-json\/wp\/v2\/posts\/167889\/revisions"}],"wp:featuredmedia":[{"embeddable":true,"href":"http:\/\/cordobainforma.info\/index.php\/wp-json\/wp\/v2\/media\/167890"}],"wp:attachment":[{"href":"http:\/\/cordobainforma.info\/index.php\/wp-json\/wp\/v2\/media?parent=167889"}],"wp:term":[{"taxonomy":"category","embeddable":true,"href":"http:\/\/cordobainforma.info\/index.php\/wp-json\/wp\/v2\/categories?post=167889"},{"taxonomy":"post_tag","embeddable":true,"href":"http:\/\/cordobainforma.info\/index.php\/wp-json\/wp\/v2\/tags?post=167889"}],"curies":[{"name":"wp","href":"https:\/\/api.w.org\/{rel}","templated":true}]}}