{"id":167854,"date":"2025-09-11T14:24:47","date_gmt":"2025-09-11T14:24:47","guid":{"rendered":"https:\/\/www.escribiendocine.com\/noticias\/2025\/09\/11\/20422-critica-de-el-cautivo-alejandro-amenabar-revisita-a-cervantes-entre-argel-y-la-ficcion"},"modified":"2025-09-11T14:24:47","modified_gmt":"2025-09-11T14:24:47","slug":"critica-de-el-cautivo-alejandro-amenabar-revisita-a-cervantes-entre-argel-y-la-ficcion","status":"publish","type":"post","link":"http:\/\/cordobainforma.info\/index.php\/2025\/09\/11\/critica-de-el-cautivo-alejandro-amenabar-revisita-a-cervantes-entre-argel-y-la-ficcion\/","title":{"rendered":"Cr\u00edtica de \u00abEl Cautivo\u00bb: Alejandro Amen\u00e1bar revisita a Cervantes entre Argel y la ficci\u00f3n"},"content":{"rendered":"<div class=\"media_block\"><\/div>\n<div><img src=\"http:\/\/cordobainforma.info\/wp-content\/uploads\/2025\/09\/critica-de-el-cautivo-alejandro-amenabar-revisita-a-cervantes-entre-argel-y-la-ficcion.jpg\" class=\"ff-og-image-inserted\"><\/div>\n<div readability=\"15.5\">\n<div class=\"col-xs-12 col-sm-6 col-md-12 col-lg-3 no-padding col-der\" readability=\"7\">\n<p> <span class=\"fecha\">jueves 11 de septiembre de 2025 <\/span> <\/p>\n<\/p><\/div><\/div>\n<div readability=\"65\">\n<p>Alejandro Amen\u00e1bar vuelve a la pantalla grande con <strong>El Cautivo<\/strong> (2025), un drama hist\u00f3rico que se adentra en la experiencia de Miguel de Cervantes como prisionero en Argel. La propuesta parte de un doble impulso: la fidelidad a un contexto hist\u00f3rico del siglo XVI y una interpretaci\u00f3n contempor\u00e1nea de la figura del escritor, un abordaje que ya ha generado controversias.<\/p>\n<p>La reconstrucci\u00f3n visual es uno de los pilares de la pel\u00edcula. El Argel de la \u00e9poca aparece con mercados repletos, calles vibrantes y una luz mediterr\u00e1nea que otorga verosimilitud a las escenas. Sin embargo, esa misma perfecci\u00f3n t\u00e9cnica genera distancia, ya que cada plano parece subrayar su car\u00e1cter de decorado, dificultando la inmersi\u00f3n plena del espectador.<\/p>\n<p>El n\u00facleo narrativo se sostiene en la relaci\u00f3n entre Cervantes \u2014interpretado por Julio Pe\u00f1a\u2014 y el Baj\u00e1 de Argel \u2014encarnado por Alessandro Borghi\u2014, con un v\u00ednculo que insin\u00faa una dimensi\u00f3n homoer\u00f3tica. La propuesta, audaz en el planteo, se resuelve con cierta cautela en su puesta en escena, como evidencia la secuencia del ba\u00f1o turco, resuelta con un fundido que evita profundizar en el aspecto emocional.<\/p>\n<p>La pel\u00edcula construye una visi\u00f3n de Argel como un espacio de tolerancia sexual y cultural, una interpretaci\u00f3n que dialoga m\u00e1s con agendas actuales que con las biograf\u00edas cervantinas. Los discursos sobre libertad, identidad o religi\u00f3n se presentan de manera literal, con personajes que encarnan roles de \u201cbuenos\u201d y \u201cmalos\u201d sin matices.<\/p>\n<p>Otro de los problemas es la ausencia de verdadero suspense. El espectador sabe que Cervantes sobrevivir\u00e1 a sus intentos de fuga para escribir El Quijote, lo que resta tensi\u00f3n a las amenazas de muerte. En lugar de potenciar el drama personal, el guion recurre a un exceso de gui\u00f1os literarios \u2014la bac\u00eda de barbero, personajes que anticipan al Quijote o Sancho\u2014 que terminan por sobrecargar la narraci\u00f3n.<\/p>\n<p>Donde <strong>El Cautivo<\/strong> encuentra mayor fuerza es en la representaci\u00f3n de Cervantes como un narrador que logra salvar su vida gracias a las historias que inventa. Es en esas escenas, en las que su imaginaci\u00f3n fascina a prisioneros y captores, donde Amen\u00e1bar logra transmitir el poder de la ficci\u00f3n. Miguel Rell\u00e1n, en el rol de Antonio de Sosa, aporta un anclaje humano que refuerza esta dimensi\u00f3n.<\/p>\n<p>En definitiva, <strong>El Cautivo<\/strong> es una obra atravesada por contrastes. <strong>Amen\u00e1bar combina virtuosismo t\u00e9cnico con un discurso contempor\u00e1neo sobre identidad y libertad, pero sin resolver las tensiones entre lo hist\u00f3rico y lo aleg\u00f3rico. El resultado es una pel\u00edcula que, pese a su ambici\u00f3n y momentos inspirados, no alcanza la intensidad emocional que su propio relato reclama.<\/strong><\/p>\n<\/p><\/div>\n","protected":false},"excerpt":{"rendered":"<p>jueves 11 de septiembre de 2025 Alejandro Amen\u00e1bar vuelve a la pantalla grande con El Cautivo (2025), un drama hist\u00f3rico que se adentra en la experiencia de Miguel de Cervantes como prisionero en Argel. La propuesta parte de un doble impulso: la fidelidad a un contexto hist\u00f3rico del siglo XVI y una interpretaci\u00f3n contempor\u00e1nea de [&hellip;]<\/p>\n","protected":false},"author":1,"featured_media":167855,"comment_status":"open","ping_status":"closed","sticky":false,"template":"","format":"standard","meta":[],"categories":[21],"tags":[],"_links":{"self":[{"href":"http:\/\/cordobainforma.info\/index.php\/wp-json\/wp\/v2\/posts\/167854"}],"collection":[{"href":"http:\/\/cordobainforma.info\/index.php\/wp-json\/wp\/v2\/posts"}],"about":[{"href":"http:\/\/cordobainforma.info\/index.php\/wp-json\/wp\/v2\/types\/post"}],"author":[{"embeddable":true,"href":"http:\/\/cordobainforma.info\/index.php\/wp-json\/wp\/v2\/users\/1"}],"replies":[{"embeddable":true,"href":"http:\/\/cordobainforma.info\/index.php\/wp-json\/wp\/v2\/comments?post=167854"}],"version-history":[{"count":0,"href":"http:\/\/cordobainforma.info\/index.php\/wp-json\/wp\/v2\/posts\/167854\/revisions"}],"wp:featuredmedia":[{"embeddable":true,"href":"http:\/\/cordobainforma.info\/index.php\/wp-json\/wp\/v2\/media\/167855"}],"wp:attachment":[{"href":"http:\/\/cordobainforma.info\/index.php\/wp-json\/wp\/v2\/media?parent=167854"}],"wp:term":[{"taxonomy":"category","embeddable":true,"href":"http:\/\/cordobainforma.info\/index.php\/wp-json\/wp\/v2\/categories?post=167854"},{"taxonomy":"post_tag","embeddable":true,"href":"http:\/\/cordobainforma.info\/index.php\/wp-json\/wp\/v2\/tags?post=167854"}],"curies":[{"name":"wp","href":"https:\/\/api.w.org\/{rel}","templated":true}]}}