{"id":167852,"date":"2025-09-11T14:42:06","date_gmt":"2025-09-11T14:42:06","guid":{"rendered":"https:\/\/cordobainforma.info\/index.php\/2025\/09\/11\/presidente-finlandes-confiesa-que-pasa-mas-tiempo-con-zelenski-que-con-su-esposa\/"},"modified":"2025-09-11T14:42:06","modified_gmt":"2025-09-11T14:42:06","slug":"presidente-finlandes-confiesa-que-pasa-mas-tiempo-con-zelenski-que-con-su-esposa","status":"publish","type":"post","link":"http:\/\/cordobainforma.info\/index.php\/2025\/09\/11\/presidente-finlandes-confiesa-que-pasa-mas-tiempo-con-zelenski-que-con-su-esposa\/","title":{"rendered":"Presidente finland\u00e9s confiesa que pasa m\u00e1s tiempo con Zelenski que con su esposa"},"content":{"rendered":"<p><img src=\"http:\/\/cordobainforma.info\/wp-content\/uploads\/2025\/09\/presidente-finlandes-confiesa-que-pasa-mas-tiempo-con-zelenski-que-con-su-esposa.jpg\"><\/p>\n<p>El presidente de Finlandia, Alexander Stubb, asegur\u00f3 este jueves que est\u00e1 en contacto con el l\u00edder del r\u00e9gimen de Kiev, Vlad\u00edmir Zelenski,&nbsp;<strong>casi a diario<\/strong>, <a href=\"https:\/\/yle.fi\/a\/74-20182375\" target=\"_blank\" rel=\"nofollow noopener noreferrer\">recoge<\/a> el medio Yle.<\/p>\n<div class=\"ReadMore-root Section-root Section-is1to3-xs_is1to1\" data-widgets=\"ReadMore\">\n<div class=\"Section-container Section-isRow-isTop-isWrap\">\n<article class=\"Card-root Card-is1to1 Card-default \">\n<div class=\"Card-imageWrap\">\n<div class=\"Card-picture\"> <picture class=\"Picture-root Picture-default\"><!--[if IE 9]><video style=\"display: none;\"><![endif]--><source media=\"(-webkit-min-device-pixel-ratio: 2) and (min-resolution: 120dpi)\" srcset=\"http:\/\/cordobainforma.info\/wp-content\/uploads\/2025\/09\/presidente-finlandes-confiesa-que-pasa-mas-tiempo-con-zelenski-que-con-su-esposa-2.jpg 850w, http:\/\/cordobainforma.info\/wp-content\/uploads\/2025\/09\/presidente-finlandes-confiesa-que-pasa-mas-tiempo-con-zelenski-que-con-su-esposa-3.jpg 1960w\"><source srcset=\"http:\/\/cordobainforma.info\/wp-content\/uploads\/2025\/09\/presidente-finlandes-confiesa-que-pasa-mas-tiempo-con-zelenski-que-con-su-esposa-2.jpg, https:\/\/actualidad.rt.com\/actualidad\/460, http:\/\/cordobainforma.info\/wp-content\/uploads\/2025\/09\/presidente-finlandes-confiesa-que-pasa-mas-tiempo-con-zelenski-que-con-su-esposa-3.jpg 980w\"><!--[if IE 9]><\/video><![endif]--><img data-sizes=\"auto\" src=\"http:\/\/cordobainforma.info\/wp-content\/uploads\/2025\/09\/presidente-finlandes-confiesa-que-pasa-mas-tiempo-con-zelenski-que-con-su-esposa-2.jpg\" class=\"Picture-root Picture-default lazyload\" alt=\"&quot;Llam\u00f3 como a un ex&quot;: Ridiculizan a Zelenski por la llamada de Macron\"><\/picture><!-- noscript pattern --><noscript><img src=\"http:\/\/cordobainforma.info\/wp-content\/uploads\/2025\/09\/presidente-finlandes-confiesa-que-pasa-mas-tiempo-con-zelenski-que-con-su-esposa-3.jpg\" alt=\"&quot;Llam\u00f3 como a un ex&quot;: Ridiculizan a Zelenski por la llamada de Macron\"><\/noscript> <\/div><\/div>\n<\/article><\/div><\/div>\n<p>\u00ab<strong>He pasado m\u00e1s tiempo con Vlad\u00edmir<\/strong> [Zelenski] que con mi propia esposa\u00bb, afirm\u00f3 el mandatario en una conferencia de prensa junto al l\u00edder del r\u00e9gimen ucraniano, despu\u00e9s de llevar a cabo una reuni\u00f3n conjunta, a\u00f1adiendo que hablan casi todos los d\u00edas.<\/p>\n<p>Stubb arrib\u00f3 esta jornada a Kiev, donde mantuvo <strong>conversaciones bilaterales<\/strong> durante m\u00e1s de una hora con Zelenski. En su encuentro, abordaron el conflicto ucraniano, la adhesi\u00f3n de Ucrania&nbsp;a la Uni\u00f3n Europea y el apoyo militar a Ucrania.<\/p>\n<p>El mandatario&nbsp;<a href=\"https:\/\/www.presidentti.fi\/en\/president-stubb-on-visit-in-ukraine\/\" target=\"_blank\" rel=\"nofollow noopener noreferrer\">viaj\u00f3<\/a> acompa\u00f1ado de la primera dama, <strong>Suzanne Innes-Stubb<\/strong>.<\/p>\n","protected":false},"excerpt":{"rendered":"<p>El presidente de Finlandia, Alexander Stubb, asegur\u00f3 este jueves que est\u00e1 en contacto con el l\u00edder del r\u00e9gimen de Kiev, Vlad\u00edmir Zelenski,&nbsp;casi a diario, recoge el medio Yle. \u00abHe pasado m\u00e1s tiempo con Vlad\u00edmir [Zelenski] que con mi propia esposa\u00bb, afirm\u00f3 el mandatario en una conferencia de prensa junto al l\u00edder del r\u00e9gimen ucraniano, despu\u00e9s [&hellip;]<\/p>\n","protected":false},"author":1,"featured_media":167853,"comment_status":"closed","ping_status":"closed","sticky":false,"template":"","format":"standard","meta":[],"categories":[22],"tags":[],"_links":{"self":[{"href":"http:\/\/cordobainforma.info\/index.php\/wp-json\/wp\/v2\/posts\/167852"}],"collection":[{"href":"http:\/\/cordobainforma.info\/index.php\/wp-json\/wp\/v2\/posts"}],"about":[{"href":"http:\/\/cordobainforma.info\/index.php\/wp-json\/wp\/v2\/types\/post"}],"author":[{"embeddable":true,"href":"http:\/\/cordobainforma.info\/index.php\/wp-json\/wp\/v2\/users\/1"}],"replies":[{"embeddable":true,"href":"http:\/\/cordobainforma.info\/index.php\/wp-json\/wp\/v2\/comments?post=167852"}],"version-history":[{"count":0,"href":"http:\/\/cordobainforma.info\/index.php\/wp-json\/wp\/v2\/posts\/167852\/revisions"}],"wp:featuredmedia":[{"embeddable":true,"href":"http:\/\/cordobainforma.info\/index.php\/wp-json\/wp\/v2\/media\/167853"}],"wp:attachment":[{"href":"http:\/\/cordobainforma.info\/index.php\/wp-json\/wp\/v2\/media?parent=167852"}],"wp:term":[{"taxonomy":"category","embeddable":true,"href":"http:\/\/cordobainforma.info\/index.php\/wp-json\/wp\/v2\/categories?post=167852"},{"taxonomy":"post_tag","embeddable":true,"href":"http:\/\/cordobainforma.info\/index.php\/wp-json\/wp\/v2\/tags?post=167852"}],"curies":[{"name":"wp","href":"https:\/\/api.w.org\/{rel}","templated":true}]}}