{"id":167844,"date":"2025-09-11T11:41:42","date_gmt":"2025-09-11T11:41:42","guid":{"rendered":"https:\/\/www.mujerhoy.com\/moda\/no-te-pierdas\/compras-clave-zara-otono-prendas-tendencia-ponibles-20250911134141-nt.html"},"modified":"2025-09-11T11:41:42","modified_gmt":"2025-09-11T11:41:42","slug":"las-10-compras-clave-de-zara-para-el-otono-prendas-tendencia-ponibles-y-faciles-de-combinar","status":"publish","type":"post","link":"http:\/\/cordobainforma.info\/index.php\/2025\/09\/11\/las-10-compras-clave-de-zara-para-el-otono-prendas-tendencia-ponibles-y-faciles-de-combinar\/","title":{"rendered":"Las 10 compras clave de Zara para el oto\u00f1o: prendas tendencia, ponibles y f\u00e1ciles de combinar"},"content":{"rendered":"<div class=\"media_block\"><\/div>\n<p><!-- AUTHOR --><\/p>\n<div class=\"voc-author-timesocial \">\n<!-- AUTHOR --><\/p>\n<div class=\"voc-author-timesocial__signature \">\n<!-- IMAGE AUTHOR -->\n<picture class=\"voc-image-signature\">\n<img class=\"voc-image-signature__img\" src=\"http:\/\/cordobainforma.info\/wp-content\/uploads\/2025\/09\/las-10-compras-clave-de-zara-para-el-otono-prendas-tendencia-ponibles-y-faciles-de-combinar.jpg\" alt=\"Raquel Rodr\u00edguez\">\n<\/picture>\n<!-- INFO AUTHOR --> <\/div><\/div>\n<p><!-- COMPONENTS --><\/p>\n<p class=\"voc-paragraph\">Si con la llegada de septiembre t\u00fa tambi\u00e9n est\u00e1s pensando en renovar tu armario y no sabes por d\u00f3nde empezar, \u00a1bienvenida! Esta gu\u00eda con las <a href=\"https:\/\/www.mujerhoy.com\/moda\/no-te-pierdas\/vestidos-negro-camisa-blanca-nuevo-basicos-zara-20250908025651-nt.html\" title=\"www.mujerhoy.com\" data-voc-vtm-id=\"in-text-traffic\" data-mrf-link=\"www.mujerhoy.com\">novedades de Zara <\/a>puede ser tu mejor aliada para descubrir qu\u00e9 prendas debes fichar si quieres lucir a la \u00faltima. Hemos echado un vistazo a la nueva colecci\u00f3n de la firma que lidera Marta Ortega y hemos seleccionado<strong> las piezas que no puedes dejar escapar esta temporada<\/strong>. <\/p>\n<p class=\"voc-paragraph\">Y no hablamos solo de prendas tendencia que se llevan much\u00edsimo, sino tambi\u00e9n de <strong>compras inteligentes<\/strong> a las que podr\u00e1s sacarles el m\u00e1ximo partido: combinarlas de diferentes maneras, mezclarlas entre s\u00ed y conseguir estilismos vers\u00e1tiles, sofisticados y muy c\u00f3modos. \u00a1Toma nota!<\/p>\n<div class=\"v-c-cmp v-c-cmp--t1 \">\n<div class=\"v-cmp-rld v-cmp-rld--2 \">\n<div class=\"v-cnt-m v-cnt-m--m\">\n<div class=\"v-cnt-m__c\">\n<div class=\"v-cnt-m__w v-cnt-m__w--1\">\n<p class=\"v-cnt-m__t\">\nTAMBI\u00c9N TE INTERESA\n<\/p>\n<\/div>\n<\/div>\n<\/div>\n<div class=\"v-g v-g--2-c v-g--bdr-min-xs\">\n<div class=\"v-g__c \">\n<article class=\"v-a v-a--cmp-rld v-a--cmp-rld-2 v-a--p-l\">\n<div class=\"v-a-img-c\">\n<figure class=\"v-a-fig\">\n<a href=\"https:\/\/www.mujerhoy.com\/moda\/no-te-pierdas\/bolsos-blandos-tendencia-madrid-20250909153945-nt.html#vtm_modulosEngag=mod-rel:moda:noticia:1:cmp:2-not\" class=\"v-a-link\" title=\"Bolsos blandos, la tendencia que arrasa entre las madrile\u00f1as porque tienen el tama\u00f1o perfecto y son m\u00e1s c\u00f3modos de llevar\"><br \/>\n<img loading=\"lazy\" class=\"v-a-img\" src=\"http:\/\/cordobainforma.info\/wp-content\/uploads\/2025\/09\/las-10-compras-clave-de-zara-para-el-otono-prendas-tendencia-ponibles-y-faciles-de-combinar-1.jpg\" alt=\"Bolsos blandos, la tendencia que arrasa entre las madrile\u00f1as porque tienen el tama\u00f1o perfecto y son m\u00e1s c\u00f3modos de llevar\"><br \/>\n<\/a><br \/>\n<\/figure>\n<\/div>\n<\/article>\n<\/div>\n<div class=\"v-g__c \">\n<article class=\"v-a v-a--cmp-rld v-a--cmp-rld-2 v-a--p-l\">\n<div class=\"v-a-img-c\">\n<figure class=\"v-a-fig\">\n<a href=\"https:\/\/www.mujerhoy.com\/moda\/no-te-pierdas\/nuevo-sfera-basicos-tendencia-vestido-otono-20250909234414-nt.html#vtm_modulosEngag=mod-rel:moda:noticia:2:cmp:2-not\" class=\"v-a-link\" title=\"Las novedades de Sfera de la semana: vestidos boho, pantalones de cuadros y botines metalizados\"><br \/>\n<img loading=\"lazy\" class=\"v-a-img\" src=\"http:\/\/cordobainforma.info\/wp-content\/uploads\/2025\/09\/las-10-compras-clave-de-zara-para-el-otono-prendas-tendencia-ponibles-y-faciles-de-combinar-2.jpg\" alt=\"Las novedades de Sfera de la semana: vestidos boho, pantalones de cuadros y botines metalizados\"><br \/>\n<\/a><br \/>\n<\/figure>\n<\/div>\n<\/article>\n<\/div>\n<\/div>\n<\/div>\n<\/div>\n<div class=\"v-c-cmp v-c-cmp--s\">\n<div class=\"v-cmp-m \">\n<article class=\"v-a v-a--cmp-m v-c-cmp--m-z\">\n<div class=\"v-a-img-c \">\n<div class=\"v-a-fig\">\n<button class=\"v-a-link\" popovertarget=\"photo-468\"><br \/>\n<img loading=\"lazy\" src=\"http:\/\/cordobainforma.info\/wp-content\/uploads\/2025\/09\/las-10-compras-clave-de-zara-para-el-otono-prendas-tendencia-ponibles-y-faciles-de-combinar-3.jpg\" class=\"v-a-img\" width=\"650\" height=\"650\" alt data-voc-vtm-id=\"in-text-traffic\"> <\/button>\n<\/div>\n<\/div>\n<div id=\"photo-468\" popover class=\"v-mdl v-mdl--fw\">\n<button class=\"v-x\" popovertarget=\"photo-468\" popovertargetaction=\"hide\"><br \/>\n<span class=\"v-i\"><br \/>\n<svg width=\"24\" height=\"23.996\" viewBox=\"0 0 24 23.996\">\n<path data-name=\"Uni\u00f3n 29\" d=\"M12,14.03,2.031,24,0,21.963,9.968,12,0,2.033,2.031,0,12,9.966,21.969,0,24,2.033,14.032,12,24,21.963,21.969,24Z\" \/>\n<\/svg><br \/>\n<\/span><br \/>\n<\/button><\/p>\n<div class=\"v-mdl__c\">\n<div class=\"v-mdl__w\">\n<img loading=\"lazy\" src=\"http:\/\/cordobainforma.info\/wp-content\/uploads\/2025\/09\/las-10-compras-clave-de-zara-para-el-otono-prendas-tendencia-ponibles-y-faciles-de-combinar-3.jpg\" class=\"v-mdl__img-z\" width=\"650\" height=\"650\" alt>\n<\/div>\n<\/div>\n<\/div>\n<p><span class=\"v-bdp\"><\/span><br \/>\n<\/article>\n<\/div>\n<\/div>\n<p><h3 class=\"v-cmp-suh\">\nPower dressing<br \/>\n<\/h3>\n<\/p>\n<p class=\"voc-paragraph\">La est\u00e9tica \u00abpower dressing\u00bb vuelve con fuerza: chaquetas y abrigos con hombreras XXL, cinturones maxi y siluetas de reloj de arena que exudan autoridad y feminidad estructurada. Ficha esta blazer confeccionada en tejido fluido con cuello solapa y manga larga con hombreras. Precio: 39,95 euros.<\/p>\n<div class=\"v-c-cmp v-c-cmp--s\">\n<div class=\"v-cmp-m \">\n<article class=\"v-a v-a--cmp-m v-c-cmp--m-z\">\n<div class=\"v-a-img-c \">\n<div class=\"v-a-fig\">\n<button class=\"v-a-link\" popovertarget=\"photo-787\"><br \/>\n<img loading=\"lazy\" src=\"http:\/\/cordobainforma.info\/wp-content\/uploads\/2025\/09\/las-10-compras-clave-de-zara-para-el-otono-prendas-tendencia-ponibles-y-faciles-de-combinar-4.jpg\" class=\"v-a-img\" width=\"650\" height=\"650\" alt data-voc-vtm-id=\"in-text-traffic\"> <\/button>\n<\/div>\n<\/div>\n<div id=\"photo-787\" popover class=\"v-mdl v-mdl--fw\">\n<button class=\"v-x\" popovertarget=\"photo-787\" popovertargetaction=\"hide\"><br \/>\n<span class=\"v-i\"><br \/>\n<svg width=\"24\" height=\"23.996\" viewBox=\"0 0 24 23.996\">\n<path data-name=\"Uni\u00f3n 29\" d=\"M12,14.03,2.031,24,0,21.963,9.968,12,0,2.033,2.031,0,12,9.966,21.969,0,24,2.033,14.032,12,24,21.963,21.969,24Z\" \/>\n<\/svg><br \/>\n<\/span><br \/>\n<\/button><\/p>\n<div class=\"v-mdl__c\">\n<div class=\"v-mdl__w\">\n<img loading=\"lazy\" src=\"http:\/\/cordobainforma.info\/wp-content\/uploads\/2025\/09\/las-10-compras-clave-de-zara-para-el-otono-prendas-tendencia-ponibles-y-faciles-de-combinar-4.jpg\" class=\"v-mdl__img-z\" width=\"650\" height=\"650\" alt>\n<\/div>\n<\/div>\n<\/div>\n<p><span class=\"v-bdp\"><\/span><br \/>\n<\/article>\n<\/div>\n<\/div>\n<p><h3 class=\"v-cmp-suh\">\nColores protagonistas y estilo victoriano<br \/>\n<\/h3>\n<\/p>\n<p class=\"voc-paragraph\">La paleta de este oto\u00f1o se ampl\u00eda con tonos vibrantes: morado, mostaza, verde musgo, azul y rojo aparecen como protagonistas, listos para reemplazar al negro en looks elegantes. Nos encanta esta blusa semitransparente de cuello redondo con lazada y escote pico. Perfecta tambi\u00e9n para unirse al estilo Victorian chic, protagonizado por camisas femeninas con volantes pronunciados en el cuello y l\u00edneas vaporosas, vistas en Dior, Ralph Lauren y Zimmermann. Precio: 29,95 euros.<\/p>\n<div class=\"v-c-cmp v-c-cmp--s\">\n<div class=\"v-cmp-m \">\n<article class=\"v-a v-a--cmp-m v-c-cmp--m-z\">\n<div class=\"v-a-img-c \">\n<div class=\"v-a-fig\">\n<button class=\"v-a-link\" popovertarget=\"photo-966\"><br \/>\n<img loading=\"lazy\" src=\"http:\/\/cordobainforma.info\/wp-content\/uploads\/2025\/09\/las-10-compras-clave-de-zara-para-el-otono-prendas-tendencia-ponibles-y-faciles-de-combinar-5.jpg\" class=\"v-a-img\" width=\"650\" height=\"650\" alt data-voc-vtm-id=\"in-text-traffic\"> <\/button>\n<\/div>\n<\/div>\n<div id=\"photo-966\" popover class=\"v-mdl v-mdl--fw\">\n<button class=\"v-x\" popovertarget=\"photo-966\" popovertargetaction=\"hide\"><br \/>\n<span class=\"v-i\"><br \/>\n<svg width=\"24\" height=\"23.996\" viewBox=\"0 0 24 23.996\">\n<path data-name=\"Uni\u00f3n 29\" d=\"M12,14.03,2.031,24,0,21.963,9.968,12,0,2.033,2.031,0,12,9.966,21.969,0,24,2.033,14.032,12,24,21.963,21.969,24Z\" \/>\n<\/svg><br \/>\n<\/span><br \/>\n<\/button><\/p>\n<div class=\"v-mdl__c\">\n<div class=\"v-mdl__w\">\n<img loading=\"lazy\" src=\"http:\/\/cordobainforma.info\/wp-content\/uploads\/2025\/09\/las-10-compras-clave-de-zara-para-el-otono-prendas-tendencia-ponibles-y-faciles-de-combinar-5.jpg\" class=\"v-mdl__img-z\" width=\"650\" height=\"650\" alt>\n<\/div>\n<\/div>\n<\/div>\n<p><span class=\"v-bdp\"><\/span><br \/>\n<\/article>\n<\/div>\n<\/div>\n<p><h3 class=\"v-cmp-suh\">\nApuesta todo a las bombers<br \/>\n<\/h3>\n<\/p>\n<p class=\"voc-paragraph\">La chaqueta bomber de cuero o tejido t\u00e9cnico sigue imbatible y se reinventa en formatos XXL, con hombros voluminosos, como han demostrado firmas como Saint Laurent, Givenchy, Miu Miu). En Zara tienes esta de cuello solapa y manga larga acabada en pu\u00f1o con bot\u00f3n. Precio: 39,95 euros.<\/p>\n<div class=\"v-c-cmp v-c-cmp--s\">\n<div class=\"v-cmp-m \">\n<article class=\"v-a v-a--cmp-m v-c-cmp--m-z\">\n<div class=\"v-a-img-c \">\n<div class=\"v-a-fig\">\n<button class=\"v-a-link\" popovertarget=\"photo-635\"><br \/>\n<img loading=\"lazy\" src=\"http:\/\/cordobainforma.info\/wp-content\/uploads\/2025\/09\/las-10-compras-clave-de-zara-para-el-otono-prendas-tendencia-ponibles-y-faciles-de-combinar-6.jpg\" class=\"v-a-img\" width=\"650\" height=\"650\" alt data-voc-vtm-id=\"in-text-traffic\"> <\/button>\n<\/div>\n<\/div>\n<div id=\"photo-635\" popover class=\"v-mdl v-mdl--fw\">\n<button class=\"v-x\" popovertarget=\"photo-635\" popovertargetaction=\"hide\"><br \/>\n<span class=\"v-i\"><br \/>\n<svg width=\"24\" height=\"23.996\" viewBox=\"0 0 24 23.996\">\n<path data-name=\"Uni\u00f3n 29\" d=\"M12,14.03,2.031,24,0,21.963,9.968,12,0,2.033,2.031,0,12,9.966,21.969,0,24,2.033,14.032,12,24,21.963,21.969,24Z\" \/>\n<\/svg><br \/>\n<\/span><br \/>\n<\/button><\/p>\n<div class=\"v-mdl__c\">\n<div class=\"v-mdl__w\">\n<img loading=\"lazy\" src=\"http:\/\/cordobainforma.info\/wp-content\/uploads\/2025\/09\/las-10-compras-clave-de-zara-para-el-otono-prendas-tendencia-ponibles-y-faciles-de-combinar-6.jpg\" class=\"v-mdl__img-z\" width=\"650\" height=\"650\" alt>\n<\/div>\n<\/div>\n<\/div>\n<p><span class=\"v-bdp\"><\/span><br \/>\n<\/article>\n<\/div>\n<\/div>\n<p><h3 class=\"v-cmp-suh\">\nChaquetas cropped<br \/>\n<\/h3>\n<\/p>\n<p class=\"voc-paragraph\">Este oto\u00f1o se lleva una versi\u00f3n juvenil del cl\u00e1sico biker: chaquetas hasta la cintura vistas en Coach, Dior y Burberry, ideales para equilibrar con capas largas y actualizar siluetas con toque moderno. Y si es de ante, mucho mejor. Un buen ejemplo es esta de cuello solapa y manga larga. Precio: 29,95 euros.<\/p>\n<div class=\"v-c-cmp v-c-cmp--s\">\n<div class=\"v-cmp-m \">\n<article class=\"v-a v-a--cmp-m v-c-cmp--m-z\">\n<div class=\"v-a-img-c \">\n<div class=\"v-a-fig\">\n<button class=\"v-a-link\" popovertarget=\"photo-793\"><br \/>\n<img loading=\"lazy\" src=\"http:\/\/cordobainforma.info\/wp-content\/uploads\/2025\/09\/las-10-compras-clave-de-zara-para-el-otono-prendas-tendencia-ponibles-y-faciles-de-combinar-7.jpg\" class=\"v-a-img\" width=\"650\" height=\"650\" alt data-voc-vtm-id=\"in-text-traffic\"> <\/button>\n<\/div>\n<\/div>\n<div id=\"photo-793\" popover class=\"v-mdl v-mdl--fw\">\n<button class=\"v-x\" popovertarget=\"photo-793\" popovertargetaction=\"hide\"><br \/>\n<span class=\"v-i\"><br \/>\n<svg width=\"24\" height=\"23.996\" viewBox=\"0 0 24 23.996\">\n<path data-name=\"Uni\u00f3n 29\" d=\"M12,14.03,2.031,24,0,21.963,9.968,12,0,2.033,2.031,0,12,9.966,21.969,0,24,2.033,14.032,12,24,21.963,21.969,24Z\" \/>\n<\/svg><br \/>\n<\/span><br \/>\n<\/button><\/p>\n<div class=\"v-mdl__c\">\n<div class=\"v-mdl__w\">\n<img loading=\"lazy\" src=\"http:\/\/cordobainforma.info\/wp-content\/uploads\/2025\/09\/las-10-compras-clave-de-zara-para-el-otono-prendas-tendencia-ponibles-y-faciles-de-combinar-7.jpg\" class=\"v-mdl__img-z\" width=\"650\" height=\"650\" alt>\n<\/div>\n<\/div>\n<\/div>\n<p><span class=\"v-bdp\"><\/span><br \/>\n<\/article>\n<\/div>\n<\/div>\n<p><h3 class=\"v-cmp-suh\">\nFalda midi, siluetas office<br \/>\n<\/h3>\n<\/p>\n<p class=\"voc-paragraph\">Las faldas midi, ya sea plisadas, de vuelo o l\u00e1piz, vuelven con fuerza junto a look &#8216;corpcore&#8217;, combinadas con jers\u00e9is estructurados o blazers de hombros marcados. Y el estampado de cuadros es uno de sus puntos fuertes. Prueba su versatilidad con este modelo de tiro medio confeccionado en hilatura de viscosa y el bajo acabado en l\u00ednea evas\u00e9. Precio: 49,95 euros.<\/p>\n<div class=\"v-c-cmp v-c-cmp--s\">\n<div class=\"v-cmp-m \">\n<article class=\"v-a v-a--cmp-m v-c-cmp--m-z\">\n<div class=\"v-a-img-c \">\n<div class=\"v-a-fig\">\n<button class=\"v-a-link\" popovertarget=\"photo-117\"><br \/>\n<img loading=\"lazy\" src=\"http:\/\/cordobainforma.info\/wp-content\/uploads\/2025\/09\/las-10-compras-clave-de-zara-para-el-otono-prendas-tendencia-ponibles-y-faciles-de-combinar-8.jpg\" class=\"v-a-img\" width=\"650\" height=\"650\" alt data-voc-vtm-id=\"in-text-traffic\"> <\/button>\n<\/div>\n<\/div>\n<div id=\"photo-117\" popover class=\"v-mdl v-mdl--fw\">\n<button class=\"v-x\" popovertarget=\"photo-117\" popovertargetaction=\"hide\"><br \/>\n<span class=\"v-i\"><br \/>\n<svg width=\"24\" height=\"23.996\" viewBox=\"0 0 24 23.996\">\n<path data-name=\"Uni\u00f3n 29\" d=\"M12,14.03,2.031,24,0,21.963,9.968,12,0,2.033,2.031,0,12,9.966,21.969,0,24,2.033,14.032,12,24,21.963,21.969,24Z\" \/>\n<\/svg><br \/>\n<\/span><br \/>\n<\/button><\/p>\n<div class=\"v-mdl__c\">\n<div class=\"v-mdl__w\">\n<img loading=\"lazy\" src=\"http:\/\/cordobainforma.info\/wp-content\/uploads\/2025\/09\/las-10-compras-clave-de-zara-para-el-otono-prendas-tendencia-ponibles-y-faciles-de-combinar-8.jpg\" class=\"v-mdl__img-z\" width=\"650\" height=\"650\" alt>\n<\/div>\n<\/div>\n<\/div>\n<p><span class=\"v-bdp\"><\/span><br \/>\n<\/article>\n<\/div>\n<\/div>\n<p><h3 class=\"v-cmp-suh\">\nLayering con toque lencero<br \/>\n<\/h3>\n<\/p>\n<p class=\"voc-paragraph\">Inspirados en la silueta delicada pero seductora del dise\u00f1o tipo lencero, estos tops son el absoluto imprescindible para seguir tambi\u00e9n la tendencia del layering. Una reinterpretaci\u00f3n del estilo Y2K con faldas, vestidos o tops largos superpuestos sobre pantalones, fusionando capas y texturas en un look contempor\u00e1neo y creativo. Este es un modelo de escote pico y tirantes finos. Precio: 29,95 euros.<\/p>\n<div class=\"v-c-cmp v-c-cmp--s\">\n<div class=\"v-cmp-m \">\n<article class=\"v-a v-a--cmp-m v-c-cmp--m-z\">\n<div class=\"v-a-img-c \">\n<div class=\"v-a-fig\">\n<button class=\"v-a-link\" popovertarget=\"photo-46\"><br \/>\n<img loading=\"lazy\" src=\"http:\/\/cordobainforma.info\/wp-content\/uploads\/2025\/09\/las-10-compras-clave-de-zara-para-el-otono-prendas-tendencia-ponibles-y-faciles-de-combinar-9.jpg\" class=\"v-a-img\" width=\"650\" height=\"650\" alt data-voc-vtm-id=\"in-text-traffic\"> <\/button>\n<\/div>\n<\/div>\n<div id=\"photo-46\" popover class=\"v-mdl v-mdl--fw\">\n<button class=\"v-x\" popovertarget=\"photo-46\" popovertargetaction=\"hide\"><br \/>\n<span class=\"v-i\"><br \/>\n<svg width=\"24\" height=\"23.996\" viewBox=\"0 0 24 23.996\">\n<path data-name=\"Uni\u00f3n 29\" d=\"M12,14.03,2.031,24,0,21.963,9.968,12,0,2.033,2.031,0,12,9.966,21.969,0,24,2.033,14.032,12,24,21.963,21.969,24Z\" \/>\n<\/svg><br \/>\n<\/span><br \/>\n<\/button><\/p>\n<div class=\"v-mdl__c\">\n<div class=\"v-mdl__w\">\n<img loading=\"lazy\" src=\"http:\/\/cordobainforma.info\/wp-content\/uploads\/2025\/09\/las-10-compras-clave-de-zara-para-el-otono-prendas-tendencia-ponibles-y-faciles-de-combinar-9.jpg\" class=\"v-mdl__img-z\" width=\"650\" height=\"650\" alt>\n<\/div>\n<\/div>\n<\/div>\n<p><span class=\"v-bdp\"><\/span><br \/>\n<\/article>\n<\/div>\n<\/div>\n<p><h3 class=\"v-cmp-suh\">\nLos mocasines, m\u00e1s femeninos y elegantes<br \/>\n<\/h3>\n<\/p>\n<p class=\"voc-paragraph\">Adem\u00e1s de las botas de montar y el regreso por todo lo alto del estilo cowboy, los mocasines siguen pisando fuerte. Esta temporada, en cambio, vienen en versi\u00f3n coollege, m\u00e1s femenina y elegante y todo un \u00e9xito en la Copenhague Fashion Week. Estos de Zara en color marr\u00f3n chocolate arrasan por ese estilo tipo n\u00e1utico en serraje. Precio: 49,95 euros.<\/p>\n<div class=\"v-c-cmp v-c-cmp--s\">\n<div class=\"v-cmp-m \">\n<article class=\"v-a v-a--cmp-m v-c-cmp--m-z\">\n<div class=\"v-a-img-c \">\n<div class=\"v-a-fig\">\n<button class=\"v-a-link\" popovertarget=\"photo-991\"><br \/>\n<img loading=\"lazy\" src=\"http:\/\/cordobainforma.info\/wp-content\/uploads\/2025\/09\/las-10-compras-clave-de-zara-para-el-otono-prendas-tendencia-ponibles-y-faciles-de-combinar-10.jpg\" class=\"v-a-img\" width=\"650\" height=\"650\" alt data-voc-vtm-id=\"in-text-traffic\"> <\/button>\n<\/div>\n<\/div>\n<div id=\"photo-991\" popover class=\"v-mdl v-mdl--fw\">\n<button class=\"v-x\" popovertarget=\"photo-991\" popovertargetaction=\"hide\"><br \/>\n<span class=\"v-i\"><br \/>\n<svg width=\"24\" height=\"23.996\" viewBox=\"0 0 24 23.996\">\n<path data-name=\"Uni\u00f3n 29\" d=\"M12,14.03,2.031,24,0,21.963,9.968,12,0,2.033,2.031,0,12,9.966,21.969,0,24,2.033,14.032,12,24,21.963,21.969,24Z\" \/>\n<\/svg><br \/>\n<\/span><br \/>\n<\/button><\/p>\n<div class=\"v-mdl__c\">\n<div class=\"v-mdl__w\">\n<img loading=\"lazy\" src=\"http:\/\/cordobainforma.info\/wp-content\/uploads\/2025\/09\/las-10-compras-clave-de-zara-para-el-otono-prendas-tendencia-ponibles-y-faciles-de-combinar-10.jpg\" class=\"v-mdl__img-z\" width=\"650\" height=\"650\" alt>\n<\/div>\n<\/div>\n<\/div>\n<p><span class=\"v-bdp\"><\/span><br \/>\n<\/article>\n<\/div>\n<\/div>\n<p><h3 class=\"v-cmp-suh\">\nCapas para un estilo boho<br \/>\n<\/h3>\n<\/p>\n<p class=\"voc-paragraph\">Las blusas vaporosas, jers\u00e9is acogedores y chaquetas como capas protagonizan las nuevas colecciones que siguen una reinterpretaci\u00f3n m\u00e1s sofisticada del estilo boho. Una buena opci\u00f3n es este top fluido de cuello asim\u00e9trico y manga ancha. Precio: 25,95 euros.<\/p>\n<div class=\"v-c-cmp v-c-cmp--s\">\n<div class=\"v-cmp-m \">\n<article class=\"v-a v-a--cmp-m v-c-cmp--m-z\">\n<div class=\"v-a-img-c \">\n<div class=\"v-a-fig\">\n<button class=\"v-a-link\" popovertarget=\"photo-387\"><br \/>\n<img loading=\"lazy\" src=\"http:\/\/cordobainforma.info\/wp-content\/uploads\/2025\/09\/las-10-compras-clave-de-zara-para-el-otono-prendas-tendencia-ponibles-y-faciles-de-combinar-11.jpg\" class=\"v-a-img\" width=\"650\" height=\"650\" alt data-voc-vtm-id=\"in-text-traffic\"> <\/button>\n<\/div>\n<\/div>\n<div id=\"photo-387\" popover class=\"v-mdl v-mdl--fw\">\n<button class=\"v-x\" popovertarget=\"photo-387\" popovertargetaction=\"hide\"><br \/>\n<span class=\"v-i\"><br \/>\n<svg width=\"24\" height=\"23.996\" viewBox=\"0 0 24 23.996\">\n<path data-name=\"Uni\u00f3n 29\" d=\"M12,14.03,2.031,24,0,21.963,9.968,12,0,2.033,2.031,0,12,9.966,21.969,0,24,2.033,14.032,12,24,21.963,21.969,24Z\" \/>\n<\/svg><br \/>\n<\/span><br \/>\n<\/button><\/p>\n<div class=\"v-mdl__c\">\n<div class=\"v-mdl__w\">\n<img loading=\"lazy\" src=\"http:\/\/cordobainforma.info\/wp-content\/uploads\/2025\/09\/las-10-compras-clave-de-zara-para-el-otono-prendas-tendencia-ponibles-y-faciles-de-combinar-11.jpg\" class=\"v-mdl__img-z\" width=\"650\" height=\"650\" alt>\n<\/div>\n<\/div>\n<\/div>\n<p><span class=\"v-bdp\"><\/span><br \/>\n<\/article>\n<\/div>\n<\/div>\n<p><h3 class=\"v-cmp-suh\">\nPantalones bombachos<br \/>\n<\/h3>\n<\/p>\n<p class=\"voc-paragraph\">Si hay una prenda viral esta temporada, estos son los pantalones bombachos. Aunque han estado sobre la pasarela, las redes han hecho que este dise\u00f1o regrese por todo lo alto y se coloque como ese must have del oto\u00f1o que ponerte a diario. Ficha la versi\u00f3n denim de Zara. Precio: 39,95 euros.<\/p>\n<div class=\"v-c-cmp v-c-cmp--s\">\n<div class=\"v-cmp-m \">\n<article class=\"v-a v-a--cmp-m v-c-cmp--m-z\">\n<div class=\"v-a-img-c \">\n<div class=\"v-a-fig\">\n<button class=\"v-a-link\" popovertarget=\"photo-168\"><br \/>\n<img loading=\"lazy\" src=\"http:\/\/cordobainforma.info\/wp-content\/uploads\/2025\/09\/las-10-compras-clave-de-zara-para-el-otono-prendas-tendencia-ponibles-y-faciles-de-combinar-12.jpg\" class=\"v-a-img\" width=\"650\" height=\"650\" alt data-voc-vtm-id=\"in-text-traffic\"> <\/button>\n<\/div>\n<\/div>\n<div id=\"photo-168\" popover class=\"v-mdl v-mdl--fw\">\n<button class=\"v-x\" popovertarget=\"photo-168\" popovertargetaction=\"hide\"><br \/>\n<span class=\"v-i\"><br \/>\n<svg width=\"24\" height=\"23.996\" viewBox=\"0 0 24 23.996\">\n<path data-name=\"Uni\u00f3n 29\" d=\"M12,14.03,2.031,24,0,21.963,9.968,12,0,2.033,2.031,0,12,9.966,21.969,0,24,2.033,14.032,12,24,21.963,21.969,24Z\" \/>\n<\/svg><br \/>\n<\/span><br \/>\n<\/button><\/p>\n<div class=\"v-mdl__c\">\n<div class=\"v-mdl__w\">\n<img loading=\"lazy\" src=\"http:\/\/cordobainforma.info\/wp-content\/uploads\/2025\/09\/las-10-compras-clave-de-zara-para-el-otono-prendas-tendencia-ponibles-y-faciles-de-combinar-12.jpg\" class=\"v-mdl__img-z\" width=\"650\" height=\"650\" alt>\n<\/div>\n<\/div>\n<\/div>\n<p><span class=\"v-bdp\"><\/span><br \/>\n<\/article>\n<\/div>\n<\/div>\n<p><h3 class=\"v-cmp-suh\">\nMangas abullonadas<br \/>\n<\/h3>\n<\/p>\n<p class=\"voc-paragraph\">Las mangas voluminosas contin\u00faan imponi\u00e9ndose como un detalle chic y pr\u00e1ctico, ideal para etapas de entretiempo. Presente en tops, vestidos y sudaderas, este detalle rom\u00e1ntico y favorecedor ha sido visto en celebridades como Kate Middleton y Reese Witherspoon, y aparece como una apuesta elegante pero pr\u00e1ctica para entretiempo. Ficha este vestido de cuello con volante y cord\u00f3n con abalorios. Precio: 39,95 euros.<\/p>\n<div class=\"v-c-cmp v-c-cmp--t1 \">\n<div class=\"v-cmp-rld v-cmp-rld--2 \">\n<div class=\"v-cnt-m v-cnt-m--m\">\n<div class=\"v-cnt-m__c\">\n<div class=\"v-cnt-m__w v-cnt-m__w--1\">\n<p class=\"v-cnt-m__t\">\nTAMBI\u00c9N TE INTERESA\n<\/p>\n<\/div>\n<\/div>\n<\/div>\n<div class=\"v-g v-g--2-c v-g--bdr-min-xs\">\n<div class=\"v-g__c \">\n<article class=\"v-a v-a--cmp-rld v-a--cmp-rld-2 v-a--p-l\">\n<div class=\"v-a-img-c\">\n<figure class=\"v-a-fig\">\n<a href=\"https:\/\/www.mujerhoy.com\/moda\/no-te-pierdas\/chaqueta-ante-tendencia-diseno-original-rejuvenece-look-marca-espanola-anabel-lee-20250909114838-nt.html#vtm_modulosEngag=mod-rel:moda:noticia:1:cmp:2-not\" class=\"v-a-link\" title=\"La chaqueta que no puede faltar en tu armario de oto\u00f1o: de firma espa\u00f1ola, en el tejido tendencia y perfecta para rejuvenecer un look a los 50\"><br \/>\n<img loading=\"lazy\" class=\"v-a-img\" src=\"http:\/\/cordobainforma.info\/wp-content\/uploads\/2025\/09\/las-10-compras-clave-de-zara-para-el-otono-prendas-tendencia-ponibles-y-faciles-de-combinar-13.jpg\" alt=\"La chaqueta que no puede faltar en tu armario de oto\u00f1o: de firma espa\u00f1ola, en el tejido tendencia y perfecta para rejuvenecer un look a los 50\"><br \/>\n<\/a><br \/>\n<\/figure>\n<\/div>\n<\/article>\n<\/div>\n<div class=\"v-g__c \">\n<article class=\"v-a v-a--cmp-rld v-a--cmp-rld-2 v-a--p-l\">\n<div class=\"v-a-img-c\">\n<figure class=\"v-a-fig\">\n<a href=\"https:\/\/www.mujerhoy.com\/moda\/no-te-pierdas\/chaqueta-entretiempo-original-capa-mar-flores-20250909172038-nt.html#vtm_modulosEngag=mod-rel:moda:noticia:2:cmp:2-not\" class=\"v-a-link\" title=\"Ni gabardina ni cazadora de ante, la chaqueta para el entretiempo m\u00e1s original es esta capa que ha llevado Mar Flores\"><br \/>\n<img loading=\"lazy\" class=\"v-a-img\" src=\"http:\/\/cordobainforma.info\/wp-content\/uploads\/2025\/09\/las-10-compras-clave-de-zara-para-el-otono-prendas-tendencia-ponibles-y-faciles-de-combinar-14.jpg\" alt=\"Ni gabardina ni cazadora de ante, la chaqueta para el entretiempo m\u00e1s original es esta capa que ha llevado Mar Flores\"><br \/>\n<\/a><br \/>\n<\/figure>\n<\/div>\n<\/article>\n<\/div>\n<\/div>\n<\/div>\n<\/div>\n","protected":false},"excerpt":{"rendered":"<p>Si con la llegada de septiembre t\u00fa tambi\u00e9n est\u00e1s pensando en renovar tu armario y no sabes por d\u00f3nde empezar, \u00a1bienvenida! Esta gu\u00eda con las novedades de Zara puede ser tu mejor aliada para descubrir qu\u00e9 prendas debes fichar si quieres lucir a la \u00faltima. Hemos echado un vistazo a la nueva colecci\u00f3n de la [&hellip;]<\/p>\n","protected":false},"author":1,"featured_media":167845,"comment_status":"closed","ping_status":"closed","sticky":false,"template":"","format":"standard","meta":[],"categories":[24],"tags":[],"_links":{"self":[{"href":"http:\/\/cordobainforma.info\/index.php\/wp-json\/wp\/v2\/posts\/167844"}],"collection":[{"href":"http:\/\/cordobainforma.info\/index.php\/wp-json\/wp\/v2\/posts"}],"about":[{"href":"http:\/\/cordobainforma.info\/index.php\/wp-json\/wp\/v2\/types\/post"}],"author":[{"embeddable":true,"href":"http:\/\/cordobainforma.info\/index.php\/wp-json\/wp\/v2\/users\/1"}],"replies":[{"embeddable":true,"href":"http:\/\/cordobainforma.info\/index.php\/wp-json\/wp\/v2\/comments?post=167844"}],"version-history":[{"count":0,"href":"http:\/\/cordobainforma.info\/index.php\/wp-json\/wp\/v2\/posts\/167844\/revisions"}],"wp:featuredmedia":[{"embeddable":true,"href":"http:\/\/cordobainforma.info\/index.php\/wp-json\/wp\/v2\/media\/167845"}],"wp:attachment":[{"href":"http:\/\/cordobainforma.info\/index.php\/wp-json\/wp\/v2\/media?parent=167844"}],"wp:term":[{"taxonomy":"category","embeddable":true,"href":"http:\/\/cordobainforma.info\/index.php\/wp-json\/wp\/v2\/categories?post=167844"},{"taxonomy":"post_tag","embeddable":true,"href":"http:\/\/cordobainforma.info\/index.php\/wp-json\/wp\/v2\/tags?post=167844"}],"curies":[{"name":"wp","href":"https:\/\/api.w.org\/{rel}","templated":true}]}}