{"id":167833,"date":"2025-09-11T13:15:06","date_gmt":"2025-09-11T13:15:06","guid":{"rendered":"http:\/\/cordobainforma.info\/index.php\/2025\/09\/11\/cordoba-suben-los-precios-de-panificados-un-10-tras-la-suba-del-dolar\/"},"modified":"2025-09-11T13:15:06","modified_gmt":"2025-09-11T13:15:06","slug":"cordoba-suben-los-precios-de-panificados-un-10-tras-la-suba-del-dolar","status":"publish","type":"post","link":"http:\/\/cordobainforma.info\/index.php\/2025\/09\/11\/cordoba-suben-los-precios-de-panificados-un-10-tras-la-suba-del-dolar\/","title":{"rendered":"C\u00f3rdoba: suben los precios de panificados un 10% tras la suba del d\u00f3lar"},"content":{"rendered":"<div class=\"media_block\"><\/div>\n<div><img src=\"http:\/\/cordobainforma.info\/wp-content\/uploads\/2025\/09\/cordoba-suben-los-precios-de-panificados-un-10-tras-la-suba-del-dolar.jpg\" class=\"ff-og-image-inserted\"><\/div>\n<p>El valor del <strong>pan<\/strong> y otros <strong>productos de panader\u00eda<\/strong> en C\u00f3rdoba registrar\u00e1 un aumento del <strong>10% desde este jueves<\/strong>. La medida, confirmada por el <strong>Centro de Industriales Panaderos<\/strong>, responde al incremento de los costos de producci\u00f3n impulsado por la suba del <strong>d\u00f3lar<\/strong>.<\/p>\n<p><strong>Marcelo Caula<\/strong>, presidente del Centro de Industriales Panaderos, explic\u00f3 que la decisi\u00f3n responde a la suba generalizada de los costos: \u201cdesde <strong>marzo <\/strong>no modific\u00e1bamos los precios sugeridos, pero han subido el combustible, el gas natural y la electricidad m\u00e1s del 10% desde comienzos de a\u00f1o\u201d, se\u00f1al\u00f3.<\/p>\n<p>El dirigente agreg\u00f3 que el precio mayorista de la harina, junto con insumos b\u00e1sicos como grasa y margarina, aumentaron hasta un<strong> 40% <\/strong>en los \u00faltimos seis meses.<\/p>\n<p>\u201cLa suba del d\u00f3lar de la \u00faltima semana fue determinante. Ya <strong>no pod\u00edamos sostener los valores <\/strong>y tuvimos que trasladar el ajuste al p\u00fablico\u201d, indic\u00f3.<\/p>\n<h2>Nuevos precios en panader\u00edas<\/h2>\n<p>El <strong>kilo <\/strong>de pan franc\u00e9s pasar\u00e1 de $2.900 a <strong>$3.200<\/strong>, el pan mign\u00f3n de $3.200 a <strong>$3.500 <\/strong>y los criollos de $6.400 a <strong>$7.000<\/strong>. Las facturas tambi\u00e9n subir\u00e1n de precio: desde este jueves costar\u00e1n<strong> $800<\/strong> por unidad, frente a los $700 anteriores.<\/p>\n<h2>Consumo en ca\u00edda<\/h2>\n<p>A pesar de que las ventas en el sector se encuentran entre un <strong>10%<\/strong> y un <strong>40% <\/strong>por <strong>debajo <\/strong>del mismo per\u00edodo del a\u00f1o pasado, el Centro de Industriales Panaderos asegur\u00f3, en di\u00e1logo con un medio local, que el incremento<strong> era necesario<\/strong> para evitar cierres de panader\u00edas y garantizar la continuidad de la producci\u00f3n.<\/p>\n","protected":false},"excerpt":{"rendered":"<p>El valor del pan y otros productos de panader\u00eda en C\u00f3rdoba registrar\u00e1 un aumento del 10% desde este jueves. La medida, confirmada por el Centro de Industriales Panaderos, responde al incremento de los costos de producci\u00f3n impulsado por la suba del d\u00f3lar. Marcelo Caula, presidente del Centro de Industriales Panaderos, explic\u00f3 que la decisi\u00f3n responde [&hellip;]<\/p>\n","protected":false},"author":1,"featured_media":167834,"comment_status":"closed","ping_status":"closed","sticky":false,"template":"","format":"standard","meta":[],"categories":[2],"tags":[],"_links":{"self":[{"href":"http:\/\/cordobainforma.info\/index.php\/wp-json\/wp\/v2\/posts\/167833"}],"collection":[{"href":"http:\/\/cordobainforma.info\/index.php\/wp-json\/wp\/v2\/posts"}],"about":[{"href":"http:\/\/cordobainforma.info\/index.php\/wp-json\/wp\/v2\/types\/post"}],"author":[{"embeddable":true,"href":"http:\/\/cordobainforma.info\/index.php\/wp-json\/wp\/v2\/users\/1"}],"replies":[{"embeddable":true,"href":"http:\/\/cordobainforma.info\/index.php\/wp-json\/wp\/v2\/comments?post=167833"}],"version-history":[{"count":0,"href":"http:\/\/cordobainforma.info\/index.php\/wp-json\/wp\/v2\/posts\/167833\/revisions"}],"wp:featuredmedia":[{"embeddable":true,"href":"http:\/\/cordobainforma.info\/index.php\/wp-json\/wp\/v2\/media\/167834"}],"wp:attachment":[{"href":"http:\/\/cordobainforma.info\/index.php\/wp-json\/wp\/v2\/media?parent=167833"}],"wp:term":[{"taxonomy":"category","embeddable":true,"href":"http:\/\/cordobainforma.info\/index.php\/wp-json\/wp\/v2\/categories?post=167833"},{"taxonomy":"post_tag","embeddable":true,"href":"http:\/\/cordobainforma.info\/index.php\/wp-json\/wp\/v2\/tags?post=167833"}],"curies":[{"name":"wp","href":"https:\/\/api.w.org\/{rel}","templated":true}]}}