{"id":167829,"date":"2025-09-11T12:34:35","date_gmt":"2025-09-11T12:34:35","guid":{"rendered":"https:\/\/cordoba.gob.ar\/?p=81076"},"modified":"2025-09-11T12:34:35","modified_gmt":"2025-09-11T12:34:35","slug":"el-megaoperativo-cordoba-con-vos-llega-al-club-las-palmas","status":"publish","type":"post","link":"http:\/\/cordobainforma.info\/index.php\/2025\/09\/11\/el-megaoperativo-cordoba-con-vos-llega-al-club-las-palmas\/","title":{"rendered":"El megaoperativo C\u00f3rdoba con Vos llega al Club Las Palmas"},"content":{"rendered":"<div><img src=\"http:\/\/cordobainforma.info\/wp-content\/uploads\/2025\/09\/el-megaoperativo-cordoba-con-vos-llega-al-club-las-palmas.jpg\" class=\"ff-og-image-inserted\"><\/div>\n<ul>\n<li data-prosemirror-content-type=\"node\" data-prosemirror-node-name=\"paragraph\" data-prosemirror-node-block=\"true\"><strong>El s\u00e1bado ser\u00e1 la cuarta edici\u00f3n del programa que lleva a los barrios las diversas gestiones relacionadas al Registro Civil, vacunaci\u00f3n de calendario, curso para moto por primera vez, confecci\u00f3n de curr\u00edculum vitae, reclamos vecinales, entre otros.<\/strong><\/li>\n<\/ul>\n<hr>\n<p data-prosemirror-content-type=\"node\" data-prosemirror-node-name=\"paragraph\" data-prosemirror-node-block=\"true\">Este s\u00e1bado llega al Club Las Palmas la cuarta edici\u00f3n de \u201cC\u00f3rdoba Con Vos\u201d, el megaoperativo que realiza la Municipalidad de C\u00f3rdoba junto al Gobierno Provincial: una jornada en la que vecinos y vecinas pueden acceder a la gesti\u00f3n de tr\u00e1mites y servicios en cercan\u00eda de sus hogares.<\/p>\n<p data-prosemirror-content-type=\"node\" data-prosemirror-node-name=\"paragraph\" data-prosemirror-node-block=\"true\">En esta oportunidad se desarrollar\u00e1 de 10:00 a 14:00 horas en Juan Garc\u00eda Mart\u00ednez 325.<\/p>\n<p data-prosemirror-content-type=\"node\" data-prosemirror-node-name=\"paragraph\" data-prosemirror-node-block=\"true\">En el operativo, presentando el DNI se podr\u00e1 obtener la tarjeta SUBE y tramitar la Tarifa Social Federal.<\/p>\n<p data-prosemirror-content-type=\"node\" data-prosemirror-node-name=\"paragraph\" data-prosemirror-node-block=\"true\">El espacio estar\u00e1 disponible para atender reclamos o requerimientos de vecinos; realizar tr\u00e1mites relacionados con el Registro Civil; recibir asesoramiento en defensa del consumidor y mediaci\u00f3n comunitaria; como as\u00ed tambi\u00e9n acceder a requerimiento v\u00eda Cidi\/Vedi.<\/p>\n<p data-prosemirror-content-type=\"node\" data-prosemirror-node-name=\"paragraph\" data-prosemirror-node-block=\"true\">Adem\u00e1s, se ofrecer\u00e1 asesoramiento sobre c\u00f3mo tramitar licencias de conducir, carnets de colectivo y se dictar\u00e1 un curso de moto&nbsp;para quienes deban gestionar la licencia por primera vez.<\/p>\n<p data-prosemirror-content-type=\"node\" data-prosemirror-node-name=\"paragraph\" data-prosemirror-node-block=\"true\">Se completar\u00e1 calendario de vacunaci\u00f3n, y las mujeres embarazadas podr\u00e1n acceder a informaci\u00f3n sobre el programa provincial \u201cProtecci\u00f3n de la Embarazada y su Beb\u00e9\u201d. Especialistas en Odontolog\u00eda brindar\u00e1n consejer\u00eda en salud bucal y recomendaciones sobre el correcto cepillado de dientes.<\/p>\n<p data-prosemirror-content-type=\"node\" data-prosemirror-node-name=\"paragraph\" data-prosemirror-node-block=\"true\">Para quienes est\u00e9n buscando empleo, se les otorgar\u00e1n herramientas para la confecci\u00f3n de su Curr\u00edculum Vitae, ya sea en papel o en video; habr\u00e1 asesoramiento para emprendedores y desde CaPem, se responder\u00e1n dudas y consultas de c\u00f3mo realizar tr\u00e1mites migratorios.<\/p>\n<p data-prosemirror-content-type=\"node\" data-prosemirror-node-name=\"paragraph\" data-prosemirror-node-block=\"true\">El operativo contempla acompa\u00f1amiento a mujeres por situaciones de violencia de g\u00e9nero y contenci\u00f3n en salud mental con grupos terap\u00e9uticos guiados por profesionales; tambi\u00e9n personas con discapacidad recibir\u00e1n asesoramiento sobre diversos tr\u00e1mites que pueden realizar para acceder a beneficios.<\/p>\n<p data-prosemirror-content-type=\"node\" data-prosemirror-node-name=\"paragraph\" data-prosemirror-node-block=\"true\">Se dar\u00e1n turnos para castraci\u00f3n y se vacunar\u00e1 a perros y gatos; y en materia ambiental se brindar\u00e1 informaci\u00f3n sobre la recolecci\u00f3n de residuos.<\/p>\n","protected":false},"excerpt":{"rendered":"<p>El s\u00e1bado ser\u00e1 la cuarta edici\u00f3n del programa que lleva a los barrios las diversas gestiones relacionadas al Registro Civil, vacunaci\u00f3n de calendario, curso para moto por primera vez, confecci\u00f3n de curr\u00edculum vitae, reclamos vecinales, entre otros. Este s\u00e1bado llega al Club Las Palmas la cuarta edici\u00f3n de \u201cC\u00f3rdoba Con Vos\u201d, el megaoperativo que realiza [&hellip;]<\/p>\n","protected":false},"author":1,"featured_media":167830,"comment_status":"closed","ping_status":"closed","sticky":false,"template":"","format":"standard","meta":[],"categories":[2],"tags":[],"_links":{"self":[{"href":"http:\/\/cordobainforma.info\/index.php\/wp-json\/wp\/v2\/posts\/167829"}],"collection":[{"href":"http:\/\/cordobainforma.info\/index.php\/wp-json\/wp\/v2\/posts"}],"about":[{"href":"http:\/\/cordobainforma.info\/index.php\/wp-json\/wp\/v2\/types\/post"}],"author":[{"embeddable":true,"href":"http:\/\/cordobainforma.info\/index.php\/wp-json\/wp\/v2\/users\/1"}],"replies":[{"embeddable":true,"href":"http:\/\/cordobainforma.info\/index.php\/wp-json\/wp\/v2\/comments?post=167829"}],"version-history":[{"count":0,"href":"http:\/\/cordobainforma.info\/index.php\/wp-json\/wp\/v2\/posts\/167829\/revisions"}],"wp:featuredmedia":[{"embeddable":true,"href":"http:\/\/cordobainforma.info\/index.php\/wp-json\/wp\/v2\/media\/167830"}],"wp:attachment":[{"href":"http:\/\/cordobainforma.info\/index.php\/wp-json\/wp\/v2\/media?parent=167829"}],"wp:term":[{"taxonomy":"category","embeddable":true,"href":"http:\/\/cordobainforma.info\/index.php\/wp-json\/wp\/v2\/categories?post=167829"},{"taxonomy":"post_tag","embeddable":true,"href":"http:\/\/cordobainforma.info\/index.php\/wp-json\/wp\/v2\/tags?post=167829"}],"curies":[{"name":"wp","href":"https:\/\/api.w.org\/{rel}","templated":true}]}}