{"id":167781,"date":"2025-09-11T00:47:35","date_gmt":"2025-09-11T00:47:35","guid":{"rendered":"https:\/\/www.clarin.com\/deportes\/venezuela-echo-bocha-batista-dura-derrota-colombia-impidio-clasificarse-repechaje_0_diMDmPffN8.html"},"modified":"2025-09-11T00:47:35","modified_gmt":"2025-09-11T00:47:35","slug":"venezuela-echo-al-bocha-batista-tras-la-dura-derrota-ante-colombia-que-le-impidio-clasificarse-al-repechaje","status":"publish","type":"post","link":"http:\/\/cordobainforma.info\/index.php\/2025\/09\/11\/venezuela-echo-al-bocha-batista-tras-la-dura-derrota-ante-colombia-que-le-impidio-clasificarse-al-repechaje\/","title":{"rendered":"Venezuela ech\u00f3 al Bocha Batista tras la dura derrota ante Colombia que le impidi\u00f3 clasificarse al repechaje"},"content":{"rendered":"<p><img src=\"http:\/\/cordobainforma.info\/wp-content\/uploads\/2025\/09\/venezuela-echo-al-bocha-batista-tras-la-dura-derrota-ante-colombia-que-le-impidio-clasificarse-al-repechaje.jpg\"><\/p>\n<div><img src=\"http:\/\/cordobainforma.info\/wp-content\/uploads\/2025\/09\/venezuela-echo-al-bocha-batista-tras-la-dura-derrota-ante-colombia-que-le-impidio-clasificarse-al-repechaje-2.jpg\" class=\"ff-og-image-inserted\"><\/div>\n<div id=\"element-body-0\" readability=\"42.687747035573\">\n<p><strong>Fernando Batista dej\u00f3 de ser el director t\u00e9cnico de la selecci\u00f3n de Venezuela.<\/strong> As\u00ed lo comunic\u00f3 la Federaci\u00f3n Venezolana de F\u00fatbol (FVF) este mi\u00e9rcoles, el d\u00eda despu\u00e9s de <a href=\"https:\/\/www.clarin.com\/deportes\/venezuela-quedo-repechaje-mundial-dolor-fernando-batista-conferencia-duro-84-segundos-preguntas_0_OZ09KHW9DN.html\" target=\"_blank\" title=\"la goleada sufrida ante Colombia en Matur\u00edn y el adi\u00f3s al Mundial 2026.\" alt=\"la goleada sufrida ante Colombia en Matur\u00edn y el adi\u00f3s al Mundial 2026.\" rel=\"noopener noreferrer\">la goleada sufrida ante Colombia en Matur\u00edn y el adi\u00f3s al Mundial 2026.<\/a><\/p>\n<\/div>\n<div id=\"element-body-1\" readability=\"62\">\n<p>\u00abTras concluir el proceso clasificatorio rumbo al Mundial de la FIFA 2026, Fernando &#8216;Bocha&#8217; Batista ha sido cesado en sus funciones como director t\u00e9cnico de la selecci\u00f3n nacional absoluta, junto con todo su cuerpo t\u00e9cnico\u00bb, indic\u00f3 la FVF en un comunicado.<\/p>\n<\/div>\n<div id=\"element-body-2\" readability=\"59\">\n<p><strong>\u00abLa decisi\u00f3n responde al hecho de que no se alcanzaron los resultados deportivos establecidos como objetivo en este ciclo\u00bb, <\/strong>agreg\u00f3 la Federaci\u00f3n.<\/p>\n<\/div>\n<div id=\"element-body-3\" readability=\"62\">\n<p>\u00abBajo la conducci\u00f3n de Batista, la selecci\u00f3n mostr\u00f3 car\u00e1cter competitivo y momentos de evoluci\u00f3n futbol\u00edstica, pero los resultados finales no estuvieron a la altura de las expectativas del pa\u00eds y de la instituci\u00f3n\u00bb, argumentaron.<\/p>\n<\/div>\n<div id=\"element-body-4\" readability=\"28.698697068404\">\n<blockquote class=\"twitter-tweet\" readability=\"8.5667752442997\">\n<p lang=\"es\" dir=\"ltr\">El director t\u00e9cnico de la Vinotinto, Fernando Batista, ofreci\u00f3 disculpas al pa\u00eds tras la derrota 6-3 contra Colombia, que dej\u00f3 a Venezuela sin opciones de acceder al repechaje de la Copa Mundial de la FIFA 2026. <a href=\"https:\/\/t.co\/qnQAojxtTc\">pic.twitter.com\/qnQAojxtTc<\/a><\/p>\n<p>\u2014 Darvinson Rojas S\u00e1nchez (@DarvinsonRojas) <a href=\"https:\/\/twitter.com\/DarvinsonRojas\/status\/1965603230576210013?ref_src=twsrc%5Etfw\">September 10, 2025<\/a><\/p><\/blockquote><\/div>\n<div id=\"element-body-5\" readability=\"63\">\n<p>Venezuela lleg\u00f3 a la \u00faltima fecha de la eliminatoria sudamericana en el s\u00e9ptimo lugar, puesto de repechaje, un punto por encima de <strong>Bolivia<\/strong>, que recib\u00eda a Brasil en El Alto. Depend\u00eda de s\u00ed mismo para mantener viva la ilusi\u00f3n de clasificar por primera vez en su historia a la Copa del Mundo. Reinaba la ilusi\u00f3n en Matur\u00edn y Batista ten\u00eda la posibilidad de ser uno de los art\u00edfices de un logro hist\u00f3rico para la Vinotinto.<\/p>\n<\/div>\n<div id=\"element-body-6\" readability=\"62\">\n<p>Sin embargo, <strong>la noche termin\u00f3 de la peor manera. <\/strong>Los cuatro goles del colombiano <strong>Luis Javier Su\u00e1rez,<\/strong> quien llev\u00f3 el marcador del 1-2 al 5-2 entre el final del primer tiempo y tramo inicial del complemento, liquid\u00f3 el encuentro e hizo que la atenci\u00f3n fuera a lo que estaba sucediendo en Bolivia. <\/p>\n<\/div>\n<div id=\"element-body-7\" readability=\"64\">\n<p>De todos modos, el local le ganaba 1-0 a Brasil y el resultado ya no se iba a modificar. Salom\u00f3n Rond\u00f3n no tuvo fe de que el Scratch les diera una mano y se fue al vestuario r\u00e1pidamente, mientras que otros de los dirigidos por Batista, los m\u00e1s oprtimistas, se sentaron sobre c\u00e9sped del campo de juego a esperar el gol que nunca iba a llegar. Hubo l\u00e1grimas.<\/p>\n<\/div>\n<div id=\"element-body-8\" readability=\"67\">\n<p>Fue un duro golpe para Batista en su primera experiencia como entrenador de una selecci\u00f3n Mayor. <strong>Y lo reflej\u00f3 en una conferencia de prensa que dur\u00f3 apenas 84 segundos.<\/strong> \u00abEs un momento muy duro, dif\u00edcil en lo personal. Lo intent\u00e1bamos, est\u00e1bamos atr\u00e1s de un sue\u00f1o que no pudo ser. Simplemente, en estos momentos, es dif\u00edcil\u00bb, comenz\u00f3 el Bocha. Dijo que ahora tiene \u00abmucho an\u00e1lisis\u00bb para hacer \u00abm\u00e1s tranquilo en los d\u00edas venideros\u00bb. Luego, agreg\u00f3: \u00abLe quiero pedir disculpas al pueblo venezolano por el sue\u00f1o que ten\u00edamos junto a estos jugadores de poder clasificar al repechaje. Agradezco al grupo que lo intent\u00f3 hasta la \u00faltima fecha\u00bb, expres\u00f3.<\/p>\n<\/div>\n<div id=\"element-body-9\" readability=\"64\">\n<p>\u00abEstoy ac\u00e1 por el respeto hacia ustedes, que siempre me han tratado bien y hemos tenido buena relaci\u00f3n. Solamente quer\u00eda decirles eso. <strong>Les pido disculpas porque hoy no estoy para hacer un intercambio de preguntas. Lo intentamos, llegamos hasta el final, no se pudo dar. Buenas noches a todos\u00bb,<\/strong> concluy\u00f3.<\/p>\n<\/div>\n<div id=\"element-body-10\" readability=\"65\">\n<p>La decisi\u00f3n de no responder preguntas, en medio de la bronca por la eliminaci\u00f3n, fue tomada de mala manera por los hinchas y parte del periodismo venezolano. Antonella Gonz\u00e1lez Rosas, periodista de Apple TV que salt\u00f3 a la fama en Argentina por seguir el d\u00eda a d\u00eda del Inter Miami de Lionel Messi, castig\u00f3 duramente al DT argentino: \u201cNo me lo puedo creer. Se\u00f1or \u2018Bocha\u2019 Batista, deber\u00eda dar la cara y responder a los medios de comunicaci\u00f3n venezolanos que han estado durante todo el ciclo mundialista. Esto no se puede permitir\u201d. Es el final de un ciclo.<\/p>\n<\/div>\n","protected":false},"excerpt":{"rendered":"<p>Fernando Batista dej\u00f3 de ser el director t\u00e9cnico de la selecci\u00f3n de Venezuela. As\u00ed lo comunic\u00f3 la Federaci\u00f3n Venezolana de F\u00fatbol (FVF) este mi\u00e9rcoles, el d\u00eda despu\u00e9s de la goleada sufrida ante Colombia en Matur\u00edn y el adi\u00f3s al Mundial 2026. \u00abTras concluir el proceso clasificatorio rumbo al Mundial de la FIFA 2026, Fernando &#8216;Bocha&#8217; [&hellip;]<\/p>\n","protected":false},"author":1,"featured_media":167782,"comment_status":"closed","ping_status":"closed","sticky":false,"template":"","format":"standard","meta":[],"categories":[20],"tags":[],"_links":{"self":[{"href":"http:\/\/cordobainforma.info\/index.php\/wp-json\/wp\/v2\/posts\/167781"}],"collection":[{"href":"http:\/\/cordobainforma.info\/index.php\/wp-json\/wp\/v2\/posts"}],"about":[{"href":"http:\/\/cordobainforma.info\/index.php\/wp-json\/wp\/v2\/types\/post"}],"author":[{"embeddable":true,"href":"http:\/\/cordobainforma.info\/index.php\/wp-json\/wp\/v2\/users\/1"}],"replies":[{"embeddable":true,"href":"http:\/\/cordobainforma.info\/index.php\/wp-json\/wp\/v2\/comments?post=167781"}],"version-history":[{"count":0,"href":"http:\/\/cordobainforma.info\/index.php\/wp-json\/wp\/v2\/posts\/167781\/revisions"}],"wp:featuredmedia":[{"embeddable":true,"href":"http:\/\/cordobainforma.info\/index.php\/wp-json\/wp\/v2\/media\/167782"}],"wp:attachment":[{"href":"http:\/\/cordobainforma.info\/index.php\/wp-json\/wp\/v2\/media?parent=167781"}],"wp:term":[{"taxonomy":"category","embeddable":true,"href":"http:\/\/cordobainforma.info\/index.php\/wp-json\/wp\/v2\/categories?post=167781"},{"taxonomy":"post_tag","embeddable":true,"href":"http:\/\/cordobainforma.info\/index.php\/wp-json\/wp\/v2\/tags?post=167781"}],"curies":[{"name":"wp","href":"https:\/\/api.w.org\/{rel}","templated":true}]}}