{"id":167742,"date":"2025-09-10T14:35:44","date_gmt":"2025-09-10T14:35:44","guid":{"rendered":"https:\/\/www.escribiendocine.com\/noticias\/2025\/09\/10\/20410-10-proyectos-latinoamericanos-llegan-a-fira-2025-para-rodar-en-tandil"},"modified":"2025-09-10T14:35:44","modified_gmt":"2025-09-10T14:35:44","slug":"10-proyectos-latinoamericanos-llegan-a-fira-2025-para-rodar-en-tandil","status":"publish","type":"post","link":"http:\/\/cordobainforma.info\/index.php\/2025\/09\/10\/10-proyectos-latinoamericanos-llegan-a-fira-2025-para-rodar-en-tandil\/","title":{"rendered":"10 proyectos latinoamericanos llegan a FIRA 2025 para rodar en Tandil"},"content":{"rendered":"<div class=\"media_block\"><\/div>\n<div><img src=\"http:\/\/cordobainforma.info\/wp-content\/uploads\/2025\/09\/10-proyectos-latinoamericanos-llegan-a-fira-2025-para-rodar-en-tandil-1.jpg\" class=\"ff-og-image-inserted\"><\/div>\n<div readability=\"24.260869565217\">\n<div class=\"col-xs-12 col-sm-6 col-md-12 col-lg-3 no-padding col-der\" readability=\"7\">\n<p> <span class=\"fecha\">mi\u00e9rcoles 10 de septiembre de 2025 <\/span> <\/p>\n<\/p><\/div><\/div>\n<div readability=\"36\">\n<p>El Festival Internacional de Realizaci\u00f3n Audiovisual (FIRA 2025) se prepara para una nueva edici\u00f3n en Tandil, que tendr\u00e1 lugar del 14 al 26 de septiembre. M\u00e1s que un festival, FIRA es un espacio donde el cine se piensa, se produce y se comparte en forma colectiva.<\/p>\n<p>En esta edici\u00f3n, 10 equipos de diferentes regiones de Latinoam\u00e9rica se reunir\u00e1n con un mismo desaf\u00edo: rodar 10 pel\u00edculas en 10 d\u00edas, reafirmando el esp\u00edritu colaborativo que distingue al encuentro. Cada proyecto representa una voz singular, una mirada propia y un relato que nace de la diversidad cultural de la regi\u00f3n.<\/p>\n<p>Las pel\u00edculas seleccionadas para FIRA 2025 son:<br \/><strong>La l\u00f3gica del pino <\/strong>\u2013 Dir. Pablo Vollltat (Argentina)<br \/><strong>La ruta del silencio<\/strong> \u2013 Dir. Alma D. Pulido Hornedo (M\u00e9xico)<br \/><strong>Camila <\/strong>\u2013 Dir. Pablo Sitori (Argentina)<br \/><strong>Colinchi <\/strong>\u2013 Dir. Mauricio Mart\u00ednez Bernal (Bolivia)<br \/><strong>El se\u00f1or de las putas<\/strong> \u2013 Dir. Carlos Vidaurre Cardozo (Bolivia)<br \/><strong>C\u00f3mo suenan las bestias<\/strong> \u2013 Dir. Fernando Lazzarini (Brasil)<br \/><strong>La imagen insurrecta<\/strong> \u2013 Dir. Monse Sim\u00f3n Mart\u00ednez Cano (Argentina)<br \/><strong>Organizaci\u00f3n social <\/strong>\u2013 Dir. Jos\u00e9 Celestino Campusano (Argentina)<br \/><strong>Mujeres de Tandil 1 <\/strong>\u2013 Dir. Gonzalo Garc\u00eda Pelayo (Argentina &#8211; Espa\u00f1a)<br \/><strong>Mujeres de Tandil 2 <\/strong>\u2013 Dir. Gonzalo Garc\u00eda Pelayo (Argentina &#8211; Espa\u00f1a)<\/p>\n<p>Cada t\u00edtulo forma parte de una apuesta compartida: filmar en comunidad, pensar el cine desde la colaboraci\u00f3n y dar visibilidad a nuevas narrativas latinoamericanas.<\/p>\n<p>El FIRA Tandil 2025 no solo busca generar pel\u00edculas, sino tambi\u00e9n fortalecer lazos entre cineastas, comunidades locales y audiencias, construyendo un puente entre creaci\u00f3n y participaci\u00f3n colectiva.<\/p>\n<\/p><\/div>\n","protected":false},"excerpt":{"rendered":"<p>mi\u00e9rcoles 10 de septiembre de 2025 El Festival Internacional de Realizaci\u00f3n Audiovisual (FIRA 2025) se prepara para una nueva edici\u00f3n en Tandil, que tendr\u00e1 lugar del 14 al 26 de septiembre. M\u00e1s que un festival, FIRA es un espacio donde el cine se piensa, se produce y se comparte en forma colectiva. En esta edici\u00f3n, [&hellip;]<\/p>\n","protected":false},"author":1,"featured_media":167743,"comment_status":"open","ping_status":"closed","sticky":false,"template":"","format":"standard","meta":[],"categories":[21],"tags":[],"_links":{"self":[{"href":"http:\/\/cordobainforma.info\/index.php\/wp-json\/wp\/v2\/posts\/167742"}],"collection":[{"href":"http:\/\/cordobainforma.info\/index.php\/wp-json\/wp\/v2\/posts"}],"about":[{"href":"http:\/\/cordobainforma.info\/index.php\/wp-json\/wp\/v2\/types\/post"}],"author":[{"embeddable":true,"href":"http:\/\/cordobainforma.info\/index.php\/wp-json\/wp\/v2\/users\/1"}],"replies":[{"embeddable":true,"href":"http:\/\/cordobainforma.info\/index.php\/wp-json\/wp\/v2\/comments?post=167742"}],"version-history":[{"count":0,"href":"http:\/\/cordobainforma.info\/index.php\/wp-json\/wp\/v2\/posts\/167742\/revisions"}],"wp:featuredmedia":[{"embeddable":true,"href":"http:\/\/cordobainforma.info\/index.php\/wp-json\/wp\/v2\/media\/167743"}],"wp:attachment":[{"href":"http:\/\/cordobainforma.info\/index.php\/wp-json\/wp\/v2\/media?parent=167742"}],"wp:term":[{"taxonomy":"category","embeddable":true,"href":"http:\/\/cordobainforma.info\/index.php\/wp-json\/wp\/v2\/categories?post=167742"},{"taxonomy":"post_tag","embeddable":true,"href":"http:\/\/cordobainforma.info\/index.php\/wp-json\/wp\/v2\/tags?post=167742"}],"curies":[{"name":"wp","href":"https:\/\/api.w.org\/{rel}","templated":true}]}}