{"id":167738,"date":"2025-09-10T14:35:57","date_gmt":"2025-09-10T14:35:57","guid":{"rendered":"https:\/\/cordobainforma.info\/index.php\/2025\/09\/10\/musk-las-acciones-de-occidente-son-indistinguibles-del-suicidio\/"},"modified":"2025-09-10T14:35:57","modified_gmt":"2025-09-10T14:35:57","slug":"musk-las-acciones-de-occidente-son-indistinguibles-del-suicidio","status":"publish","type":"post","link":"http:\/\/cordobainforma.info\/index.php\/2025\/09\/10\/musk-las-acciones-de-occidente-son-indistinguibles-del-suicidio\/","title":{"rendered":"Musk: \u00abLas acciones de Occidente son indistinguibles del suicidio\u00bb"},"content":{"rendered":"<p><img src=\"http:\/\/cordobainforma.info\/wp-content\/uploads\/2025\/09\/musk-las-acciones-de-occidente-son-indistinguibles-del-suicidio.jpg\"><\/p>\n<p>Durante su intervenci\u00f3n en la conferencia All-In, el magnate Elon Musk <a href=\"https:\/\/youtu.be\/qeZqZBRA-6Q?si=eycrxK2fgjaDrM53&amp;t=2062\" target=\"_blank\" rel=\"nofollow noopener noreferrer\">advirti\u00f3<\/a> este martes que, a menos que Occidente <strong>cambie el enfoque de sus acciones<\/strong>, lo m\u00e1s probable es que desaparezca.<\/p>\n<p>\u00ab<strong>Estoy muy preocupado por eso<\/strong>. Creo que las acciones de Occidente son indistinguibles del suicidio\u00bb, respondi\u00f3 al ser cuestionado sobre una serie de s\u00edntomas que indican que Occidente est\u00e1 \u00abencamin\u00e1ndose hacia el suicidio\u00bb, incluidos<strong> la baja tasa de natalidad<\/strong> y las <strong>pol\u00edticas de fronteras abiertas<\/strong> que han permitido que \u00abla cultura y el tejido social comenzaran a desmoronarse\u00bb y a ser sustituidas por personas que llegan y no se integran.<\/p>\n<div class=\"ReadMore-root Section-root Section-is1to3-xs_is1to1\" data-widgets=\"ReadMore\">\n<div class=\"Section-container Section-isRow-isTop-isWrap\">\n<article class=\"Card-root Card-is1to1 Card-default \">\n<div class=\"Card-imageWrap\">\n<div class=\"Card-picture\"> <picture class=\"Picture-root Picture-default\"><!--[if IE 9]><video style=\"display: none;\"><![endif]--><source media=\"(-webkit-min-device-pixel-ratio: 2) and (min-resolution: 120dpi)\" srcset=\"http:\/\/cordobainforma.info\/wp-content\/uploads\/2025\/09\/musk-las-acciones-de-occidente-son-indistinguibles-del-suicidio-2.jpg 850w, http:\/\/cordobainforma.info\/wp-content\/uploads\/2025\/09\/musk-las-acciones-de-occidente-son-indistinguibles-del-suicidio-3.jpg 1960w\"><source srcset=\"http:\/\/cordobainforma.info\/wp-content\/uploads\/2025\/09\/musk-las-acciones-de-occidente-son-indistinguibles-del-suicidio-2.jpg, https:\/\/actualidad.rt.com\/actualidad\/460, http:\/\/cordobainforma.info\/wp-content\/uploads\/2025\/09\/musk-las-acciones-de-occidente-son-indistinguibles-del-suicidio-3.jpg 980w\"><!--[if IE 9]><\/video><![endif]--><img data-sizes=\"auto\" src=\"http:\/\/cordobainforma.info\/wp-content\/uploads\/2025\/09\/musk-las-acciones-de-occidente-son-indistinguibles-del-suicidio-2.jpg\" class=\"Picture-root Picture-default lazyload\" alt=\"Musk advierte en qu\u00e9 caso Alemania estar\u00e1 &quot;muerta&quot;\"><\/picture><!-- noscript pattern --><noscript><img src=\"http:\/\/cordobainforma.info\/wp-content\/uploads\/2025\/09\/musk-las-acciones-de-occidente-son-indistinguibles-del-suicidio-3.jpg\" alt=\"Musk advierte en qu\u00e9 caso Alemania estar\u00e1 &quot;muerta&quot;\"><\/noscript> <\/div><\/div>\n<\/article><\/div><\/div>\n<p>En este sentido, el multimillonario detall\u00f3 que, aunque en EE.UU. todav\u00eda queda \u00abun sentimiento generalizado de optimismo\u00bb entre la sociedad, en Europa no es as\u00ed desde hace mucho tiempo.<\/p>\n<p>\u00abA menos que la gente tenga una sensaci\u00f3n de optimismo y un prop\u00f3sito sobre el futuro, el suicidio <strong>podr\u00eda ser simplemente lo que suceder\u00e1<\/strong> [\u2026]. Debemos darle a la gente un sentido de optimismo y entusiasmo sobre el futuro y la creencia de que el futuro ser\u00e1 mejor que el pasado, y as\u00ed estar\u00e1n m\u00e1s interesados en tener hijos\u00bb, afirm\u00f3.<\/p>\n","protected":false},"excerpt":{"rendered":"<p>Durante su intervenci\u00f3n en la conferencia All-In, el magnate Elon Musk advirti\u00f3 este martes que, a menos que Occidente cambie el enfoque de sus acciones, lo m\u00e1s probable es que desaparezca. \u00abEstoy muy preocupado por eso. Creo que las acciones de Occidente son indistinguibles del suicidio\u00bb, respondi\u00f3 al ser cuestionado sobre una serie de s\u00edntomas [&hellip;]<\/p>\n","protected":false},"author":1,"featured_media":167739,"comment_status":"closed","ping_status":"closed","sticky":false,"template":"","format":"standard","meta":[],"categories":[22],"tags":[],"_links":{"self":[{"href":"http:\/\/cordobainforma.info\/index.php\/wp-json\/wp\/v2\/posts\/167738"}],"collection":[{"href":"http:\/\/cordobainforma.info\/index.php\/wp-json\/wp\/v2\/posts"}],"about":[{"href":"http:\/\/cordobainforma.info\/index.php\/wp-json\/wp\/v2\/types\/post"}],"author":[{"embeddable":true,"href":"http:\/\/cordobainforma.info\/index.php\/wp-json\/wp\/v2\/users\/1"}],"replies":[{"embeddable":true,"href":"http:\/\/cordobainforma.info\/index.php\/wp-json\/wp\/v2\/comments?post=167738"}],"version-history":[{"count":0,"href":"http:\/\/cordobainforma.info\/index.php\/wp-json\/wp\/v2\/posts\/167738\/revisions"}],"wp:featuredmedia":[{"embeddable":true,"href":"http:\/\/cordobainforma.info\/index.php\/wp-json\/wp\/v2\/media\/167739"}],"wp:attachment":[{"href":"http:\/\/cordobainforma.info\/index.php\/wp-json\/wp\/v2\/media?parent=167738"}],"wp:term":[{"taxonomy":"category","embeddable":true,"href":"http:\/\/cordobainforma.info\/index.php\/wp-json\/wp\/v2\/categories?post=167738"},{"taxonomy":"post_tag","embeddable":true,"href":"http:\/\/cordobainforma.info\/index.php\/wp-json\/wp\/v2\/tags?post=167738"}],"curies":[{"name":"wp","href":"https:\/\/api.w.org\/{rel}","templated":true}]}}