{"id":167556,"date":"2025-09-08T21:10:08","date_gmt":"2025-09-08T21:10:08","guid":{"rendered":"https:\/\/cordobabeat.com\/?p=13107"},"modified":"2025-09-08T21:10:08","modified_gmt":"2025-09-08T21:10:08","slug":"global-underground-lanza-un-nuevo-album-basado-en-el-set-de-guy-j-en-cordoba","status":"publish","type":"post","link":"http:\/\/cordobainforma.info\/index.php\/2025\/09\/08\/global-underground-lanza-un-nuevo-album-basado-en-el-set-de-guy-j-en-cordoba\/","title":{"rendered":"Global Underground lanza un nuevo \u00e1lbum basado en el set de Guy J en C\u00f3rdoba"},"content":{"rendered":"<div><img src=\"http:\/\/cordobainforma.info\/wp-content\/uploads\/2025\/09\/global-underground-lanza-un-nuevo-album-basado-en-el-set-de-guy-j-en-cordoba.png\" class=\"ff-og-image-inserted\"><\/div>\n<p><span>Estas ediciones son parte fundamental de la historia de la m\u00fasica electr\u00f3nica mundial con producciones \u00e9picas que comprendieron a artistas como <strong>Sasha, Paul Oakenfold, John Digweed, Danny Tenaglia, Nick Warren, Dave Seaman,Deep Dish, Carl Cox<\/strong> y m\u00e1s recientemente <strong>Anna.<\/strong><\/span><\/p>\n<p><span>Es la segunda vez que nuestro pa\u00eds forma parte de <strong>Global Underground<\/strong><\/span><span>, ya que la primera fue con <strong>Dave Seaman<\/strong> en el a\u00f1o <strong>1999 en Buenos Aires<\/strong> <strong>edici\u00f3n 19<\/strong>. <strong>C\u00f3rdoba<\/strong> ahora forma parte de una serie clave de la m\u00fasica electr\u00f3nica con un artista como <strong>Guy J<\/strong> con el que mantiene una relaci\u00f3n especial marcada por el cari\u00f1o reciproco.<\/span><\/p>\n","protected":false},"excerpt":{"rendered":"<p>Estas ediciones son parte fundamental de la historia de la m\u00fasica electr\u00f3nica mundial con producciones \u00e9picas que comprendieron a artistas como Sasha, Paul Oakenfold, John Digweed, Danny Tenaglia, Nick Warren, Dave Seaman,Deep Dish, Carl Cox y m\u00e1s recientemente Anna. Es la segunda vez que nuestro pa\u00eds forma parte de Global Underground, ya que la primera [&hellip;]<\/p>\n","protected":false},"author":1,"featured_media":167557,"comment_status":"closed","ping_status":"closed","sticky":false,"template":"","format":"standard","meta":[],"categories":[24],"tags":[],"_links":{"self":[{"href":"http:\/\/cordobainforma.info\/index.php\/wp-json\/wp\/v2\/posts\/167556"}],"collection":[{"href":"http:\/\/cordobainforma.info\/index.php\/wp-json\/wp\/v2\/posts"}],"about":[{"href":"http:\/\/cordobainforma.info\/index.php\/wp-json\/wp\/v2\/types\/post"}],"author":[{"embeddable":true,"href":"http:\/\/cordobainforma.info\/index.php\/wp-json\/wp\/v2\/users\/1"}],"replies":[{"embeddable":true,"href":"http:\/\/cordobainforma.info\/index.php\/wp-json\/wp\/v2\/comments?post=167556"}],"version-history":[{"count":0,"href":"http:\/\/cordobainforma.info\/index.php\/wp-json\/wp\/v2\/posts\/167556\/revisions"}],"wp:featuredmedia":[{"embeddable":true,"href":"http:\/\/cordobainforma.info\/index.php\/wp-json\/wp\/v2\/media\/167557"}],"wp:attachment":[{"href":"http:\/\/cordobainforma.info\/index.php\/wp-json\/wp\/v2\/media?parent=167556"}],"wp:term":[{"taxonomy":"category","embeddable":true,"href":"http:\/\/cordobainforma.info\/index.php\/wp-json\/wp\/v2\/categories?post=167556"},{"taxonomy":"post_tag","embeddable":true,"href":"http:\/\/cordobainforma.info\/index.php\/wp-json\/wp\/v2\/tags?post=167556"}],"curies":[{"name":"wp","href":"https:\/\/api.w.org\/{rel}","templated":true}]}}