{"id":167509,"date":"2025-09-08T14:17:39","date_gmt":"2025-09-08T14:17:39","guid":{"rendered":"http:\/\/cordobainforma.info\/index.php\/2025\/09\/08\/detienen-a-dos-mexicanos-en-operativo-antidroga-contra-laboratorio-de-metanfetamina-en-europa\/"},"modified":"2025-09-08T14:17:39","modified_gmt":"2025-09-08T14:17:39","slug":"detienen-a-dos-mexicanos-en-operativo-antidroga-contra-laboratorio-de-metanfetamina-en-europa","status":"publish","type":"post","link":"http:\/\/cordobainforma.info\/index.php\/2025\/09\/08\/detienen-a-dos-mexicanos-en-operativo-antidroga-contra-laboratorio-de-metanfetamina-en-europa\/","title":{"rendered":"Detienen a dos mexicanos en operativo antidroga contra laboratorio de metanfetamina en Europa"},"content":{"rendered":"<p><img src=\"http:\/\/cordobainforma.info\/wp-content\/uploads\/2025\/09\/detienen-a-dos-mexicanos-en-operativo-antidroga-contra-laboratorio-de-metanfetamina-en-europa.jpg\"><\/p>\n<div><img src=\"http:\/\/cordobainforma.info\/wp-content\/uploads\/2025\/09\/detienen-a-dos-mexicanos-en-operativo-antidroga-contra-laboratorio-de-metanfetamina-en-europa-2.jpg\" class=\"ff-og-image-inserted\"><\/div>\n<div class=\"Text-root Text-type_5 ArticleView-text ViewText-root \">\n<p>Un operativo antidrogas en el norte de Polonia termin\u00f3 con la <a href=\"https:\/\/quintafuerza.mx\/mundo\/incautan-metanfetamina-y-precursores-en-narcolaboratorio-mexicano-en-polonia\/\" target=\"_blank\" rel=\"noopener noreferrer\">detenci\u00f3n<\/a> de tres personas, <strong>dos de ellas mexicanas,<\/strong> que, seg\u00fan medios del pa\u00eds norteamericano, estar\u00edan vinculados con el C\u00e1rtel de Sinaloa. En el procedimiento tambi\u00e9n fueron incautados productos para la fabricaci\u00f3n de estupefacientes.<\/p>\n<p>La Oficina Central de Investigaci\u00f3n de la Polic\u00eda polaca (CBSP, por sus siglas en polaco) <a href=\"https:\/\/cbsp.policja.pl\/cbs\/aktualnosci\/265981,CBSP-zlikwidowalo-laboratorium-metamfetaminy-Zatrzymano-trzech-mezczyzn-w-tym-ob.html\" target=\"_blank\" rel=\"noopener noreferrer\">detall\u00f3<\/a> que el operativo contra el \u00abnarcotr\u00e1fico organizado\u00bb fue realizado el 3 de septiembre en un laboratorio en la localidad&nbsp;de Swiecie, al norte del pa\u00eds. All\u00ed fueron hallados <strong>300 litros de metanfetamina l\u00edquida<\/strong>, productos semiacabados y <strong>tres toneladas de sustancias qu\u00edmicas<\/strong> que se utilizan en la producci\u00f3n de la droga, que podr\u00eda venderse a un valor de unos seis millones de&nbsp;eslotis (poco m\u00e1s de 1,6 millones de d\u00f3lares).<\/p>\n<p>Respecto de los apresados, un polaco y dos mexicanos, la CBSP se\u00f1al\u00f3 que estaban <strong>encargados de supervisar el proceso de producci\u00f3n<\/strong>, por lo que fueron puestos a disposici\u00f3n de la Fiscal\u00eda Nacional en Szczecin, que los acus\u00f3 de ser parte de \u00abun grupo delictivo organizado y de fabricar cantidades significativas de drogas\u00bb.<\/p>\n<p>Seg\u00fan se indic\u00f3, los mexicanos estar\u00edan vinculados con \u00abuno de los <strong>c\u00e1rteles de la droga m\u00e1s grandes de Norteam\u00e9rica<\/strong>\u00ab, aunque las autoridades polacas no aclararon de cu\u00e1l se trata. Sin embargo, las especulaciones de los medios de M\u00e9xico <a href=\"https:\/\/www.milenio.com\/internacional\/esto-sabemos-del-laboratorio-ligado-al-cartel-de-sinaloa-en-polonia\" target=\"_blank\" rel=\"noopener noreferrer\">apuntan<\/a>&nbsp;al <strong>C\u00e1rtel de Sinaloa<\/strong>, por su expansi\u00f3n en Europa en busca de nuevas rutas y centros de producci\u00f3n.<\/p>\n<\/div>\n","protected":false},"excerpt":{"rendered":"<p>Un operativo antidrogas en el norte de Polonia termin\u00f3 con la detenci\u00f3n de tres personas, dos de ellas mexicanas, que, seg\u00fan medios del pa\u00eds norteamericano, estar\u00edan vinculados con el C\u00e1rtel de Sinaloa. En el procedimiento tambi\u00e9n fueron incautados productos para la fabricaci\u00f3n de estupefacientes. La Oficina Central de Investigaci\u00f3n de la Polic\u00eda polaca (CBSP, por [&hellip;]<\/p>\n","protected":false},"author":1,"featured_media":167510,"comment_status":"closed","ping_status":"closed","sticky":false,"template":"","format":"standard","meta":[],"categories":[22],"tags":[],"_links":{"self":[{"href":"http:\/\/cordobainforma.info\/index.php\/wp-json\/wp\/v2\/posts\/167509"}],"collection":[{"href":"http:\/\/cordobainforma.info\/index.php\/wp-json\/wp\/v2\/posts"}],"about":[{"href":"http:\/\/cordobainforma.info\/index.php\/wp-json\/wp\/v2\/types\/post"}],"author":[{"embeddable":true,"href":"http:\/\/cordobainforma.info\/index.php\/wp-json\/wp\/v2\/users\/1"}],"replies":[{"embeddable":true,"href":"http:\/\/cordobainforma.info\/index.php\/wp-json\/wp\/v2\/comments?post=167509"}],"version-history":[{"count":0,"href":"http:\/\/cordobainforma.info\/index.php\/wp-json\/wp\/v2\/posts\/167509\/revisions"}],"wp:featuredmedia":[{"embeddable":true,"href":"http:\/\/cordobainforma.info\/index.php\/wp-json\/wp\/v2\/media\/167510"}],"wp:attachment":[{"href":"http:\/\/cordobainforma.info\/index.php\/wp-json\/wp\/v2\/media?parent=167509"}],"wp:term":[{"taxonomy":"category","embeddable":true,"href":"http:\/\/cordobainforma.info\/index.php\/wp-json\/wp\/v2\/categories?post=167509"},{"taxonomy":"post_tag","embeddable":true,"href":"http:\/\/cordobainforma.info\/index.php\/wp-json\/wp\/v2\/tags?post=167509"}],"curies":[{"name":"wp","href":"https:\/\/api.w.org\/{rel}","templated":true}]}}