{"id":167505,"date":"2025-09-08T05:40:17","date_gmt":"2025-09-08T05:40:17","guid":{"rendered":"https:\/\/www.mujerhoy.com\/vivir\/decoracion\/mesa-plegable-zara-home-barata-preciosa-vajillas-platos-bonitos-menos-10-euros-20250908142227-nt.html"},"modified":"2025-09-08T05:40:17","modified_gmt":"2025-09-08T05:40:17","slug":"ni-ikea-ni-primark-zara-home-tiene-una-preciosa-mesa-de-comedor-plegable-rebajada-y-las-vajillas-mas-baratas-y-bonitas-del-otono","status":"publish","type":"post","link":"http:\/\/cordobainforma.info\/index.php\/2025\/09\/08\/ni-ikea-ni-primark-zara-home-tiene-una-preciosa-mesa-de-comedor-plegable-rebajada-y-las-vajillas-mas-baratas-y-bonitas-del-otono\/","title":{"rendered":"Ni IKEA ni Primark: Zara Home tiene una preciosa mesa de comedor plegable rebajada y las vajillas m\u00e1s baratas y bonitas del oto\u00f1o"},"content":{"rendered":"<div class=\"media_block\"><\/div>\n<p><!-- AUTHOR --><\/p>\n<div class=\"voc-author-timesocial \">\n<!-- AUTHOR --><\/p>\n<div class=\"voc-author-timesocial__signature \">\n<!-- IMAGE AUTHOR -->\n<picture class=\"voc-image-signature\">\n<img class=\"voc-image-signature__img\" src=\"http:\/\/cordobainforma.info\/wp-content\/uploads\/2025\/09\/ni-ikea-ni-primark-zara-home-tiene-una-preciosa-mesa-de-comedor-plegable-rebajada-y-las-vajillas-mas-baratas-y-bonitas-del-otono.jpg\" alt=\"Ana Calvo\">\n<\/picture>\n<!-- INFO AUTHOR --><\/p>\n<div class=\"voc-author-timesocial__info\" data-mrf-recirculation=\"Autor\">\n<div class=\"voc-author-info\">\n<author><br \/>\n<a class=\"voc-author\" href=\"https:\/\/www.mujerhoy.com\/autor\/ana-calvo-1186.html\">Ana Calvo<\/a><br \/>\n<\/author><br \/>\n<!-- TIME --><br \/>\n<time datetime=\"2025-09-08T05:40:17Z\" data-timestamp><br \/>\nPublicado \u00b7 <span data-voc-date-modified-short> 8 de septiembre de 2025, 07:40 h <\/span><br \/>\n<\/time>\n<\/div>\n<\/div>\n<\/div><\/div>\n<p><!-- COMPONENTS --><\/p>\n<p class=\"voc-paragraph\">La rentr\u00e9e, la vuelta al cole, las rutinas y la vor\u00e1gine de septiembre nos han hecho olvidar de un d\u00eda para otro el verano. Ya no pensamos en <a href=\"https:\/\/www.mujerhoy.com\/vivir\/decoracion\/tendencias-deco-verano-2025-estilo-mediterraneo-claves-casa-bonita-20250618160344-nt.html\" title=\"www.mujerhoy.com\" data-voc-vtm-id=\"in-text-traffic\" data-mrf-link=\"www.mujerhoy.com\">el estilo Mediterr\u00e1neo<\/a> ni en el <a href=\"https:\/\/www.mujerhoy.com\/vivir\/decoracion\/tendencia-deco-bonita-verano-inspiracion-casa-abuela-vintage-20250807140002-nt.html\" title=\"www.mujerhoy.com\" data-voc-vtm-id=\"in-text-traffic\" data-mrf-link=\"www.mujerhoy.com\">Coastal Grandma<\/a> y estamos organizando ya el cambio de armario. Nos hemos entregado a las <a href=\"https:\/\/www.mujerhoy.com\/vivir\/decoracion\/tendencias-decoracion-otono-2025-que-colores-se-llevan-estilo-casa-bonita-20250825133420-nt.html\" title=\"www.mujerhoy.com\" data-voc-vtm-id=\"in-text-traffic\" data-mrf-link=\"www.mujerhoy.com\">tendencias deco del oto\u00f1o<\/a> y eso pasa por <strong>renovar los b\u00e1sicos del hogar<\/strong> para vestirlo de nueva temporada.<\/p>\n<p class=\"voc-paragraph\">Entre estas <strong>nuevas tendencias deco para el oto\u00f1o<\/strong>, el verde protagoniza la paleta crom\u00e1tica y los estilos inspirados en las casas de campo de nuestras abuelas toman protagonismo. La calidez cotidiana manda, como lo hacen el <a href=\"https:\/\/www.mujerhoy.com\/vivir\/decoracion\/vajillas-duralex-baratas-iguales-lefties-home-platos-no-se-rompen-20250716095924-nt.html\" data-voc-vtm-id=\"in-text-traffic\" title=\"menaje de aires retro\">menaje de aires retro<\/a>, la madera o lo que los expertos llamamos imperfecci\u00f3n controlada. <\/p>\n<div class=\"v-c-cmp v-c-cmp--t1 \">\n<div class=\"v-cmp-rld v-cmp-rld--2 \">\n<div class=\"v-cnt-m v-cnt-m--m\">\n<div class=\"v-cnt-m__c\">\n<div class=\"v-cnt-m__w v-cnt-m__w--1\">\n<p class=\"v-cnt-m__t\">\nTAMBI\u00c9N TE INTERESA\n<\/p>\n<\/div>\n<\/div>\n<\/div>\n<div class=\"v-g v-g--2-c v-g--bdr-min-xs\">\n<div class=\"v-g__c \">\n<article class=\"v-a v-a--cmp-rld v-a--cmp-rld-2 v-a--p-l\">\n<div class=\"v-a-img-c\">\n<figure class=\"v-a-fig\">\n<a href=\"https:\/\/www.mujerhoy.com\/vivir\/decoracion\/que-son-conversation-pits-tendencia-deco-otono-salones-estilo-retro-20250902135956-nt.html#vtm_modulosEngag=mod-rel:vivir:noticia:1:cmp:2-not\" class=\"v-a-link\" title=\"Qu\u00e9 son los conversation pits, la inesperada tendencia deco para el sal\u00f3n que va a arrasar este oto\u00f1o 2025\"><br \/>\n<img loading=\"lazy\" class=\"v-a-img\" src=\"http:\/\/cordobainforma.info\/wp-content\/uploads\/2025\/09\/ni-ikea-ni-primark-zara-home-tiene-una-preciosa-mesa-de-comedor-plegable-rebajada-y-las-vajillas-mas-baratas-y-bonitas-del-otono-1.jpg\" alt=\"Qu\u00e9 son los conversation pits, la inesperada tendencia deco para el sal\u00f3n que va a arrasar este oto\u00f1o 2025\"><br \/>\n<\/a><br \/>\n<\/figure>\n<\/div>\n<\/article>\n<\/div>\n<div class=\"v-g__c \">\n<article class=\"v-a v-a--cmp-rld v-a--cmp-rld-2 v-a--p-l\">\n<div class=\"v-a-img-c\">\n<figure class=\"v-a-fig\">\n<a href=\"https:\/\/www.mujerhoy.com\/vivir\/decoracion\/mueble-favorito-abuela-tendencia-decoracion-camareras-bonitas-baratas-20250818140140-nt.html#vtm_modulosEngag=mod-rel:vivir:noticia:2:cmp:2-not\" class=\"v-a-link\" title=\"Por qu\u00e9 el mueble favorito de tu abuela es tendencia: bonito, funcional y perfecto para casas peque\u00f1as\"><br \/>\n<img loading=\"lazy\" class=\"v-a-img\" src=\"http:\/\/cordobainforma.info\/wp-content\/uploads\/2025\/09\/ni-ikea-ni-primark-zara-home-tiene-una-preciosa-mesa-de-comedor-plegable-rebajada-y-las-vajillas-mas-baratas-y-bonitas-del-otono-2.jpg\" alt=\"Por qu\u00e9 el mueble favorito de tu abuela es tendencia: bonito, funcional y perfecto para casas peque\u00f1as\"><br \/>\n<\/a><br \/>\n<\/figure>\n<\/div>\n<\/article>\n<\/div>\n<\/div>\n<\/div>\n<\/div>\n<p class=\"voc-paragraph\">En verano la terraza y el jard\u00edn se convierten en los absolutos protagonistas, pero <strong>el oto\u00f1o encuentra su lugar alrededor de una mesa<\/strong>, da igual que est\u00e9 en el comedor, en la cocina o en el sal\u00f3n. Y <a href=\"https:\/\/www.mujerhoy.com\/vivir\/decoracion\/marta-ortega-zara-home-inspiracion-nueva-coleccion-decoracion-casa-impresionante-paris-20250827123215-nt.html\" title=\"www.mujerhoy.com\" data-voc-vtm-id=\"in-text-traffic\" data-mrf-link=\"www.mujerhoy.com\">en Zara Home<\/a> hemos encontrado las mejores ideas para trasladar esas tendencias de temporada a nuestro hogar.<\/p>\n<p class=\"voc-paragraph\">No es la primera vez que hablamos aqu\u00ed de la importancia de manejar <a href=\"https:\/\/www.mujerhoy.com\/vivir\/decoracion\/como-decorar-mesas-bonitas-fotos-ideas-trucos-deco-arrasan-instagram-20211115100514-nt.html\" title=\"www.mujerhoy.com\" data-voc-vtm-id=\"in-text-traffic\" data-mrf-link=\"www.mujerhoy.com\">el arte de la buena mesa<\/a>. <strong>Poner mesas bonitas<\/strong> y elegir con cari\u00f1o manteles, vajillas y detalles es un homenaje a nuestros comensales, da igual que se trate de una celebraci\u00f3n especial que la reuni\u00f3n familiar de cada noche. <\/p>\n<p class=\"voc-paragraph\">Con esa mirada puesta en el pasado que ha recuperado el gusto por las vajillas de nuestra abuela (si no, qui\u00e9n explica <a href=\"https:\/\/www.mujerhoy.com\/vivir\/decoracion\/donde-comprar-platos-duralex-vajilla-abuela-no-se-rompe-tendencias-deco-mesas-bonitas-20240826103144-nt.html\" title=\"www.mujerhoy.com\" data-voc-vtm-id=\"in-text-traffic\" data-mrf-link=\"www.mujerhoy.com\">el fen\u00f3meno Duralex<\/a> entre los millennials), Zara Home ha lanzado una <strong>nueva colecci\u00f3n de menaje de mesa<\/strong> de inspiraci\u00f3n retro que har\u00e1 que nos olvidemos de los chollos que otros a\u00f1os hemos buscado primero en Primark Home o en IKEA.<\/p>\n<div class=\"v-c-cmp v-c-cmp--s\">\n<div class=\"v-cmp-m \">\n<article class=\"v-a v-a--cmp-m v-c-cmp--m-z\">\n<div class=\"v-a-img-c \">\n<div class=\"v-a-fig\">\n<button class=\"v-a-link\" popovertarget=\"photo-322\"><br \/>\n<img loading=\"lazy\" src=\"http:\/\/cordobainforma.info\/wp-content\/uploads\/2025\/09\/ni-ikea-ni-primark-zara-home-tiene-una-preciosa-mesa-de-comedor-plegable-rebajada-y-las-vajillas-mas-baratas-y-bonitas-del-otono-3.jpg\" class=\"v-a-img\" width=\"650\" height=\"650\" alt=\"Vajilla de porcelana con flores de Zara Home.\" data-voc-vtm-id=\"in-text-traffic\"> <\/button><figcaption class=\"v-fc\">\n<span class=\"v-fc__t\"><br \/>\nVajilla de porcelana con flores de Zara Home.<br \/>\n<\/span><br \/>\n<\/figcaption><\/div>\n<\/div>\n<div id=\"photo-322\" popover class=\"v-mdl v-mdl--fw\">\n<button class=\"v-x\" popovertarget=\"photo-322\" popovertargetaction=\"hide\"><br \/>\n<span class=\"v-i\"><br \/>\n<svg width=\"24\" height=\"23.996\" viewBox=\"0 0 24 23.996\">\n<path data-name=\"Uni\u00f3n 29\" d=\"M12,14.03,2.031,24,0,21.963,9.968,12,0,2.033,2.031,0,12,9.966,21.969,0,24,2.033,14.032,12,24,21.963,21.969,24Z\" \/>\n<\/svg><br \/>\n<\/span><br \/>\n<\/button><\/p>\n<div class=\"v-mdl__c\">\n<div class=\"v-mdl__w\">\n<img loading=\"lazy\" src=\"http:\/\/cordobainforma.info\/wp-content\/uploads\/2025\/09\/ni-ikea-ni-primark-zara-home-tiene-una-preciosa-mesa-de-comedor-plegable-rebajada-y-las-vajillas-mas-baratas-y-bonitas-del-otono-3.jpg\" class=\"v-mdl__img-z\" width=\"650\" height=\"650\" alt>\n<\/div>\n<\/div>\n<\/div>\n<p><span class=\"v-bdp\"><\/span><br \/>\n<\/article>\n<\/div>\n<\/div>\n<p><h3 class=\"v-cmp-suh\">\nLa vajilla m\u00e1s bonita del oto\u00f1o est\u00e1 en Zara Home<br \/>\n<\/h3>\n<\/p>\n<p class=\"voc-paragraph\">Zara Home reafirma <strong>la influencia de la jefa de Inditex, Marta Ortega<\/strong>, en su cat\u00e1logo y firma una nueva colaboraci\u00f3n ic\u00f3nica. En esta ocasi\u00f3n, lo hace con el chef australiano James Henry, actualmente al frente de Le Doyenn\u00e9, un restaurante singular ubicado en un antiguo granero restaurado al sur de Par\u00eds. El resultado es una gu\u00eda de recetas que se disfrutan tambi\u00e9n con los ojos gracias al mise en place que se hace en estas vajillas ideales que han pasado a ser nuestras favoritas para las mesas de oto\u00f1o.<\/p>\n<p class=\"voc-paragraph\">La gran protagonista de esta nueva colecci\u00f3n de menaje de mesa de Zara Home es una delicada <strong>vajilla de porcelana 100%<\/strong> (no apta, claro, para lavavajillas ni para microondas) de bordes festoneados dorados y con detalle estampado de flores que bien podr\u00eda haber salido de la alacena de nuestras abuelas. Su precio, a partir de 6.99 euros la pieza.<\/p>\n<div class=\"v-c-cmp v-c-cmp--s\">\n<div class=\"v-cmp-m \">\n<article class=\"v-a v-a--cmp-m v-c-cmp--m-z\">\n<div class=\"v-a-img-c \">\n<div class=\"v-a-fig\">\n<button class=\"v-a-link\" popovertarget=\"photo-708\"><br \/>\n<img loading=\"lazy\" src=\"http:\/\/cordobainforma.info\/wp-content\/uploads\/2025\/09\/ni-ikea-ni-primark-zara-home-tiene-una-preciosa-mesa-de-comedor-plegable-rebajada-y-las-vajillas-mas-baratas-y-bonitas-del-otono-4.jpg\" class=\"v-a-img\" width=\"650\" height=\"650\" alt=\"La mesa plegable de Zara Home est\u00e1 hecha en madera de olmo y rebajada a 500 euros.\" data-voc-vtm-id=\"in-text-traffic\"> <\/button><figcaption class=\"v-fc\">\n<span class=\"v-fc__t\"><br \/>\nLa mesa plegable de Zara Home est\u00e1 hecha en madera de olmo y rebajada a 500 euros.<br \/>\n<\/span><br \/>\n<span class=\"v-fc__p\"><br \/>\nZara Home.<br \/>\n<\/span><br \/>\n<\/figcaption><\/div>\n<\/div>\n<div id=\"photo-708\" popover class=\"v-mdl v-mdl--fw\">\n<button class=\"v-x\" popovertarget=\"photo-708\" popovertargetaction=\"hide\"><br \/>\n<span class=\"v-i\"><br \/>\n<svg width=\"24\" height=\"23.996\" viewBox=\"0 0 24 23.996\">\n<path data-name=\"Uni\u00f3n 29\" d=\"M12,14.03,2.031,24,0,21.963,9.968,12,0,2.033,2.031,0,12,9.966,21.969,0,24,2.033,14.032,12,24,21.963,21.969,24Z\" \/>\n<\/svg><br \/>\n<\/span><br \/>\n<\/button><\/p>\n<div class=\"v-mdl__c\">\n<div class=\"v-mdl__w\">\n<img loading=\"lazy\" src=\"http:\/\/cordobainforma.info\/wp-content\/uploads\/2025\/09\/ni-ikea-ni-primark-zara-home-tiene-una-preciosa-mesa-de-comedor-plegable-rebajada-y-las-vajillas-mas-baratas-y-bonitas-del-otono-4.jpg\" class=\"v-mdl__img-z\" width=\"650\" height=\"650\" alt>\n<\/div>\n<\/div>\n<\/div>\n<p><span class=\"v-bdp\"><\/span><br \/>\n<\/article>\n<\/div>\n<\/div>\n<p><h3 class=\"v-cmp-suh\">\nLa mesa plegable de Zara Home que es mejor que las de IKEA<br \/>\n<\/h3>\n<\/p>\n<p class=\"voc-paragraph\">Adem\u00e1s, en esta secci\u00f3n de Culinary Stories de Zara Home encontramos tambi\u00e9n <strong>para nuestras mesas de oto\u00f1o<\/strong> vasos y copas de vidrio con relieve, fruteros de loza, fuentes y paneros de metal, platos de porcelana bone china lisos y atemporales, bandejas irregulares en madera de mango o sets de cubiertos de estilo vintage con el mango en efecto nacarado.<\/p>\n<p class=\"voc-paragraph\">Y por si no tuvi\u00e9ramos suficiente con renovar nuestro fondo de alacena con estas preciosas vajillas para el oto\u00f1o, Zara Home nos propone una transformaci\u00f3n neo-rustic chic del comedor rebajando a de 649 a 500 euros <strong>una de las mesas m\u00e1s bonitas y pr\u00e1cticas<\/strong> de su colecci\u00f3n, perfecta para estancias peque\u00f1as: un mueble hecho en madera de olmo sin tratar que se pliega tanto las patas como el tablero por ambos lados, pudiendo elegir entre su versi\u00f3n ovalada extendida o rectangular cuando est\u00e1 cerrada. <\/p>\n<div class=\"v-c-cmp v-c-cmp--t1 \">\n<div class=\"v-cmp-rld v-cmp-rld--2 \">\n<div class=\"v-cnt-m v-cnt-m--m\">\n<div class=\"v-cnt-m__c\">\n<div class=\"v-cnt-m__w v-cnt-m__w--1\">\n<p class=\"v-cnt-m__t\">\nTAMBI\u00c9N TE INTERESA\n<\/p>\n<\/div>\n<\/div>\n<\/div>\n<div class=\"v-g v-g--2-c v-g--bdr-min-xs\">\n<div class=\"v-g__c \">\n<article class=\"v-a v-a--cmp-rld v-a--cmp-rld-2 v-a--p-l\">\n<div class=\"v-a-img-c\">\n<figure class=\"v-a-fig\">\n<a href=\"https:\/\/www.mujerhoy.com\/vivir\/decoracion\/ikea-lanza-mueble-practico-casas-pequenas-sillon-cama-plegable-barato-20250903142138-nt.html#vtm_modulosEngag=mod-rel:vivir:noticia:1:cmp:2-not\" class=\"v-a-link\" title=\"IKEA lanza el mueble m\u00e1s pr\u00e1ctico para casas peque\u00f1as: un sill\u00f3n cama plegable barat\u00edsimo que est\u00e1 arrasando\"><br \/>\n<img loading=\"lazy\" class=\"v-a-img\" src=\"http:\/\/cordobainforma.info\/wp-content\/uploads\/2025\/09\/ni-ikea-ni-primark-zara-home-tiene-una-preciosa-mesa-de-comedor-plegable-rebajada-y-las-vajillas-mas-baratas-y-bonitas-del-otono-5.jpg\" alt=\"IKEA lanza el mueble m\u00e1s pr\u00e1ctico para casas peque\u00f1as: un sill\u00f3n cama plegable barat\u00edsimo que est\u00e1 arrasando\"><br \/>\n<\/a><br \/>\n<\/figure>\n<\/div>\n<\/article>\n<\/div>\n<div class=\"v-g__c \">\n<article class=\"v-a v-a--cmp-rld v-a--cmp-rld-2 v-a--p-l\">\n<div class=\"v-a-img-c\">\n<figure class=\"v-a-fig\">\n<a href=\"https:\/\/www.mujerhoy.com\/vivir\/decoracion\/tendencias-decoracion-otono-2025-que-colores-se-llevan-estilo-casa-bonita-20250825133420-nt.html#vtm_modulosEngag=mod-rel:vivir:noticia:2:cmp:2-not\" class=\"v-a-link\" title=\"Las tendencias deco del oto\u00f1o 2025: qu\u00e9 colores se llevan y el estilo que se inspira en la casa del pueblo de tu abuela\"><br \/>\n<img loading=\"lazy\" class=\"v-a-img\" src=\"http:\/\/cordobainforma.info\/wp-content\/uploads\/2025\/09\/ni-ikea-ni-primark-zara-home-tiene-una-preciosa-mesa-de-comedor-plegable-rebajada-y-las-vajillas-mas-baratas-y-bonitas-del-otono-6.jpg\" alt=\"Las tendencias deco del oto\u00f1o 2025: qu\u00e9 colores se llevan y el estilo que se inspira en la casa del pueblo de tu abuela\"><br \/>\n<\/a><br \/>\n<\/figure>\n<\/div>\n<\/article>\n<\/div>\n<\/div>\n<\/div>\n<\/div>\n","protected":false},"excerpt":{"rendered":"<p>Ana Calvo Publicado \u00b7 8 de septiembre de 2025, 07:40 h La rentr\u00e9e, la vuelta al cole, las rutinas y la vor\u00e1gine de septiembre nos han hecho olvidar de un d\u00eda para otro el verano. Ya no pensamos en el estilo Mediterr\u00e1neo ni en el Coastal Grandma y estamos organizando ya el cambio de armario. [&hellip;]<\/p>\n","protected":false},"author":1,"featured_media":167506,"comment_status":"open","ping_status":"closed","sticky":false,"template":"","format":"standard","meta":[],"categories":[18],"tags":[],"_links":{"self":[{"href":"http:\/\/cordobainforma.info\/index.php\/wp-json\/wp\/v2\/posts\/167505"}],"collection":[{"href":"http:\/\/cordobainforma.info\/index.php\/wp-json\/wp\/v2\/posts"}],"about":[{"href":"http:\/\/cordobainforma.info\/index.php\/wp-json\/wp\/v2\/types\/post"}],"author":[{"embeddable":true,"href":"http:\/\/cordobainforma.info\/index.php\/wp-json\/wp\/v2\/users\/1"}],"replies":[{"embeddable":true,"href":"http:\/\/cordobainforma.info\/index.php\/wp-json\/wp\/v2\/comments?post=167505"}],"version-history":[{"count":0,"href":"http:\/\/cordobainforma.info\/index.php\/wp-json\/wp\/v2\/posts\/167505\/revisions"}],"wp:featuredmedia":[{"embeddable":true,"href":"http:\/\/cordobainforma.info\/index.php\/wp-json\/wp\/v2\/media\/167506"}],"wp:attachment":[{"href":"http:\/\/cordobainforma.info\/index.php\/wp-json\/wp\/v2\/media?parent=167505"}],"wp:term":[{"taxonomy":"category","embeddable":true,"href":"http:\/\/cordobainforma.info\/index.php\/wp-json\/wp\/v2\/categories?post=167505"},{"taxonomy":"post_tag","embeddable":true,"href":"http:\/\/cordobainforma.info\/index.php\/wp-json\/wp\/v2\/tags?post=167505"}],"curies":[{"name":"wp","href":"https:\/\/api.w.org\/{rel}","templated":true}]}}