{"id":167501,"date":"2025-09-08T12:08:35","date_gmt":"2025-09-08T12:08:35","guid":{"rendered":"https:\/\/www.mujerhoy.com\/moda\/no-te-pierdas\/massimo-dutti-basicos-armario-capsula-20250908145534-nt.html"},"modified":"2025-09-08T12:08:35","modified_gmt":"2025-09-08T12:08:35","slug":"massimo-dutti-lo-ha-vuelto-a-hacer-seis-basicos-que-he-incluido-a-mi-armario-capsula","status":"publish","type":"post","link":"http:\/\/cordobainforma.info\/index.php\/2025\/09\/08\/massimo-dutti-lo-ha-vuelto-a-hacer-seis-basicos-que-he-incluido-a-mi-armario-capsula\/","title":{"rendered":"Massimo Dutti lo ha vuelto a hacer: seis b\u00e1sicos que he incluido a mi armario c\u00e1psula"},"content":{"rendered":"<div class=\"media_block\"><\/div>\n<p><!-- AUTHOR --><\/p>\n<div class=\"voc-author-timesocial \">\n<!-- AUTHOR --><\/p>\n<div class=\"voc-author-timesocial__signature \">\n<!-- IMAGE AUTHOR -->\n<picture class=\"voc-image-signature\">\n<img class=\"voc-image-signature__img\" src=\"http:\/\/cordobainforma.info\/wp-content\/uploads\/2025\/09\/massimo-dutti-lo-ha-vuelto-a-hacer-seis-basicos-que-he-incluido-a-mi-armario-capsula.jpg\" alt=\"Lauren Izquierdo\">\n<\/picture>\n<!-- INFO AUTHOR --> <\/div><\/div>\n<p><!-- COMPONENTS --><\/p>\n<p class=\"voc-paragraph\">El oto\u00f1o trae consigo <strong>el mismo reto de siempre<\/strong>: vestirse con b\u00e1sicos que funcionen tanto en los \u00faltimos d\u00edas de calor como en los primeros de fr\u00edo. Y aunque puede sonar complicado, es posible. La <strong>clave<\/strong> est\u00e1 en contar con piezas vers\u00e1tiles que re\u00fanan lo mejor de ambos mundos en cuanto a frescura y comodidad, y tambi\u00e9n calidez y sofisticaci\u00f3n. Es en esta \u00e9poca cuando m\u00e1s se agradece un <a href=\"https:\/\/www.mujerhoy.com\/moda\/no-te-pierdas\/basicos-armario-capsula-parecen-disenador-20250210133902-nt.html\" title=\"www.mujerhoy.com\" data-voc-vtm-id=\"in-text-traffic\" data-mrf-link=\"www.mujerhoy.com\">armario c\u00e1psula<\/a> bien planteado, donde todo encaje con cualquier look que tengas en mente.<\/p>\n<p class=\"voc-paragraph\">No obstante, hay que tener en cuenta que la <strong>verdadera elegancia<\/strong> no est\u00e1 solo en qu\u00e9 prendas elegimos, sino en la riqueza de los cortes, los tejidos y la manera en que las llevamos. Por lo que, mi consejo es que apuestes por <strong>formas sencillas<\/strong>, colores neutros y materiales de calidad, porque son los que logran un <strong>aire atemporal<\/strong> que nunca falla. <\/p>\n<div class=\"v-c-cmp v-c-cmp--t1 \">\n<div class=\"v-cmp-rld v-cmp-rld--2 \">\n<div class=\"v-cnt-m v-cnt-m--m\">\n<div class=\"v-cnt-m__c\">\n<div class=\"v-cnt-m__w v-cnt-m__w--1\">\n<p class=\"v-cnt-m__t\">\nTAMBI\u00c9N TE INTERESA\n<\/p>\n<\/div>\n<\/div>\n<\/div>\n<div class=\"v-g v-g--2-c v-g--bdr-min-xs\">\n<div class=\"v-g__c \">\n<article class=\"v-a v-a--cmp-rld v-a--cmp-rld-2 v-a--p-l\">\n<div class=\"v-a-img-c\">\n<figure class=\"v-a-fig\">\n<a href=\"https:\/\/www.mujerhoy.com\/moda\/no-te-pierdas\/nuevo-massimo-dutti-vestidos-blancos-verano-20240802232400-nt.html#vtm_modulosEngag=mod-rel:moda:noticia:1:cmp:2-not\" class=\"v-a-link\" title=\"Lo nuevo de Massimo Dutti: bikinis blancos, vestidos lenceros elegantes y bolsos de verano que llevar\u00e1s en oto\u00f1o\"><br \/>\n<img loading=\"lazy\" class=\"v-a-img\" src=\"http:\/\/cordobainforma.info\/wp-content\/uploads\/2025\/09\/massimo-dutti-lo-ha-vuelto-a-hacer-seis-basicos-que-he-incluido-a-mi-armario-capsula-1.jpg\" alt=\"Lo nuevo de Massimo Dutti: bikinis blancos, vestidos lenceros elegantes y bolsos de verano que llevar\u00e1s en oto\u00f1o\"><br \/>\n<\/a><br \/>\n<\/figure>\n<\/div>\n<\/article>\n<\/div>\n<div class=\"v-g__c \">\n<article class=\"v-a v-a--cmp-rld v-a--cmp-rld-2 v-a--p-l\">\n<div class=\"v-a-img-c\">\n<figure class=\"v-a-fig\">\n<a href=\"https:\/\/www.mujerhoy.com\/moda\/no-te-pierdas\/nuevo-massimo-dutti-camisas-blancas-baratas-20240823013715-nt.html#vtm_modulosEngag=mod-rel:moda:noticia:2:cmp:2-not\" class=\"v-a-link\" title=\"Las novedades de Massimo Dutti para que renueves por completo tu armario: vestidos midi, zapatos negros y faldas largas\"><br \/>\n<img loading=\"lazy\" class=\"v-a-img\" src=\"http:\/\/cordobainforma.info\/wp-content\/uploads\/2025\/09\/massimo-dutti-lo-ha-vuelto-a-hacer-seis-basicos-que-he-incluido-a-mi-armario-capsula-2.jpg\" alt=\"Las novedades de Massimo Dutti para que renueves por completo tu armario: vestidos midi, zapatos negros y faldas largas\"><br \/>\n<\/a><br \/>\n<\/figure>\n<\/div>\n<\/article>\n<\/div>\n<\/div>\n<\/div>\n<\/div>\n<p class=\"voc-paragraph\">En esa b\u00fasqueda de b\u00e1sicos que sean realmente duraderos y ponibles, <strong>Massimo Dutti<\/strong> se convierte en un referente. La firma espa\u00f1ola ha sabido posicionarse como <strong>sin\u00f3nimo de estilo cl\u00e1sico renovado<\/strong>, ofreciendo prendas que funcionan temporada tras temporada y que no te puedes sacar de la cabeza.<\/p>\n<p><h3 class=\"v-cmp-suh\">\nLos mejores b\u00e1sicos de Massimo Dutti<br \/>\n<\/h3>\n<\/p>\n<div class=\"v-c-cmp v-c-cmp--s\">\n<div class=\"v-cmp-m \">\n<article class=\"v-a v-a--cmp-m v-c-cmp--m-z\">\n<div class=\"v-a-img-c \">\n<div class=\"v-a-fig\">\n<button class=\"v-a-link\" popovertarget=\"photo-209\"><br \/>\n<img loading=\"lazy\" src=\"http:\/\/cordobainforma.info\/wp-content\/uploads\/2025\/09\/massimo-dutti-lo-ha-vuelto-a-hacer-seis-basicos-que-he-incluido-a-mi-armario-capsula-3.jpg\" class=\"v-a-img\" width=\"650\" height=\"650\" alt=\"Parka de piel, 399 euros.\" data-voc-vtm-id=\"in-text-traffic\"> <\/button><figcaption class=\"v-fc\">\n<span class=\"v-fc__t\"><br \/>\nParka de piel, 399 euros.<br \/>\n<\/span><br \/>\n<\/figcaption><\/div>\n<\/div>\n<div id=\"photo-209\" popover class=\"v-mdl v-mdl--fw\">\n<button class=\"v-x\" popovertarget=\"photo-209\" popovertargetaction=\"hide\"><br \/>\n<span class=\"v-i\"><br \/>\n<svg width=\"24\" height=\"23.996\" viewBox=\"0 0 24 23.996\">\n<path data-name=\"Uni\u00f3n 29\" d=\"M12,14.03,2.031,24,0,21.963,9.968,12,0,2.033,2.031,0,12,9.966,21.969,0,24,2.033,14.032,12,24,21.963,21.969,24Z\" \/>\n<\/svg><br \/>\n<\/span><br \/>\n<\/button><\/p>\n<div class=\"v-mdl__c\">\n<div class=\"v-mdl__w\">\n<img loading=\"lazy\" src=\"http:\/\/cordobainforma.info\/wp-content\/uploads\/2025\/09\/massimo-dutti-lo-ha-vuelto-a-hacer-seis-basicos-que-he-incluido-a-mi-armario-capsula-3.jpg\" class=\"v-mdl__img-z\" width=\"650\" height=\"650\" alt>\n<\/div>\n<\/div>\n<\/div>\n<p><span class=\"v-bdp\"><\/span><br \/>\n<\/article>\n<\/div>\n<\/div>\n<p class=\"voc-paragraph\"><strong>Parka de piel, 399 euros.<\/strong> Ya, es una inversi\u00f3n, pero una de las que merece y mucho la pena porque teniendo en cuenta que Massimo Dutti trabaja las pieles en el mismo lugar que Loewe te asegura una chaqueta de estas caracter\u00edsticas para la eternidad. <\/p>\n<div class=\"v-c-cmp v-c-cmp--s\">\n<div class=\"v-cmp-m \">\n<article class=\"v-a v-a--cmp-m v-c-cmp--m-z\">\n<div class=\"v-a-img-c \">\n<div class=\"v-a-fig\">\n<button class=\"v-a-link\" popovertarget=\"photo-280\"><br \/>\n<img loading=\"lazy\" src=\"http:\/\/cordobainforma.info\/wp-content\/uploads\/2025\/09\/massimo-dutti-lo-ha-vuelto-a-hacer-seis-basicos-que-he-incluido-a-mi-armario-capsula-4.jpg\" class=\"v-a-img\" width=\"650\" height=\"650\" alt=\"Gabardina, 169 euros.\" data-voc-vtm-id=\"in-text-traffic\"> <\/button><figcaption class=\"v-fc\">\n<span class=\"v-fc__t\"><br \/>\nGabardina, 169 euros.<br \/>\n<\/span><br \/>\n<\/figcaption><\/div>\n<\/div>\n<div id=\"photo-280\" popover class=\"v-mdl v-mdl--fw\">\n<button class=\"v-x\" popovertarget=\"photo-280\" popovertargetaction=\"hide\"><br \/>\n<span class=\"v-i\"><br \/>\n<svg width=\"24\" height=\"23.996\" viewBox=\"0 0 24 23.996\">\n<path data-name=\"Uni\u00f3n 29\" d=\"M12,14.03,2.031,24,0,21.963,9.968,12,0,2.033,2.031,0,12,9.966,21.969,0,24,2.033,14.032,12,24,21.963,21.969,24Z\" \/>\n<\/svg><br \/>\n<\/span><br \/>\n<\/button><\/p>\n<div class=\"v-mdl__c\">\n<div class=\"v-mdl__w\">\n<img loading=\"lazy\" src=\"http:\/\/cordobainforma.info\/wp-content\/uploads\/2025\/09\/massimo-dutti-lo-ha-vuelto-a-hacer-seis-basicos-que-he-incluido-a-mi-armario-capsula-4.jpg\" class=\"v-mdl__img-z\" width=\"650\" height=\"650\" alt>\n<\/div>\n<\/div>\n<\/div>\n<p><span class=\"v-bdp\"><\/span><br \/>\n<\/article>\n<\/div>\n<\/div>\n<p class=\"voc-paragraph\"><strong>Gabardina, 169 euros.<\/strong> Teniendo en cuenta que es \u00e9poca de gabardinas, mi consejo es que apuestes por una cuanto m\u00e1s atemporal posible. Son la mejor opci\u00f3n que nunca pasa de moda y que podr\u00e1s seguir usando con el paso de las temporadas y los a\u00f1os. Es una inversi\u00f3n segura. <\/p>\n<div class=\"v-c-cmp v-c-cmp--s\">\n<div class=\"v-cmp-m \">\n<article class=\"v-a v-a--cmp-m v-c-cmp--m-z\">\n<div class=\"v-a-img-c \">\n<div class=\"v-a-fig\">\n<button class=\"v-a-link\" popovertarget=\"photo-982\"><br \/>\n<img loading=\"lazy\" src=\"http:\/\/cordobainforma.info\/wp-content\/uploads\/2025\/09\/massimo-dutti-lo-ha-vuelto-a-hacer-seis-basicos-que-he-incluido-a-mi-armario-capsula-5.jpg\" class=\"v-a-img\" width=\"650\" height=\"650\" alt=\"Chaqueta doble botonadura, 149 euros.\" data-voc-vtm-id=\"in-text-traffic\"> <\/button><figcaption class=\"v-fc\">\n<span class=\"v-fc__t\"><br \/>\nChaqueta doble botonadura, 149 euros.<br \/>\n<\/span><br \/>\n<\/figcaption><\/div>\n<\/div>\n<div id=\"photo-982\" popover class=\"v-mdl v-mdl--fw\">\n<button class=\"v-x\" popovertarget=\"photo-982\" popovertargetaction=\"hide\"><br \/>\n<span class=\"v-i\"><br \/>\n<svg width=\"24\" height=\"23.996\" viewBox=\"0 0 24 23.996\">\n<path data-name=\"Uni\u00f3n 29\" d=\"M12,14.03,2.031,24,0,21.963,9.968,12,0,2.033,2.031,0,12,9.966,21.969,0,24,2.033,14.032,12,24,21.963,21.969,24Z\" \/>\n<\/svg><br \/>\n<\/span><br \/>\n<\/button><\/p>\n<div class=\"v-mdl__c\">\n<div class=\"v-mdl__w\">\n<img loading=\"lazy\" src=\"http:\/\/cordobainforma.info\/wp-content\/uploads\/2025\/09\/massimo-dutti-lo-ha-vuelto-a-hacer-seis-basicos-que-he-incluido-a-mi-armario-capsula-5.jpg\" class=\"v-mdl__img-z\" width=\"650\" height=\"650\" alt>\n<\/div>\n<\/div>\n<\/div>\n<p><span class=\"v-bdp\"><\/span><br \/>\n<\/article>\n<\/div>\n<\/div>\n<p class=\"voc-paragraph\"><strong>Chaqueta doble botonadura, 149 euros.<\/strong> Las americanas se reinventan para conseguir un aire distinto y con mucho rollo con el que consigas looks con lo mejor de los dos mundos en cuanto a versatilidad, elegancia y ponibilidad.<\/p>\n<div class=\"v-c-cmp v-c-cmp--s\">\n<div class=\"v-cmp-m \">\n<article class=\"v-a v-a--cmp-m v-c-cmp--m-z\">\n<div class=\"v-a-img-c \">\n<div class=\"v-a-fig\">\n<button class=\"v-a-link\" popovertarget=\"photo-22\"><br \/>\n<img loading=\"lazy\" src=\"http:\/\/cordobainforma.info\/wp-content\/uploads\/2025\/09\/massimo-dutti-lo-ha-vuelto-a-hacer-seis-basicos-que-he-incluido-a-mi-armario-capsula-6.jpg\" class=\"v-a-img\" width=\"650\" height=\"650\" alt=\"Pantal\u00f3n de traje, 88,95 euros.\" data-voc-vtm-id=\"in-text-traffic\"> <\/button><figcaption class=\"v-fc\">\n<span class=\"v-fc__t\"><br \/>\nPantal\u00f3n de traje, 88,95 euros.<br \/>\n<\/span><br \/>\n<\/figcaption><\/div>\n<\/div>\n<div id=\"photo-22\" popover class=\"v-mdl v-mdl--fw\">\n<button class=\"v-x\" popovertarget=\"photo-22\" popovertargetaction=\"hide\"><br \/>\n<span class=\"v-i\"><br \/>\n<svg width=\"24\" height=\"23.996\" viewBox=\"0 0 24 23.996\">\n<path data-name=\"Uni\u00f3n 29\" d=\"M12,14.03,2.031,24,0,21.963,9.968,12,0,2.033,2.031,0,12,9.966,21.969,0,24,2.033,14.032,12,24,21.963,21.969,24Z\" \/>\n<\/svg><br \/>\n<\/span><br \/>\n<\/button><\/p>\n<div class=\"v-mdl__c\">\n<div class=\"v-mdl__w\">\n<img loading=\"lazy\" src=\"http:\/\/cordobainforma.info\/wp-content\/uploads\/2025\/09\/massimo-dutti-lo-ha-vuelto-a-hacer-seis-basicos-que-he-incluido-a-mi-armario-capsula-6.jpg\" class=\"v-mdl__img-z\" width=\"650\" height=\"650\" alt>\n<\/div>\n<\/div>\n<\/div>\n<p><span class=\"v-bdp\"><\/span><br \/>\n<\/article>\n<\/div>\n<\/div>\n<p class=\"voc-paragraph\"><strong>Pantal\u00f3n de traje, 88,95 euros.<\/strong> Siguiendo con la pieza anterior, este pantal\u00f3n es perfecto para llevar solo con la americana, con camisas o blusas abullonadas. Tambi\u00e9n con tank tops. Le dar\u00e1s m\u00e1s uso del que piensas. <\/p>\n<div class=\"v-c-cmp v-c-cmp--s\">\n<div class=\"v-cmp-m \">\n<article class=\"v-a v-a--cmp-m v-c-cmp--m-z\">\n<div class=\"v-a-img-c \">\n<div class=\"v-a-fig\">\n<button class=\"v-a-link\" popovertarget=\"photo-168\"><br \/>\n<img loading=\"lazy\" src=\"http:\/\/cordobainforma.info\/wp-content\/uploads\/2025\/09\/massimo-dutti-lo-ha-vuelto-a-hacer-seis-basicos-que-he-incluido-a-mi-armario-capsula-7.jpg\" class=\"v-a-img\" width=\"650\" height=\"650\" alt=\"Camiseta de manga corta gris, 29,95 euros.\" data-voc-vtm-id=\"in-text-traffic\"> <\/button><figcaption class=\"v-fc\">\n<span class=\"v-fc__t\"><br \/>\nCamiseta de manga corta gris, 29,95 euros.<br \/>\n<\/span><br \/>\n<\/figcaption><\/div>\n<\/div>\n<div id=\"photo-168\" popover class=\"v-mdl v-mdl--fw\">\n<button class=\"v-x\" popovertarget=\"photo-168\" popovertargetaction=\"hide\"><br \/>\n<span class=\"v-i\"><br \/>\n<svg width=\"24\" height=\"23.996\" viewBox=\"0 0 24 23.996\">\n<path data-name=\"Uni\u00f3n 29\" d=\"M12,14.03,2.031,24,0,21.963,9.968,12,0,2.033,2.031,0,12,9.966,21.969,0,24,2.033,14.032,12,24,21.963,21.969,24Z\" \/>\n<\/svg><br \/>\n<\/span><br \/>\n<\/button><\/p>\n<div class=\"v-mdl__c\">\n<div class=\"v-mdl__w\">\n<img loading=\"lazy\" src=\"http:\/\/cordobainforma.info\/wp-content\/uploads\/2025\/09\/massimo-dutti-lo-ha-vuelto-a-hacer-seis-basicos-que-he-incluido-a-mi-armario-capsula-7.jpg\" class=\"v-mdl__img-z\" width=\"650\" height=\"650\" alt>\n<\/div>\n<\/div>\n<\/div>\n<p><span class=\"v-bdp\"><\/span><br \/>\n<\/article>\n<\/div>\n<\/div>\n<p class=\"voc-paragraph\"><strong>Camiseta de manga corta gris, 29,95 euros.<\/strong> Muchas veces nos centramos demasiado en prendas que arman nuestros looks, pero nos olvidamos de las m\u00e1s b\u00e1sicas. Esta camiseta es un buen ejemplo. Perfecta para el entretiempo.<\/p>\n<div class=\"v-c-cmp v-c-cmp--s\">\n<div class=\"v-cmp-m \">\n<article class=\"v-a v-a--cmp-m v-c-cmp--m-z\">\n<div class=\"v-a-img-c \">\n<div class=\"v-a-fig\">\n<button class=\"v-a-link\" popovertarget=\"photo-967\"><br \/>\n<img loading=\"lazy\" src=\"http:\/\/cordobainforma.info\/wp-content\/uploads\/2025\/09\/massimo-dutti-lo-ha-vuelto-a-hacer-seis-basicos-que-he-incluido-a-mi-armario-capsula-8.jpg\" class=\"v-a-img\" width=\"650\" height=\"650\" alt=\"Jersey naranja, 59,95 euros.\" data-voc-vtm-id=\"in-text-traffic\"> <\/button><figcaption class=\"v-fc\">\n<span class=\"v-fc__t\"><br \/>\nJersey naranja, 59,95 euros.<br \/>\n<\/span><br \/>\n<\/figcaption><\/div>\n<\/div>\n<div id=\"photo-967\" popover class=\"v-mdl v-mdl--fw\">\n<button class=\"v-x\" popovertarget=\"photo-967\" popovertargetaction=\"hide\"><br \/>\n<span class=\"v-i\"><br \/>\n<svg width=\"24\" height=\"23.996\" viewBox=\"0 0 24 23.996\">\n<path data-name=\"Uni\u00f3n 29\" d=\"M12,14.03,2.031,24,0,21.963,9.968,12,0,2.033,2.031,0,12,9.966,21.969,0,24,2.033,14.032,12,24,21.963,21.969,24Z\" \/>\n<\/svg><br \/>\n<\/span><br \/>\n<\/button><\/p>\n<div class=\"v-mdl__c\">\n<div class=\"v-mdl__w\">\n<img loading=\"lazy\" src=\"http:\/\/cordobainforma.info\/wp-content\/uploads\/2025\/09\/massimo-dutti-lo-ha-vuelto-a-hacer-seis-basicos-que-he-incluido-a-mi-armario-capsula-8.jpg\" class=\"v-mdl__img-z\" width=\"650\" height=\"650\" alt>\n<\/div>\n<\/div>\n<\/div>\n<p><span class=\"v-bdp\"><\/span><br \/>\n<\/article>\n<\/div>\n<\/div>\n<p class=\"voc-paragraph\"><strong>Jersey naranja, 59,95 euros.<\/strong> Teniendo en mente un armario de colores neutros que se ven elegantes y atemporales, esta clase de prendas con tonos llamativos son la pieza extra que a\u00f1ade un toque diferente y a prueba de cualquier escenario. Logrando lo mejor de los dos mundos. Le dar\u00e1s mucho m\u00e1s uso del que imaginas. <\/p>\n<div class=\"v-c-cmp v-c-cmp--t1 \">\n<div class=\"v-cmp-rld v-cmp-rld--2 \">\n<div class=\"v-cnt-m v-cnt-m--m\">\n<div class=\"v-cnt-m__c\">\n<div class=\"v-cnt-m__w v-cnt-m__w--1\">\n<p class=\"v-cnt-m__t\">\nTAMBI\u00c9N TE INTERESA\n<\/p>\n<\/div>\n<\/div>\n<\/div>\n<div class=\"v-g v-g--2-c v-g--bdr-min-xs\">\n<div class=\"v-g__c \">\n<article class=\"v-a v-a--cmp-rld v-a--cmp-rld-2 v-a--p-l\">\n<div class=\"v-a-img-c\">\n<figure class=\"v-a-fig\">\n<a href=\"https:\/\/www.mujerhoy.com\/moda\/no-te-pierdas\/nuevo-massimo-dutti-vestidos-midi-baratos-20240819070812-nt.html#vtm_modulosEngag=mod-rel:moda:noticia:1:cmp:2-not\" class=\"v-a-link\" title=\"Las compras de la semana de Massimo Dutti: de los vestidos de entretiempo m\u00e1s elegantes a las blusas blancas que llevar\u00e1s en septiembre\"><br \/>\n<img loading=\"lazy\" class=\"v-a-img\" src=\"http:\/\/cordobainforma.info\/wp-content\/uploads\/2025\/09\/massimo-dutti-lo-ha-vuelto-a-hacer-seis-basicos-que-he-incluido-a-mi-armario-capsula-9.jpg\" alt=\"Las compras de la semana de Massimo Dutti: de los vestidos de entretiempo m\u00e1s elegantes a las blusas blancas que llevar\u00e1s en septiembre\"><br \/>\n<\/a><br \/>\n<\/figure>\n<\/div>\n<\/article>\n<\/div>\n<div class=\"v-g__c \">\n<article class=\"v-a v-a--cmp-rld v-a--cmp-rld-2 v-a--p-l\">\n<div class=\"v-a-img-c\">\n<figure class=\"v-a-fig\">\n<a href=\"https:\/\/www.mujerhoy.com\/moda\/no-te-pierdas\/novedades-massimo-dutti-vestidos-blancos-verano-20240809081005-nt.html#vtm_modulosEngag=mod-rel:moda:noticia:2:cmp:2-not\" class=\"v-a-link\" title=\"Las novedades de la semana de Massimo Dutti: vestidos midi, bolsos de ante y jers\u00e9is preciosos que adelantan el oto\u00f1o\"><br \/>\n<img loading=\"lazy\" class=\"v-a-img\" src=\"http:\/\/cordobainforma.info\/wp-content\/uploads\/2025\/09\/massimo-dutti-lo-ha-vuelto-a-hacer-seis-basicos-que-he-incluido-a-mi-armario-capsula-10.jpg\" alt=\"Las novedades de la semana de Massimo Dutti: vestidos midi, bolsos de ante y jers\u00e9is preciosos que adelantan el oto\u00f1o\"><br \/>\n<\/a><br \/>\n<\/figure>\n<\/div>\n<\/article>\n<\/div>\n<\/div>\n<\/div>\n<\/div>\n","protected":false},"excerpt":{"rendered":"<p>El oto\u00f1o trae consigo el mismo reto de siempre: vestirse con b\u00e1sicos que funcionen tanto en los \u00faltimos d\u00edas de calor como en los primeros de fr\u00edo. Y aunque puede sonar complicado, es posible. La clave est\u00e1 en contar con piezas vers\u00e1tiles que re\u00fanan lo mejor de ambos mundos en cuanto a frescura y comodidad, [&hellip;]<\/p>\n","protected":false},"author":1,"featured_media":167502,"comment_status":"closed","ping_status":"closed","sticky":false,"template":"","format":"standard","meta":[],"categories":[24],"tags":[],"_links":{"self":[{"href":"http:\/\/cordobainforma.info\/index.php\/wp-json\/wp\/v2\/posts\/167501"}],"collection":[{"href":"http:\/\/cordobainforma.info\/index.php\/wp-json\/wp\/v2\/posts"}],"about":[{"href":"http:\/\/cordobainforma.info\/index.php\/wp-json\/wp\/v2\/types\/post"}],"author":[{"embeddable":true,"href":"http:\/\/cordobainforma.info\/index.php\/wp-json\/wp\/v2\/users\/1"}],"replies":[{"embeddable":true,"href":"http:\/\/cordobainforma.info\/index.php\/wp-json\/wp\/v2\/comments?post=167501"}],"version-history":[{"count":0,"href":"http:\/\/cordobainforma.info\/index.php\/wp-json\/wp\/v2\/posts\/167501\/revisions"}],"wp:featuredmedia":[{"embeddable":true,"href":"http:\/\/cordobainforma.info\/index.php\/wp-json\/wp\/v2\/media\/167502"}],"wp:attachment":[{"href":"http:\/\/cordobainforma.info\/index.php\/wp-json\/wp\/v2\/media?parent=167501"}],"wp:term":[{"taxonomy":"category","embeddable":true,"href":"http:\/\/cordobainforma.info\/index.php\/wp-json\/wp\/v2\/categories?post=167501"},{"taxonomy":"post_tag","embeddable":true,"href":"http:\/\/cordobainforma.info\/index.php\/wp-json\/wp\/v2\/tags?post=167501"}],"curies":[{"name":"wp","href":"https:\/\/api.w.org\/{rel}","templated":true}]}}