{"id":167468,"date":"2025-09-08T10:11:22","date_gmt":"2025-09-08T10:11:22","guid":{"rendered":"http:\/\/cordobainforma.info\/index.php\/2025\/09\/08\/cordoba-martin-llaryora-lanza-la-segunda-edicion-del-programa-empleo-26\/"},"modified":"2025-09-08T10:11:22","modified_gmt":"2025-09-08T10:11:22","slug":"cordoba-martin-llaryora-lanza-la-segunda-edicion-del-programa-empleo-26","status":"publish","type":"post","link":"http:\/\/cordobainforma.info\/index.php\/2025\/09\/08\/cordoba-martin-llaryora-lanza-la-segunda-edicion-del-programa-empleo-26\/","title":{"rendered":"<b>C\u00f3rdoba<\/b>: Mart\u00edn Llaryora lanza la segunda edici\u00f3n del programa Empleo +26"},"content":{"rendered":"<p>Est\u00e1 apuntado a personas que quedaron relegadas del mercado laboral. &quot;Para nosotros, no son n\u00fameros ni una mera estad\u00edstica: son cordobeses y&nbsp;&#8230; <\/p>\n","protected":false},"excerpt":{"rendered":"<p>Est\u00e1 apuntado a personas que quedaron relegadas del mercado laboral. &quot;Para nosotros, no son n\u00fameros ni una mera estad\u00edstica: son cordobeses y&nbsp;&#8230;<\/p>\n","protected":false},"author":1,"featured_media":0,"comment_status":"closed","ping_status":"closed","sticky":false,"template":"","format":"standard","meta":[],"categories":[23],"tags":[],"_links":{"self":[{"href":"http:\/\/cordobainforma.info\/index.php\/wp-json\/wp\/v2\/posts\/167468"}],"collection":[{"href":"http:\/\/cordobainforma.info\/index.php\/wp-json\/wp\/v2\/posts"}],"about":[{"href":"http:\/\/cordobainforma.info\/index.php\/wp-json\/wp\/v2\/types\/post"}],"author":[{"embeddable":true,"href":"http:\/\/cordobainforma.info\/index.php\/wp-json\/wp\/v2\/users\/1"}],"replies":[{"embeddable":true,"href":"http:\/\/cordobainforma.info\/index.php\/wp-json\/wp\/v2\/comments?post=167468"}],"version-history":[{"count":0,"href":"http:\/\/cordobainforma.info\/index.php\/wp-json\/wp\/v2\/posts\/167468\/revisions"}],"wp:attachment":[{"href":"http:\/\/cordobainforma.info\/index.php\/wp-json\/wp\/v2\/media?parent=167468"}],"wp:term":[{"taxonomy":"category","embeddable":true,"href":"http:\/\/cordobainforma.info\/index.php\/wp-json\/wp\/v2\/categories?post=167468"},{"taxonomy":"post_tag","embeddable":true,"href":"http:\/\/cordobainforma.info\/index.php\/wp-json\/wp\/v2\/tags?post=167468"}],"curies":[{"name":"wp","href":"https:\/\/api.w.org\/{rel}","templated":true}]}}