{"id":167429,"date":"2025-09-08T08:01:40","date_gmt":"2025-09-08T08:01:40","guid":{"rendered":"https:\/\/www.clarin.com\/deportes\/jurgen-klinsmann-clarin-gen-sudamericano-expectativa-diablito-echeverri-elogios-luis-diaz-julian-lautaro_0_b72eN1mdlc.html"},"modified":"2025-09-08T08:01:40","modified_gmt":"2025-09-08T08:01:40","slug":"jurgen-klinsmann-con-clarin-el-gen-sudamericano-la-expectativa-por-el-diablito-echeverri-elogios-para-luis-diaz-y-julian-o-lautaro","status":"publish","type":"post","link":"http:\/\/cordobainforma.info\/index.php\/2025\/09\/08\/jurgen-klinsmann-con-clarin-el-gen-sudamericano-la-expectativa-por-el-diablito-echeverri-elogios-para-luis-diaz-y-julian-o-lautaro\/","title":{"rendered":"Jurgen Klinsmann con Clar\u00edn: el gen sudamericano, la expectativa por el &#8216;Diablito&#8217; Echeverri, elogios para Luis D\u00edaz y&#8230; \u00bfJuli\u00e1n o Lautaro?"},"content":{"rendered":"<p><img src=\"http:\/\/cordobainforma.info\/wp-content\/uploads\/2025\/09\/jurgen-klinsmann-con-clarin-el-gen-sudamericano-la-expectativa-por-el-diablito-echeverri-elogios-para-luis-diaz-y-julian-o-lautaro.jpg\"><\/p>\n<div><img src=\"http:\/\/cordobainforma.info\/wp-content\/uploads\/2025\/09\/jurgen-klinsmann-con-clarin-el-gen-sudamericano-la-expectativa-por-el-diablito-echeverri-elogios-para-luis-diaz-y-julian-o-lautaro-2.jpg\" class=\"ff-og-image-inserted\"><\/div>\n<div id=\"element-body-0\" readability=\"64\">\n<p>\u00ab<em>Hubo mucho movimiento en este \u00faltimo mercado de pases y creo que a los jugadores que vienen de Sudam\u00e9rica les ir\u00e1 bien porque en el ecosistema del f\u00fatbol alem\u00e1n todo se resume a c\u00f3mo encajan en el equipo al que van y su rendimiento dentro de la cancha. Los entrenadores se enfocan en la calidad de sus futbolistas y los sudamericanos, especialmente de potencias como Argentina, Brasil, Colombia y tambi\u00e9n Uruguay, no tendr\u00e1n problema porque no necesitan tiempo de adaptaci\u00f3n\u00bb.<\/em><\/p>\n<\/div>\n<div id=\"element-body-1\" readability=\"64\">\n<p>El que le responde a <strong><em>Clar\u00edn <\/em><\/strong>es <strong>Jurgen Klinsmann,<\/strong> alem\u00e1n campe\u00f3n del mundo en Italia 90 y de la Eurocopa de 1996, en una conferencia de prensa impulsada por los organizadores de la <strong>Bundesliga <\/strong>de cara a la temporada que reci\u00e9n comienza. Klinsmann, de 61 a\u00f1os, fue m\u00e1ximo goleador de la liga alemana en la campa\u00f1a 1987-88 visitiendo la camiseta del<strong> VfB Stuttgart<\/strong> que obtuvo un valioso cuarto puesto y luego se alz\u00f3 con el t\u00edtulo nueve a\u00f1os m\u00e1s tarde con el poderoso <strong>Bayern M\u00fanich. <\/strong>Es una voz autorizada.<\/p>\n<\/div>\n<div id=\"element-body-2\" readability=\"62\">\n<p>Las preguntas lo llevan a hablar de los futbolistas sudamericanos y ah\u00ed sorprende al poner sobre la mesa el nombre de <strong>Claudio &#8216;Diablito&#8217; Echeverri,<\/strong> el ex River que fue cedido a pr\u00e9stamo sin opci\u00f3n de compra por el Manchester City. <strong>\u00abTengo muchas ganas de ver a Echeverri. Jug\u00f3 s\u00f3lo 45 minutos en el Mundial de Clubes y estamos entusiasmados por verlo en el Bayer Leverkusen, que tendr\u00e1 una temporada dif\u00edcil porque perdi\u00f3 muchos jugadores\u00bb.<\/strong><\/p>\n<\/div>\n<div id=\"element-body-3\" readability=\"67\">\n<p>\u00bfPodr\u00e1 el Leverkusen, que tambi\u00e9n incorpor\u00f3 al ex Boca<strong> \u2018Equi\u2019 Fern\u00e1ndez,<\/strong> repetir el golpe de hace dos temporadas y levantar nuevamente el trofeo? \u00abEs dif\u00edcil. Es un equipo que sufri\u00f3 muchas bajas, incluida la de su entrenador, Xabi Alonso. Intentar\u00e1n suplir esas salidas, por ejemplo con la llegada de Echeverri, pero ser\u00e1 dif\u00edcil. Ser\u00eda una sorpresa porque el gran candidato es el Bayern M\u00fanich. Creo que un objetivo m\u00e1s realista es apuntar a terminar entre los cuatro primeros\u00bb, se\u00f1al\u00f3.<\/p>\n<\/div>\n<div id=\"element-body-5\" readability=\"66\">\n<p>El \u00faltimo mercado de pases de la Bundesliga, justamente, fue sacudido por el cambio de club de otro sudamericano: <strong>Luis D\u00edaz.<\/strong> El colombiano de 28 a\u00f1os salt\u00f3 de un gigante a otro, de Liverpool a <strong>Bayern M\u00fanich,<\/strong> por <strong>75 millones de euros<\/strong> en lo que fue la sexta compra m\u00e1s cara de un club alem\u00e1n tras las de Harry Kane (95 millones), Renato Sanches, Lucas Hern\u00e1ndez y Xavi Simons (cada uno de ellos tres por 80 millones) y Matthijs de Ligt (77 millones). <\/p>\n<\/div>\n<div id=\"element-body-6\" readability=\"64\">\n<p><strong>\u00abEs un grand\u00edsimo fichaje para el Bayern, justo en la temporada previa a la Copa del Mundo, y tambi\u00e9n una gran noticia para quienes miramos fin de semana tras fin de semana la Bundesliga. <\/strong>Creo que no va a tener ning\u00fan problema de adaptaci\u00f3n porque viene de competir al nivel m\u00e1s alto con Liverpool. Conoce el f\u00fatbol internacional y el lenguaje del vestuario que cambi\u00f3, ya que se habla cada vez m\u00e1s en ingl\u00e9s y tambi\u00e9n un poco en espa\u00f1ol\u00bb, sintetiz\u00f3 Klinsmann.<\/p>\n<\/div>\n<div id=\"element-body-7\" readability=\"62\">\n<p>Luego, agreg\u00f3: \u00abEncajar\u00e1 muy bien por su forma de juego, por sus caracter\u00edsticas dentro de la cancha. <strong>Tiene mucha movilidad y ser\u00e1 un match perfecto con Harry Kane, un 9 de clase mundial. Estoy seguro que le va a ir muy bien\u00bb.<\/strong><\/p>\n<\/div>\n<div id=\"element-body-9\" readability=\"61\">\n<p>Verdugo de la Selecci\u00f3n Argentina en Mundiales como jugador (1990) y tambi\u00e9n como entrenador (2006), el t\u00e9cnico alem\u00e1n dirigi\u00f3 a Mart\u00edn Demichelis y Jos\u00e9 Sosa durante su breve paso por el Bayern M\u00fanich entre 2008 y 2009 y recuerda especialmente a otros dos sudamericanos con los que comparti\u00f3 aquellos a\u00f1os. <\/p>\n<\/div>\n<div id=\"element-body-10\" readability=\"67\">\n<p>\u00abFue un honor entrenar a Lucio y Ze Roberto -dice ante la pregunta de un colega brasile\u00f1o-. Pasaron ya 16 a\u00f1os. Fueron dos ejemplos a seguir porque supieron integrarse r\u00e1pidamente, supieron adaptarse a un estilo de vida totalmente diferente, se entrenaban muy bien, fueron siempre muy profesionales. <strong>Eso significa que en Sudam\u00e9rica hacen un gran trabajo en lo futbol\u00edstico, pero tambi\u00e9n desarrollan a los jugadores para el d\u00eda en que les toque saltar a Europa. <\/strong>Eso cambi\u00f3 en los \u00faltimos 15 o 20 a\u00f1os. No saltan al vac\u00edo, sino que llegan bien preparados\u00bb, reflexion\u00f3 el nacido en G\u00f6ppingen, regi\u00f3n de Stuttgart.<\/p>\n<\/div>\n<div id=\"element-body-11\" readability=\"65\">\n<p>Luego, Klinsmann sorprendi\u00f3 al candidatear a Harry Kane, m\u00e1ximo goleador de las \u00faltimas dos ediciones de la Bundesliga, para el top 3 del Bal\u00f3n de Oro que se entregar\u00e1 el pr\u00f3ximo 22 de septiembre en Par\u00eds. Y eligi\u00f3 entre <strong>Lautaro Mart\u00ednez <\/strong>y <strong>Juli\u00e1n \u00c1lvarez:<\/strong> \u00abJuegan en diferentes ligas y creo que lo est\u00e1n haciendo muy bien. <strong>Obviamente, soy fan de Lautaro porque juega para mi ex equipo, Inter de Mil\u00e1n<\/strong> y me qued\u00f3 con \u00e9l (NdR: jug\u00f3 para el Nerazzurri entre 1989 y 1992)\u00bb.<\/p>\n<\/div>\n<div id=\"element-body-12\" readability=\"67\">\n<p>Luego, se explay\u00f3 al respecto: \u00abMe gusta ver y analizar a los delanteros porque yo jugu\u00e9 en esa posici\u00f3n. Cada uno tiene su estilo. Harry Kane tiene su estilo, Lautaro tiene su estilo y Juli\u00e1n lo mismo. Tuve la suerte de ver a muchos de ellos en el Mundial de Clubes y disfrut\u00e9 de ver sus movimientos, c\u00f3mo se brindan para sus equipos y, obviamente, c\u00f3mo tratan de sacar diferencia marcando goles. La del delantero es una posici\u00f3n \u00fanica porque viven de los goles, quieren marcar en todos los partidos. Eso es lo que hace tan especial a Messi y a Cristiano, que tienen un hambre extraordinaria y nunca se cansar de hacer goles\u00bb.<\/p>\n<\/div>\n","protected":false},"excerpt":{"rendered":"<p>\u00abHubo mucho movimiento en este \u00faltimo mercado de pases y creo que a los jugadores que vienen de Sudam\u00e9rica les ir\u00e1 bien porque en el ecosistema del f\u00fatbol alem\u00e1n todo se resume a c\u00f3mo encajan en el equipo al que van y su rendimiento dentro de la cancha. Los entrenadores se enfocan en la calidad [&hellip;]<\/p>\n","protected":false},"author":1,"featured_media":167430,"comment_status":"closed","ping_status":"closed","sticky":false,"template":"","format":"standard","meta":[],"categories":[20],"tags":[],"_links":{"self":[{"href":"http:\/\/cordobainforma.info\/index.php\/wp-json\/wp\/v2\/posts\/167429"}],"collection":[{"href":"http:\/\/cordobainforma.info\/index.php\/wp-json\/wp\/v2\/posts"}],"about":[{"href":"http:\/\/cordobainforma.info\/index.php\/wp-json\/wp\/v2\/types\/post"}],"author":[{"embeddable":true,"href":"http:\/\/cordobainforma.info\/index.php\/wp-json\/wp\/v2\/users\/1"}],"replies":[{"embeddable":true,"href":"http:\/\/cordobainforma.info\/index.php\/wp-json\/wp\/v2\/comments?post=167429"}],"version-history":[{"count":0,"href":"http:\/\/cordobainforma.info\/index.php\/wp-json\/wp\/v2\/posts\/167429\/revisions"}],"wp:featuredmedia":[{"embeddable":true,"href":"http:\/\/cordobainforma.info\/index.php\/wp-json\/wp\/v2\/media\/167430"}],"wp:attachment":[{"href":"http:\/\/cordobainforma.info\/index.php\/wp-json\/wp\/v2\/media?parent=167429"}],"wp:term":[{"taxonomy":"category","embeddable":true,"href":"http:\/\/cordobainforma.info\/index.php\/wp-json\/wp\/v2\/categories?post=167429"},{"taxonomy":"post_tag","embeddable":true,"href":"http:\/\/cordobainforma.info\/index.php\/wp-json\/wp\/v2\/tags?post=167429"}],"curies":[{"name":"wp","href":"https:\/\/api.w.org\/{rel}","templated":true}]}}