{"id":167427,"date":"2025-09-07T14:21:48","date_gmt":"2025-09-07T14:21:48","guid":{"rendered":"https:\/\/somoscordobeses.com\/2025\/09\/07\/asesino-serial-siete-posibles-victimas-y-cien-muestras-de-sangre-y-restos-oseos\/"},"modified":"2025-09-07T14:21:48","modified_gmt":"2025-09-07T14:21:48","slug":"asesino-serial-siete-posibles-victimas-y-cien-muestras-de-sangre-y-restos-oseos","status":"publish","type":"post","link":"http:\/\/cordobainforma.info\/index.php\/2025\/09\/07\/asesino-serial-siete-posibles-victimas-y-cien-muestras-de-sangre-y-restos-oseos\/","title":{"rendered":"Asesino serial: siete posibles v\u00edctimas y cien muestras de sangre y restos \u00f3seos"},"content":{"rendered":"<div><img src=\"http:\/\/cordobainforma.info\/wp-content\/uploads\/2025\/09\/asesino-serial-siete-posibles-victimas-y-cien-muestras-de-sangre-y-restos-oseos.jpg\" class=\"ff-og-image-inserted\"><\/div>\n<p><strong>Mat\u00edas Jurado<\/strong> aparece en la enciclopedia libre Wikipedia. Lo describen como \u201c<strong>criminal, homicida, convicto y presunto asesino serial argentino<\/strong> que fue arrestado en agosto de 2025 bajo las sospechas de haber cometido por lo menos cinco asesinatos\u201d. Y hasta mencionan sus apodos \u201cEl machetero\u201d \u2013porque testigos recuerdan haberlo visto en la calle con un machete en la mano\u2013 y \u201cEl coleccionista de huesos\u201d, por la cantidad de restos humanos que fueron hallados en su casa de Alto Comedero, en la provincia de Jujuy.<\/p>\n<p>La Justicia le adjudica <strong>dos asesinatos<\/strong>, pero trabaja sobre la hip\u00f3tesis de <strong>cinco posibles v\u00edctimas<\/strong>. Dos ya fueron confirmadas: Jorge Omar Anachuri, de 68 a\u00f1os, y Sergio Alejandro Sosa, de 25. Ambos fueron identificados mediante pruebas gen\u00e9ticas realizadas sobre los restos hallados en el domicilio del acusado. Hay, adem\u00e1s, otros tres desaparecidos cuyas muestras est\u00e1n en proceso de cotejo, y otros dos casos que se incorporaron recientemente al expediente.<\/p>\n<div readability=\"8.5\">\n<p> Esto no les gusta a los autoritarios <\/p>\n<div readability=\"8\">\n<p> El ejercicio del periodismo profesional y cr\u00edtico es un pilar fundamental de la democracia. Por eso molesta a quienes creen ser los due\u00f1os de la verdad. <\/p>\n<\/div>\n<\/div>\n<p><strong>\u201cM\u00e1s de cien muestras\u201d. <\/strong>El fiscal regional <strong>Guillermo Beller<\/strong>, a cargo del caso, describi\u00f3 con crudeza la magnitud de los hallazgos en la casa de Jurado: \u201cSon m\u00e1s de cien las muestras recolectadas desde el primer momento en el que entramos a allanar la casa de \u00e9l hasta el \u00faltimo acto que se hizo en dicha vivienda. Recolectamos hisopados que entendemos que son de sangre, material \u00f3seo, restos de piel, armas y prendas de vestir que pueden ser no solo de \u00e9l, sino tambi\u00e9n de eventuales v\u00edctimas\u201d, cont\u00f3 en declaraciones a Canal 4 de Jujuy. <\/p>\n<p>El funcionario explic\u00f3 que el trabajo incluy\u00f3 la participaci\u00f3n del Equipo Argentino de Antropolog\u00eda Forense (EAAF), que lleg\u00f3 a la provincia para colaborar en las excavaciones y peritajes en el domicilio de Alto Comedero. All\u00ed, en el fondo de la vivienda, un arroyo seco funcionaba como dep\u00f3sito de restos: huesos, pieles y fragmentos trasladados con una carretilla, seg\u00fan reconstruyeron los investigadores del caso.<\/p>\n<p>Aun frente a este escenario, <strong>Jurado no se aparta de su defensa: niega todo.<\/strong> \u201cEn la audiencia imputativa hemos tenido la oportunidad de escucharlo\u2026 \u00c9l sigue refiriendo que es inocente\u201d, se\u00f1al\u00f3 Beller, al remarcar que el acusado ejerci\u00f3 su derecho a declarar, aunque lo hizo para insistir en que no cometi\u00f3 los cr\u00edmenes que se le atribuyen.<\/p>\n<p><strong>El m\u00e9todo y las v\u00edctimas. <\/strong>La hip\u00f3tesis de los pesquisas sostiene que Jurado actuaba con un modus operandi repetido. Los viernes por la noche \u201csal\u00eda de cacer\u00eda\u201d. Buscaba a personas en situaci\u00f3n de vulnerabilidad, muchas veces en espacios asistidos por una ONG que reparte comida en San Salvador de Jujuy. Les ofrec\u00eda alcohol, changas o trabajos en la terminal. Esa falsa promesa era la puerta de entrada a la llamada \u201ccasa del horror\u201d.<\/p>\n<p>All\u00ed, seg\u00fan los fiscales, las somet\u00eda y luego las asesinaba. Despu\u00e9s, <strong>utilizaba herramientas para descuartizar los cuerpos y ocultarlos<\/strong> dentro de la vivienda o en las inmediaciones.<\/p>\n<p>La confirmaci\u00f3n de que Sergio Sosa fue una de sus v\u00edctimas lleg\u00f3 hace apenas d\u00edas, tras un an\u00e1lisis gen\u00e9tico. Su madre, Rosal\u00eda Tocon\u00e1s, expres\u00f3 entre l\u00e1grimas: \u201cEste individuo me quit\u00f3 el derecho de darle a mi hijo un velorio, una cristiana sepultura\u201d.<\/p>\n<p>Supuesto asesino serial en Jujuy: sospechan que le daba de comer a sus perros restos de sus v\u00edctimas<\/p>\n<p><strong>Aislado. <\/strong>Desde su detenci\u00f3n, Jurado permanece alojado en el penal de Gorriti, en un pabell\u00f3n de alta seguridad que funciona como una \u201cminiunidad\u201d dentro del establecimiento. All\u00ed convive con apenas diez internos de alto perfil, sin contacto entre s\u00ed. Cada recluso tiene rutinas diferenciadas, lo que reduce al m\u00ednimo la interacci\u00f3n.<\/p>\n<p>El acusado, que no termin\u00f3 la escuela primaria, present\u00f3 un escrito para no mantener contacto con su familia mientras dure su detenci\u00f3n. La nota fue redactada por un trabajador social del penal y luego firmada por \u00e9l. Solo autoriz\u00f3 visitas de su abogado y de la psic\u00f3loga designada por la Justicia.<\/p>\n<p>La llegada del asesino serial no pas\u00f3 inadvertida entre los internos. Seg\u00fan trascendi\u00f3, su presencia despert\u00f3 temor y comentarios en la poblaci\u00f3n carcelaria por la gravedad de los hechos que se le atribuyen.<\/p>\n<p><strong>Lo que viene. <\/strong>En la \u00faltima audiencia, la fiscal\u00eda ampli\u00f3 la acusaci\u00f3n: ahora pesa sobre Jurado la imputaci\u00f3n de \u201chomicidio agravado por ensa\u00f1amiento, dos hechos\u201d. Pero las pericias contin\u00faan y, de confirmarse la identidad de los restos en estudio, esa cifra podr\u00eda escalar.<\/p>\n<p>El fiscal Beller fue categ\u00f3rico: \u201cCon la cantidad de elementos secuestrados desde el inicio de la investigaci\u00f3n <strong>no descartamos que se pueda vincular a m\u00e1s personas desaparecidas<\/strong>. El caso est\u00e1 lejos de cerrarse\u201d.<\/p>\n<p>As\u00ed, el expediente contra Jurado sigue creciendo, mientras \u00e9l mantiene la misma postura: negarlo todo. Aferrado a su silencio y a una rutina carcelaria marcada por el aislamiento, su figura ya pas\u00f3 a la historia criminal de Jujuy, asociada a la violencia extrema y a una estela de muerte a\u00fan por esclarecer.<\/p>\n<h2><strong>Vigilado las 24 horas<\/strong><\/h2>\n<p>Mat\u00edas Jurado se encuentra bajo un <strong>r\u00e9gimen de vigilancia permanente<\/strong>. Lo controlan las 24 horas del d\u00eda mediante un sistema de videovigilancia, una medida que no es habitual en todos los pabellones del penal de Gorriti y que se aplica solo a internos considerados de m\u00e1xima peligrosidad o de alto perfil p\u00fablico. La celda donde se encuentra est\u00e1 equipada con monitoreo constante, lo que permite registrar cada movimiento y reducir al m\u00ednimo los riesgos de fuga, autolesiones o incidentes con otros presos.<\/p>\n<p>Este control se suma a la <strong>supervisi\u00f3n directa del personal penitenciario<\/strong>, que tiene la orden de registrar y reportar cualquier conducta fuera de lo com\u00fan. El objetivo, explicaron fuentes penitenciarias, es garantizar tanto la seguridad interna como la integridad f\u00edsica del propio Jurado, ya que el caso que lo involucra gener\u00f3 un fuerte impacto social y lo convirti\u00f3 en una figura temida incluso dentro del penal.<\/p>\n<p>Jurado se encuentra en un <strong>pabell\u00f3n de alta seguridad<\/strong>, donde conviven apenas diez internos considerados de alto perfil. All\u00ed no existe contacto directo entre ellos: cada recluso tiene horarios diferenciados para salir al patio, higienizarse o recibir visitas, lo que reduce al m\u00ednimo cualquier interacci\u00f3n.<\/p>\n<p>En ese r\u00e9gimen especial, el homicida tambi\u00e9n tom\u00f3 una decisi\u00f3n llamativa: pidi\u00f3 no mantener contacto con su familia mientras dure su detenci\u00f3n. Solo autoriz\u00f3 las visitas de su abogado defensor.<\/p>\n","protected":false},"excerpt":{"rendered":"<p>Mat\u00edas Jurado aparece en la enciclopedia libre Wikipedia. Lo describen como \u201ccriminal, homicida, convicto y presunto asesino serial argentino que fue arrestado en agosto de 2025 bajo las sospechas de haber cometido por lo menos cinco asesinatos\u201d. Y hasta mencionan sus apodos \u201cEl machetero\u201d \u2013porque testigos recuerdan haberlo visto en la calle con un machete [&hellip;]<\/p>\n","protected":false},"author":1,"featured_media":167428,"comment_status":"closed","ping_status":"closed","sticky":false,"template":"","format":"standard","meta":[],"categories":[2],"tags":[],"_links":{"self":[{"href":"http:\/\/cordobainforma.info\/index.php\/wp-json\/wp\/v2\/posts\/167427"}],"collection":[{"href":"http:\/\/cordobainforma.info\/index.php\/wp-json\/wp\/v2\/posts"}],"about":[{"href":"http:\/\/cordobainforma.info\/index.php\/wp-json\/wp\/v2\/types\/post"}],"author":[{"embeddable":true,"href":"http:\/\/cordobainforma.info\/index.php\/wp-json\/wp\/v2\/users\/1"}],"replies":[{"embeddable":true,"href":"http:\/\/cordobainforma.info\/index.php\/wp-json\/wp\/v2\/comments?post=167427"}],"version-history":[{"count":0,"href":"http:\/\/cordobainforma.info\/index.php\/wp-json\/wp\/v2\/posts\/167427\/revisions"}],"wp:featuredmedia":[{"embeddable":true,"href":"http:\/\/cordobainforma.info\/index.php\/wp-json\/wp\/v2\/media\/167428"}],"wp:attachment":[{"href":"http:\/\/cordobainforma.info\/index.php\/wp-json\/wp\/v2\/media?parent=167427"}],"wp:term":[{"taxonomy":"category","embeddable":true,"href":"http:\/\/cordobainforma.info\/index.php\/wp-json\/wp\/v2\/categories?post=167427"},{"taxonomy":"post_tag","embeddable":true,"href":"http:\/\/cordobainforma.info\/index.php\/wp-json\/wp\/v2\/tags?post=167427"}],"curies":[{"name":"wp","href":"https:\/\/api.w.org\/{rel}","templated":true}]}}