{"id":167425,"date":"2025-09-07T14:38:37","date_gmt":"2025-09-07T14:38:37","guid":{"rendered":"https:\/\/somoscordobeses.com\/2025\/09\/07\/personal-del-duar-asistio-a-un-hombre-que-se-lesiono-en-el-dique-la-quebrada\/"},"modified":"2025-09-07T14:38:37","modified_gmt":"2025-09-07T14:38:37","slug":"personal-del-duar-asistio-a-un-hombre-que-se-lesiono-en-el-dique-la-quebrada","status":"publish","type":"post","link":"http:\/\/cordobainforma.info\/index.php\/2025\/09\/07\/personal-del-duar-asistio-a-un-hombre-que-se-lesiono-en-el-dique-la-quebrada\/","title":{"rendered":"Personal del DUAR asisti\u00f3 a un hombre que se lesion\u00f3 en el dique La Quebrada"},"content":{"rendered":"<div><img src=\"http:\/\/cordobainforma.info\/wp-content\/uploads\/2025\/09\/personal-del-duar-asistio-a-un-hombre-que-se-lesiono-en-el-dique-la-quebrada.jpg\" class=\"ff-og-image-inserted\"><\/div>\n<p>Personal del DUAR rescat\u00f3 a un hombre de 46 a\u00f1os que sufri\u00f3 un golpe en el camino a Colanchanga, en el dique La Quebrada.<\/p>\n<p>El hombre manifest\u00f3 que sent\u00eda un dolor fuerte en la pierna derecha por lo que fue inmovilizado hasta que lleg\u00f3 el servicio m\u00e9dico que lo atendi\u00f3.<\/p>\n<p>Fue trasladado al hospital de Unquillo con diagn\u00f3stico de fractura cerrada en tibia y peron\u00e9.<\/p>\n","protected":false},"excerpt":{"rendered":"<p>Personal del DUAR rescat\u00f3 a un hombre de 46 a\u00f1os que sufri\u00f3 un golpe en el camino a Colanchanga, en el dique La Quebrada. El hombre manifest\u00f3 que sent\u00eda un dolor fuerte en la pierna derecha por lo que fue inmovilizado hasta que lleg\u00f3 el servicio m\u00e9dico que lo atendi\u00f3. Fue trasladado al hospital de [&hellip;]<\/p>\n","protected":false},"author":1,"featured_media":167426,"comment_status":"closed","ping_status":"closed","sticky":false,"template":"","format":"standard","meta":[],"categories":[2],"tags":[],"_links":{"self":[{"href":"http:\/\/cordobainforma.info\/index.php\/wp-json\/wp\/v2\/posts\/167425"}],"collection":[{"href":"http:\/\/cordobainforma.info\/index.php\/wp-json\/wp\/v2\/posts"}],"about":[{"href":"http:\/\/cordobainforma.info\/index.php\/wp-json\/wp\/v2\/types\/post"}],"author":[{"embeddable":true,"href":"http:\/\/cordobainforma.info\/index.php\/wp-json\/wp\/v2\/users\/1"}],"replies":[{"embeddable":true,"href":"http:\/\/cordobainforma.info\/index.php\/wp-json\/wp\/v2\/comments?post=167425"}],"version-history":[{"count":0,"href":"http:\/\/cordobainforma.info\/index.php\/wp-json\/wp\/v2\/posts\/167425\/revisions"}],"wp:featuredmedia":[{"embeddable":true,"href":"http:\/\/cordobainforma.info\/index.php\/wp-json\/wp\/v2\/media\/167426"}],"wp:attachment":[{"href":"http:\/\/cordobainforma.info\/index.php\/wp-json\/wp\/v2\/media?parent=167425"}],"wp:term":[{"taxonomy":"category","embeddable":true,"href":"http:\/\/cordobainforma.info\/index.php\/wp-json\/wp\/v2\/categories?post=167425"},{"taxonomy":"post_tag","embeddable":true,"href":"http:\/\/cordobainforma.info\/index.php\/wp-json\/wp\/v2\/tags?post=167425"}],"curies":[{"name":"wp","href":"https:\/\/api.w.org\/{rel}","templated":true}]}}