{"id":167390,"date":"2025-09-07T14:00:43","date_gmt":"2025-09-07T14:00:43","guid":{"rendered":"http:\/\/cordobainforma.info\/index.php\/2025\/09\/07\/hombre-herido-de-gravedad-tras-un-feroz-ataque-de-oso-en-ee-uu\/"},"modified":"2025-09-07T14:00:43","modified_gmt":"2025-09-07T14:00:43","slug":"hombre-herido-de-gravedad-tras-un-feroz-ataque-de-oso-en-ee-uu","status":"publish","type":"post","link":"http:\/\/cordobainforma.info\/index.php\/2025\/09\/07\/hombre-herido-de-gravedad-tras-un-feroz-ataque-de-oso-en-ee-uu\/","title":{"rendered":"Hombre herido de gravedad tras un feroz ataque de oso en EE.UU."},"content":{"rendered":"<p><img src=\"http:\/\/cordobainforma.info\/wp-content\/uploads\/2025\/09\/hombre-herido-de-gravedad-tras-un-feroz-ataque-de-oso-en-ee-uu.jpg\"><\/p>\n<p>Un&nbsp;estadounidense de 72 a\u00f1os&nbsp;fue atacado por un oso negro en el estado de Arkansas. La v\u00edctima, Vernon Patton, fue trasladada a un hospital en avi\u00f3n debido a las&nbsp;<strong>graves heridas <\/strong>sufridas, explic\u00f3&nbsp;el portavoz de la Comisi\u00f3n de Caza y Pesca de Arkansas, Keith Stephens.<\/p>\n<p>\u00ab<strong>Fue un ataque bastante grave<\/strong>.<strong> Le atacaron en la cara, los brazos y la parte superior del cuerpo<\/strong>\u00ab, <a href=\"https:\/\/www.foxnews.com\/us\/arkansas-man-72-mauled-70-pound-bear-hospitalized-extensive-injuries?intcmp=tw_fnc&amp;taid=68bcfc3adf4f6100018e06f4&amp;utm_campaign=trueanthem&amp;utm_medium=social&amp;utm_source=twitter\" target=\"_blank\" rel=\"noopener noreferrer\">precis\u00f3<\/a> el vocero. Patton fue ingresado en estado cr\u00edtico y sometido a cirug\u00eda, agreg\u00f3 Stephens, precisando que actualmente permanece hospitalizado, pero ya en condici\u00f3n estable.<\/p>\n<div class=\"ReadMore-root Section-root Section-is1to3-xs_is1to1\" data-widgets=\"ReadMore\">\n<div class=\"Section-container Section-isRow-isTop-isWrap\">\n<article class=\"Card-root Card-is1to1 Card-default \">\n<div class=\"Card-imageWrap\">\n<div class=\"Card-picture\"> <picture class=\"Picture-root Picture-default\"><!--[if IE 9]><video style=\"display: none;\"><![endif]--><source media=\"(-webkit-min-device-pixel-ratio: 2) and (min-resolution: 120dpi)\" srcset=\"http:\/\/cordobainforma.info\/wp-content\/uploads\/2025\/09\/hombre-herido-de-gravedad-tras-un-feroz-ataque-de-oso-en-ee-uu-2.jpg 850w, http:\/\/cordobainforma.info\/wp-content\/uploads\/2025\/09\/hombre-herido-de-gravedad-tras-un-feroz-ataque-de-oso-en-ee-uu-3.jpg 1960w\"><source srcset=\"http:\/\/cordobainforma.info\/wp-content\/uploads\/2025\/09\/hombre-herido-de-gravedad-tras-un-feroz-ataque-de-oso-en-ee-uu-2.jpg, https:\/\/actualidad.rt.com\/actualidad\/460, http:\/\/cordobainforma.info\/wp-content\/uploads\/2025\/09\/hombre-herido-de-gravedad-tras-un-feroz-ataque-de-oso-en-ee-uu-3.jpg 980w\"><!--[if IE 9]><\/video><![endif]--><img data-sizes=\"auto\" src=\"http:\/\/cordobainforma.info\/wp-content\/uploads\/2025\/09\/hombre-herido-de-gravedad-tras-un-feroz-ataque-de-oso-en-ee-uu-2.jpg\" class=\"Picture-root Picture-default lazyload\" alt=\"Imagen ilustrativa\"><\/picture><!-- noscript pattern --><noscript><img src=\"http:\/\/cordobainforma.info\/wp-content\/uploads\/2025\/09\/hombre-herido-de-gravedad-tras-un-feroz-ataque-de-oso-en-ee-uu-3.jpg\" alt=\"Imagen ilustrativa\"><\/noscript> <\/div><\/div>\n<\/article><\/div><\/div>\n<h3>\u00bfC\u00f3mo ocurri\u00f3 el ataque?<\/h3>\n<p>Patton estaba trabajando al aire libre cuando apareci\u00f3 el animal. Fue su hijo quien logr\u00f3 ahuyentar al oso, un ejemplar joven de unos 32 kilos, lanz\u00e1ndole piedras. \u00abDe hecho, <strong>se abalanz\u00f3 sobre [el hijo de Patton] una vez<\/strong>\u00bb antes de huir, <a href=\"https:\/\/arktimes.com\/arkansas-blog\/2025\/09\/04\/arkansas-bear-attack-may-be-the-states-first-since-before-the-civil-war\" target=\"_blank\" rel=\"noopener noreferrer\">dijo<\/a> Stephens.<\/p>\n<p>Tras el incidente,&nbsp;los oficiales de Caza y Pesca llegaron al lugar y <strong>sacrificaron al animal<\/strong>, identificado como \u00abun macho de&nbsp;un a\u00f1o\u00bb. Los agentes \u00abvieron al oso en la zona, y no estaba muy lejos de donde se produjo el ataque\u00bb,&nbsp;comunic\u00f3 el vocero. \u00abAs\u00ed que se acercaron, el oso trep\u00f3 a un \u00e1rbol y lo abatieron. [&#8230;] Si un animal ataca a un ser humano, hay que sacrificarlo\u00bb, dijo. \u00ab<strong>No podemos permitir que eso vuelva a suceder<\/strong>\u00ab, precis\u00f3 Stephens, explicando la decisi\u00f3n.&nbsp;<\/p>\n<h3>Un ataque extra\u00f1o<\/h3>\n<p>Los ataques de osos negros a humanos son raros. El \u00faltimo en el estado de Arkansas ocurri\u00f3 <strong>en el siglo XIX<\/strong>, seg\u00fan Stephens.&nbsp;\u00abNo tenemos registros de esa \u00e9poca\u00bb,&nbsp;indic\u00f3&nbsp;el portavoz, pero \u00abhay algunos art\u00edculos period\u00edsticos que hablan de ataques de osos en la d\u00e9cada de 1850. Llevo aqu\u00ed 25 a\u00f1os y no hab\u00edamos tenido ninguno\u00bb, revel\u00f3.<\/p>\n<p>En cuanto a qu\u00e9 pudo haber causado el ataque, Stephens dijo que los guardabosques lo est\u00e1n investigando.&nbsp;\u00abNo hab\u00eda nadie all\u00ed para verlo, as\u00ed que <strong>estamos tratando de reconstruir el misterio<\/strong>\u00ab, concluy\u00f3, agregando que se trata de \u00abla pregunta del mill\u00f3n\u00bb.<\/p>\n","protected":false},"excerpt":{"rendered":"<p>Un&nbsp;estadounidense de 72 a\u00f1os&nbsp;fue atacado por un oso negro en el estado de Arkansas. La v\u00edctima, Vernon Patton, fue trasladada a un hospital en avi\u00f3n debido a las&nbsp;graves heridas sufridas, explic\u00f3&nbsp;el portavoz de la Comisi\u00f3n de Caza y Pesca de Arkansas, Keith Stephens. \u00abFue un ataque bastante grave. Le atacaron en la cara, los brazos [&hellip;]<\/p>\n","protected":false},"author":1,"featured_media":167391,"comment_status":"closed","ping_status":"closed","sticky":false,"template":"","format":"standard","meta":[],"categories":[22],"tags":[],"_links":{"self":[{"href":"http:\/\/cordobainforma.info\/index.php\/wp-json\/wp\/v2\/posts\/167390"}],"collection":[{"href":"http:\/\/cordobainforma.info\/index.php\/wp-json\/wp\/v2\/posts"}],"about":[{"href":"http:\/\/cordobainforma.info\/index.php\/wp-json\/wp\/v2\/types\/post"}],"author":[{"embeddable":true,"href":"http:\/\/cordobainforma.info\/index.php\/wp-json\/wp\/v2\/users\/1"}],"replies":[{"embeddable":true,"href":"http:\/\/cordobainforma.info\/index.php\/wp-json\/wp\/v2\/comments?post=167390"}],"version-history":[{"count":0,"href":"http:\/\/cordobainforma.info\/index.php\/wp-json\/wp\/v2\/posts\/167390\/revisions"}],"wp:featuredmedia":[{"embeddable":true,"href":"http:\/\/cordobainforma.info\/index.php\/wp-json\/wp\/v2\/media\/167391"}],"wp:attachment":[{"href":"http:\/\/cordobainforma.info\/index.php\/wp-json\/wp\/v2\/media?parent=167390"}],"wp:term":[{"taxonomy":"category","embeddable":true,"href":"http:\/\/cordobainforma.info\/index.php\/wp-json\/wp\/v2\/categories?post=167390"},{"taxonomy":"post_tag","embeddable":true,"href":"http:\/\/cordobainforma.info\/index.php\/wp-json\/wp\/v2\/tags?post=167390"}],"curies":[{"name":"wp","href":"https:\/\/api.w.org\/{rel}","templated":true}]}}