{"id":167388,"date":"2025-09-07T14:15:29","date_gmt":"2025-09-07T14:15:29","guid":{"rendered":"http:\/\/cordobainforma.info\/index.php\/2025\/09\/07\/fico-el-presidente-putin-es-un-politico-muy-pragmatico\/"},"modified":"2025-09-07T14:15:29","modified_gmt":"2025-09-07T14:15:29","slug":"fico-el-presidente-putin-es-un-politico-muy-pragmatico","status":"publish","type":"post","link":"http:\/\/cordobainforma.info\/index.php\/2025\/09\/07\/fico-el-presidente-putin-es-un-politico-muy-pragmatico\/","title":{"rendered":"Fico: \u00abEl presidente Putin es un pol\u00edtico muy pragm\u00e1tico\u00bb"},"content":{"rendered":"<div><img src=\"http:\/\/cordobainforma.info\/wp-content\/uploads\/2025\/09\/fico-el-presidente-putin-es-un-politico-muy-pragmatico.jpg\" class=\"ff-og-image-inserted\"><\/div>\n<div class=\"Text-root Text-type_5 ArticleView-text ViewText-root \">\n<p>El primer ministro de Eslovaquia, Robert Fico, afirm\u00f3 que considera al presidente ruso, Vlad\u00edmir Putin, un pol\u00edtico pragm\u00e1tico. \u00abEs un pol\u00edtico muy pragm\u00e1tico y siempre es muy interesante intercambiar opiniones con \u00e9l\u00bb, <a href=\"https:\/\/t.me\/vestiru\/181356\" target=\"_blank\" rel=\"noopener noreferrer\">dijo<\/a> al periodista del&nbsp;canal Rossiya-1 P\u00e1vel&nbsp;Zarubin.<\/p>\n<p>Estas declaraciones surgen tras las <a href=\"https:\/\/actualidad.rt.com\/actualidad\/563306-putin-mantiene-conversaciones-fico\" target=\"_blank\" rel=\"noopener noreferrer\">conversaciones<\/a> bilaterales que ambos l\u00edderes mantuvieron el 2 de septiembre en China, donde Putin y Fico discutieron la posibilidad de estrechar lazos entre sus pa\u00edses.<\/p>\n<\/div>\n","protected":false},"excerpt":{"rendered":"<p>El primer ministro de Eslovaquia, Robert Fico, afirm\u00f3 que considera al presidente ruso, Vlad\u00edmir Putin, un pol\u00edtico pragm\u00e1tico. \u00abEs un pol\u00edtico muy pragm\u00e1tico y siempre es muy interesante intercambiar opiniones con \u00e9l\u00bb, dijo al periodista del&nbsp;canal Rossiya-1 P\u00e1vel&nbsp;Zarubin. Estas declaraciones surgen tras las conversaciones bilaterales que ambos l\u00edderes mantuvieron el 2 de septiembre en China, [&hellip;]<\/p>\n","protected":false},"author":1,"featured_media":167389,"comment_status":"closed","ping_status":"closed","sticky":false,"template":"","format":"standard","meta":[],"categories":[22],"tags":[],"_links":{"self":[{"href":"http:\/\/cordobainforma.info\/index.php\/wp-json\/wp\/v2\/posts\/167388"}],"collection":[{"href":"http:\/\/cordobainforma.info\/index.php\/wp-json\/wp\/v2\/posts"}],"about":[{"href":"http:\/\/cordobainforma.info\/index.php\/wp-json\/wp\/v2\/types\/post"}],"author":[{"embeddable":true,"href":"http:\/\/cordobainforma.info\/index.php\/wp-json\/wp\/v2\/users\/1"}],"replies":[{"embeddable":true,"href":"http:\/\/cordobainforma.info\/index.php\/wp-json\/wp\/v2\/comments?post=167388"}],"version-history":[{"count":0,"href":"http:\/\/cordobainforma.info\/index.php\/wp-json\/wp\/v2\/posts\/167388\/revisions"}],"wp:featuredmedia":[{"embeddable":true,"href":"http:\/\/cordobainforma.info\/index.php\/wp-json\/wp\/v2\/media\/167389"}],"wp:attachment":[{"href":"http:\/\/cordobainforma.info\/index.php\/wp-json\/wp\/v2\/media?parent=167388"}],"wp:term":[{"taxonomy":"category","embeddable":true,"href":"http:\/\/cordobainforma.info\/index.php\/wp-json\/wp\/v2\/categories?post=167388"},{"taxonomy":"post_tag","embeddable":true,"href":"http:\/\/cordobainforma.info\/index.php\/wp-json\/wp\/v2\/tags?post=167388"}],"curies":[{"name":"wp","href":"https:\/\/api.w.org\/{rel}","templated":true}]}}