{"id":167382,"date":"2025-09-07T11:54:38","date_gmt":"2025-09-07T11:54:38","guid":{"rendered":"https:\/\/www.mujerhoy.com\/moda\/no-te-pierdas\/pantalones-barrel-uniqlo-llevar-trabajo-otono-comodos-20250907125728-nt.html"},"modified":"2025-09-07T11:54:38","modified_gmt":"2025-09-07T11:54:38","slug":"los-pantalones-barrel-de-uniqlo-que-voy-a-llevar-al-trabajo-este-otono-comodos-y-con-efecto-piernas-mas-largas","status":"publish","type":"post","link":"http:\/\/cordobainforma.info\/index.php\/2025\/09\/07\/los-pantalones-barrel-de-uniqlo-que-voy-a-llevar-al-trabajo-este-otono-comodos-y-con-efecto-piernas-mas-largas\/","title":{"rendered":"Los pantalones barrel de Uniqlo que voy a llevar al trabajo este oto\u00f1o: c\u00f3modos y con efecto piernas m\u00e1s largas"},"content":{"rendered":"<div class=\"media_block\"><\/div>\n<p><!-- AUTHOR --><\/p>\n<div class=\"voc-author-timesocial \">\n<!-- AUTHOR --><\/p>\n<div class=\"voc-author-timesocial__signature \">\n<!-- IMAGE AUTHOR -->\n<picture class=\"voc-image-signature\">\n<img class=\"voc-image-signature__img\" src=\"http:\/\/cordobainforma.info\/wp-content\/uploads\/2025\/09\/los-pantalones-barrel-de-uniqlo-que-voy-a-llevar-al-trabajo-este-otono-comodos-y-con-efecto-piernas-mas-largas.jpg\" alt=\"Sonia G\u00f3mez\">\n<\/picture>\n<!-- INFO AUTHOR --> <\/div><\/div>\n<p><!-- COMPONENTS --><\/p>\n<p class=\"voc-paragraph\">Ya tenemos las primeras <strong>tendencias que van a marcar el oto\u00f1o<\/strong>, y en materia de pantalones, tambi\u00e9n. Se van a llevar los <a href=\"https:\/\/www.mujerhoy.com\/moda\/tendencias\/vaqueros-camel-jeans-otono-20250901110346-nt.html\" data-voc-vtm-id=\"in-text-traffic\" title=\"jeans de color camel\" data-mrf-link=\"www.mujerhoy.com\">jeans de color camel<\/a> en cuanto al tono, y en cuanto a dise\u00f1o, este es el modelo, junto con los <a href=\"https:\/\/www.mujerhoy.com\/moda\/no-te-pierdas\/como-llevar-pantalones-bombachos-ideas-looks-street-style-20250906145447-nt.html\" data-voc-vtm-id=\"in-text-traffic\" title=\"pantalones bombachos\" data-mrf-link=\"www.mujerhoy.com\">pantalones bombachos<\/a>, que vamos a ver por todas partes: los <strong>pantalones barrel<\/strong>.<\/p>\n<p class=\"voc-paragraph\">A medio camino entre un slouchy y un culotte, los barrel se presentan con una <strong>silueta curva marcada similar a la de un barril<\/strong> -de ah\u00ed su nombre-, que se mantienen ce\u00f1idos en la cintura y el bajo, para generar ese volumen redondeado en las piernas, donde se crea una pernera ancha, ovalada y estilosa con <strong>efecto piernas m\u00e1s largas<\/strong>.<\/p>\n<div class=\"v-c-cmp v-c-cmp--t1 \">\n<div class=\"v-cmp-rld v-cmp-rld--2 \">\n<div class=\"v-cnt-m v-cnt-m--m\">\n<div class=\"v-cnt-m__c\">\n<div class=\"v-cnt-m__w v-cnt-m__w--1\">\n<p class=\"v-cnt-m__t\">\nTAMBI\u00c9N TE INTERESA\n<\/p>\n<\/div>\n<\/div>\n<\/div>\n<div class=\"v-g v-g--2-c v-g--bdr-min-xs\">\n<div class=\"v-g__c \">\n<article class=\"v-a v-a--cmp-rld v-a--cmp-rld-2 v-a--p-l\">\n<div class=\"v-a-img-c\">\n<figure class=\"v-a-fig\">\n<a href=\"https:\/\/www.mujerhoy.com\/moda\/no-te-pierdas\/pantalones-vaqueros-pinzas-fluidos-entretiempo-20250904165452-nt.html#vtm_modulosEngag=mod-rel:moda:noticia:1:cmp:2-not\" class=\"v-a-link\" title=\"Los \u00fanicos vaqueros que importan esta temporada son los que llevan pinzas porque hacen tipazo\"><br \/>\n<img loading=\"lazy\" class=\"v-a-img\" src=\"http:\/\/cordobainforma.info\/wp-content\/uploads\/2025\/09\/los-pantalones-barrel-de-uniqlo-que-voy-a-llevar-al-trabajo-este-otono-comodos-y-con-efecto-piernas-mas-largas-1.jpg\" alt=\"Los \u00fanicos vaqueros que importan esta temporada son los que llevan pinzas porque hacen tipazo\"><br \/>\n<\/a><br \/>\n<\/figure>\n<\/div>\n<\/article>\n<\/div>\n<div class=\"v-g__c \">\n<article class=\"v-a v-a--cmp-rld v-a--cmp-rld-2 v-a--p-l\">\n<div class=\"v-a-img-c\">\n<figure class=\"v-a-fig\">\n<a href=\"https:\/\/www.mujerhoy.com\/moda\/no-te-pierdas\/pantalones-anchos-llevaras-otono-combinarlos-fallar-20250828125332-nt.html#vtm_modulosEngag=mod-rel:moda:noticia:2:cmp:2-not\" class=\"v-a-link\" title=\"Los pantalones anchos que llevar\u00e1s este oto\u00f1o (y c\u00f3mo combinarlos sin fallar)\"><br \/>\n<img loading=\"lazy\" class=\"v-a-img\" src=\"http:\/\/cordobainforma.info\/wp-content\/uploads\/2025\/09\/los-pantalones-barrel-de-uniqlo-que-voy-a-llevar-al-trabajo-este-otono-comodos-y-con-efecto-piernas-mas-largas-2.jpg\" alt=\"Los pantalones anchos que llevar\u00e1s este oto\u00f1o (y c\u00f3mo combinarlos sin fallar)\"><br \/>\n<\/a><br \/>\n<\/figure>\n<\/div>\n<\/article>\n<\/div>\n<\/div>\n<\/div>\n<\/div>\n<p class=\"voc-paragraph\">Son <strong>vers\u00e1tiles<\/strong> ya que combinan con todo, los hay para todos los gustos y estilismos, sientan bien a todos los tipos de cuerpos y alturas, y adem\u00e1s, dejan protagonismo a los zapatos como lo hac\u00edan los pitillos o los jean mom, pero <strong>sin renunciar a la comodidad<\/strong> de un corte ancho con margen de movimiento.<\/p>\n<p><h3 class=\"v-cmp-suh\">\nLos pantalones barrel de Uniqlo para oto\u00f1o<br \/>\n<\/h3>\n<\/p>\n<p class=\"voc-paragraph\">Y s\u00ed, de todas las opciones que hay en las nuevas colecciones de temporada, yo ya he elegido mis favoritos: estos <strong>pantalones barrel de Uniqlo<\/strong> van a ser mis mejores aliados para llevar a diario al trabajo este oto\u00f1o porque te solucionan cualquier look de oficina.<\/p>\n<p class=\"voc-paragraph\">Con un <strong>dise\u00f1o unisex<\/strong> que vas a poder compartir con tu pareja si ten\u00e9is la misma talla, estos pantalones anchos con silueta de barril o barrel leg -bautizados as\u00ed por la marca-, est\u00e1n confeccionados \u00abcon tejido de punto consistente con mezcla de algod\u00f3n, suave en contacto con la piel para que su ajuste resulte c\u00f3modo\u00bb, explican desde Uniqlo.<\/p>\n<div class=\"v-c-cmp \">\n<div class=\"v-cmp-m v-cmp-m--t1\">\n<article class=\"v-a v-a--cmp-m v-c-cmp--m-p\">\n<div class=\"v-a-img-c v-a-img-c--fw-xs\">\n<div class=\"v-a-fig\">\n<div class=\"v-a-link\">\n<img loading=\"lazy\" src=\"http:\/\/cordobainforma.info\/wp-content\/uploads\/2025\/09\/los-pantalones-barrel-de-uniqlo-que-voy-a-llevar-al-trabajo-este-otono-comodos-y-con-efecto-piernas-mas-largas-3.jpg\" class=\"v-a-img\" width=\"650\" height=\"975\" alt data-voc-vtm-id=\"in-text-traffic\">\n<\/div><figcaption class=\"v-fc\">\n<span class=\"v-fc__p\"><br \/>\nUNIQLO<br \/>\n<\/span><br \/>\n<\/figcaption><\/div>\n<\/div>\n<\/article>\n<\/div>\n<\/div>\n<p class=\"voc-paragraph\">Este tejido fluido pero estructurado permite mantener la forma barrel sin perder tampoco la formalidad: son ideales para ir a la oficina m\u00e1s elegante con mocasines y blazer si la ocasi\u00f3n lo requiere, pero tambi\u00e9n se puede combinar en clave casual con zapatillas y sudadera.<\/p>\n<p class=\"voc-paragraph\">En cuanto a otros detalles, es de <strong>tiro alto<\/strong>, por lo que te har\u00e1 ganar unos cent\u00edmetros visualmente de piernas, y lleva trabillas para a\u00f1adirle un cintur\u00f3n, as\u00ed como bolsillos delanteras y traseros con solapa y cierre de bot\u00f3n para darle un toque de personalidad.<\/p>\n<div class=\"v-c-cmp \">\n<div class=\"v-cmp-m v-cmp-m--t1\">\n<article class=\"v-a v-a--cmp-m v-c-cmp--m-p\">\n<div class=\"v-a-img-c v-a-img-c--fw-xs\">\n<div class=\"v-a-fig\">\n<div class=\"v-a-link\">\n<img loading=\"lazy\" src=\"http:\/\/cordobainforma.info\/wp-content\/uploads\/2025\/09\/los-pantalones-barrel-de-uniqlo-que-voy-a-llevar-al-trabajo-este-otono-comodos-y-con-efecto-piernas-mas-largas-4.jpg\" class=\"v-a-img\" width=\"650\" height=\"975\" alt data-voc-vtm-id=\"in-text-traffic\">\n<\/div><figcaption class=\"v-fc\">\n<span class=\"v-fc__p\"><br \/>\nUNIQLO<br \/>\n<\/span><br \/>\n<\/figcaption><\/div>\n<\/div>\n<\/article>\n<\/div>\n<\/div>\n<p class=\"voc-paragraph\">Ademas, est\u00e1n disponibles en <strong>cinco colores neutros<\/strong> (beige, blanco, negro, verde caqui y marino), por lo que son un b\u00e1sico de armario que encajan a la perfecci\u00f3n tanto con colores lisos que se complementen, como con estampados como las rayas, los cuadros vichy o el animal print. Encu\u00e9ntralos en la web de Uniqlo, por <strong>39,99 euros<\/strong> y disponibles en todas las tallas dela XXS a la XXL.<\/p>\n<div class=\"v-c-cmp v-c-cmp--t1 \">\n<div class=\"v-cmp-rld v-cmp-rld--2 \">\n<div class=\"v-cnt-m v-cnt-m--m\">\n<div class=\"v-cnt-m__c\">\n<div class=\"v-cnt-m__w v-cnt-m__w--1\">\n<p class=\"v-cnt-m__t\">\nTAMBI\u00c9N TE INTERESA\n<\/p>\n<\/div>\n<\/div>\n<\/div>\n<div class=\"v-g v-g--2-c v-g--bdr-min-xs\">\n<div class=\"v-g__c \">\n<article class=\"v-a v-a--cmp-rld v-a--cmp-rld-2 v-a--p-l\">\n<div class=\"v-a-img-c\">\n<figure class=\"v-a-fig\">\n<a href=\"https:\/\/www.mujerhoy.com\/moda\/no-te-pierdas\/basicos-parisinos-looks-francesas-20250826161717-nt.html#vtm_modulosEngag=mod-rel:moda:noticia:1:cmp:2-not\" class=\"v-a-link\" title=\"Mis amigas quer\u00edan verse m\u00e1s francesas: seis b\u00e1sicos que les recomend\u00e9 de mi \u00faltimo viaje a Par\u00eds\"><br \/>\n<img loading=\"lazy\" class=\"v-a-img\" src=\"http:\/\/cordobainforma.info\/wp-content\/uploads\/2025\/09\/los-pantalones-barrel-de-uniqlo-que-voy-a-llevar-al-trabajo-este-otono-comodos-y-con-efecto-piernas-mas-largas-5.jpg\" alt=\"Mis amigas quer\u00edan verse m\u00e1s francesas: seis b\u00e1sicos que les recomend\u00e9 de mi \u00faltimo viaje a Par\u00eds\"><br \/>\n<\/a><br \/>\n<\/figure>\n<\/div>\n<\/article>\n<\/div>\n<div class=\"v-g__c \">\n<article class=\"v-a v-a--cmp-rld v-a--cmp-rld-2 v-a--p-l\">\n<div class=\"v-a-img-c\">\n<figure class=\"v-a-fig\">\n<a href=\"https:\/\/www.mujerhoy.com\/moda\/no-te-pierdas\/amalia-holanda-adelanta-otono-gabardina-ante-zapatillas-verdes-20250901113711-nt.html#vtm_modulosEngag=mod-rel:moda:noticia:2:cmp:2-not\" class=\"v-a-link\" title=\"Amalia de Holanda adelanta el oto\u00f1o con una gabardina de ante y las zapatillas verdes m\u00e1s bonitas\"><br \/>\n<img loading=\"lazy\" class=\"v-a-img\" src=\"http:\/\/cordobainforma.info\/wp-content\/uploads\/2025\/09\/los-pantalones-barrel-de-uniqlo-que-voy-a-llevar-al-trabajo-este-otono-comodos-y-con-efecto-piernas-mas-largas-6.jpg\" alt=\"Amalia de Holanda adelanta el oto\u00f1o con una gabardina de ante y las zapatillas verdes m\u00e1s bonitas\"><br \/>\n<\/a><br \/>\n<\/figure>\n<\/div>\n<\/article>\n<\/div>\n<\/div>\n<\/div>\n<\/div>\n","protected":false},"excerpt":{"rendered":"<p>Ya tenemos las primeras tendencias que van a marcar el oto\u00f1o, y en materia de pantalones, tambi\u00e9n. Se van a llevar los jeans de color camel en cuanto al tono, y en cuanto a dise\u00f1o, este es el modelo, junto con los pantalones bombachos, que vamos a ver por todas partes: los pantalones barrel. A [&hellip;]<\/p>\n","protected":false},"author":1,"featured_media":167383,"comment_status":"closed","ping_status":"closed","sticky":false,"template":"","format":"standard","meta":[],"categories":[24],"tags":[],"_links":{"self":[{"href":"http:\/\/cordobainforma.info\/index.php\/wp-json\/wp\/v2\/posts\/167382"}],"collection":[{"href":"http:\/\/cordobainforma.info\/index.php\/wp-json\/wp\/v2\/posts"}],"about":[{"href":"http:\/\/cordobainforma.info\/index.php\/wp-json\/wp\/v2\/types\/post"}],"author":[{"embeddable":true,"href":"http:\/\/cordobainforma.info\/index.php\/wp-json\/wp\/v2\/users\/1"}],"replies":[{"embeddable":true,"href":"http:\/\/cordobainforma.info\/index.php\/wp-json\/wp\/v2\/comments?post=167382"}],"version-history":[{"count":0,"href":"http:\/\/cordobainforma.info\/index.php\/wp-json\/wp\/v2\/posts\/167382\/revisions"}],"wp:featuredmedia":[{"embeddable":true,"href":"http:\/\/cordobainforma.info\/index.php\/wp-json\/wp\/v2\/media\/167383"}],"wp:attachment":[{"href":"http:\/\/cordobainforma.info\/index.php\/wp-json\/wp\/v2\/media?parent=167382"}],"wp:term":[{"taxonomy":"category","embeddable":true,"href":"http:\/\/cordobainforma.info\/index.php\/wp-json\/wp\/v2\/categories?post=167382"},{"taxonomy":"post_tag","embeddable":true,"href":"http:\/\/cordobainforma.info\/index.php\/wp-json\/wp\/v2\/tags?post=167382"}],"curies":[{"name":"wp","href":"https:\/\/api.w.org\/{rel}","templated":true}]}}